{"id":161246,"date":"2025-01-23T08:47:53","date_gmt":"2025-01-23T08:47:53","guid":{"rendered":"https:\/\/puntoapunto.com.ar\/?p=369421"},"modified":"2025-01-23T08:47:53","modified_gmt":"2025-01-23T08:47:53","slug":"economia-2025-crecimiento-salarios-sectores-claves-y-el-desafio-del-cepo-cambiario","status":"publish","type":"post","link":"http:\/\/cordobadirecto.com\/index.php\/2025\/01\/23\/economia-2025-crecimiento-salarios-sectores-claves-y-el-desafio-del-cepo-cambiario\/","title":{"rendered":"Econom\u00eda 2025: crecimiento, salarios, sectores claves y el desaf\u00edo del cepo cambiario"},"content":{"rendered":"<p>&nbsp;<!-- \u00a1O bien no hay banners, estan desactivados o no estan programados para esta ubicaci\u00f3n! -->\n<\/p>\n<p>&nbsp;\n<\/p>\n<p>Concluido un 2024 marcado por profundos ajustes econ\u00f3micos,<strong> el panorama de Argentina comienza a dar se\u00f1ales de estabilizaci\u00f3n.<\/strong> Sin embargo, los desaf\u00edos estructurales y las consecuencias sociales del ajuste plantean interrogantes sobre la sostenibilidad del crecimiento. En este contexto,<strong> la economista Gisela Veritier, realiz\u00f3 un balance de lo que dej\u00f3 el 2024 y las perspectivas de la econom\u00eda durante 2025.<\/strong>\n<\/p>\n<p>\u00ab<strong>El 2024 fue un a\u00f1o de transici\u00f3n, donde se implementaron medidas necesarias, aunque duras, para corregir desequilibrios acumulados por a\u00f1os<\/strong>\u00ab, se\u00f1al\u00f3 Veritier. Con optimismo moderado, explic\u00f3 que el pr\u00f3ximo a\u00f1o presenta oportunidades importantes para sectores clave como la agroindustria, la miner\u00eda y la energ\u00eda, siempre que se logren superar los problemas estructurales que limitan el desarrollo del pa\u00eds.\n<\/p>\n<p><strong>2024: Ajustes profundos para estabilizar la econom\u00eda<\/strong><!-- \u00a1O bien no hay banners, estan desactivados o no estan programados para esta ubicaci\u00f3n! -->\n<\/p>\n<p>Veritier defini\u00f3 el 2024 como un a\u00f1o de<strong> \u00abfuertes ajustes macroecon\u00f3micos\u00bb<\/strong> necesarios para corregir inconsistencias acumuladas durante a\u00f1os. Estas medidas, aunque estabilizadoras, tuvieron un alto costo social y afectaron la econom\u00eda real.<\/p>\n<p><img decoding=\"async\" class=\"aligncenter size-full wp-image-369422\" src=\"http:\/\/cordobadirecto.com\/wp-content\/uploads\/2025\/01\/economia-2025-crecimiento-salarios-sectores-claves-y-el-desafio-del-cepo-cambiario.jpg\" alt width=\"1577\" height=\"1401\" srcset=\"http:\/\/cordobadirecto.com\/wp-content\/uploads\/2025\/01\/economia-2025-crecimiento-salarios-sectores-claves-y-el-desafio-del-cepo-cambiario.jpg 1577w, http:\/\/cordobadirecto.com\/wp-content\/uploads\/2025\/01\/economia-2025-crecimiento-salarios-sectores-claves-y-el-desafio-del-cepo-cambiario-3.jpg 300w, http:\/\/cordobadirecto.com\/wp-content\/uploads\/2025\/01\/economia-2025-crecimiento-salarios-sectores-claves-y-el-desafio-del-cepo-cambiario-4.jpg 1024w, http:\/\/cordobadirecto.com\/wp-content\/uploads\/2025\/01\/economia-2025-crecimiento-salarios-sectores-claves-y-el-desafio-del-cepo-cambiario-5.jpg 768w, http:\/\/cordobadirecto.com\/wp-content\/uploads\/2025\/01\/economia-2025-crecimiento-salarios-sectores-claves-y-el-desafio-del-cepo-cambiario-6.jpg 1536w, http:\/\/cordobadirecto.com\/wp-content\/uploads\/2025\/01\/economia-2025-crecimiento-salarios-sectores-claves-y-el-desafio-del-cepo-cambiario-7.jpg 750w, http:\/\/cordobadirecto.com\/wp-content\/uploads\/2025\/01\/economia-2025-crecimiento-salarios-sectores-claves-y-el-desafio-del-cepo-cambiario-8.jpg 1140w\" sizes=\"(max-width: 1577px) 100vw, 1577px\" loading=\"lazy\">\n<\/p>\n<p><strong>Medidas implementadas:<\/strong>\n<\/p>\n<ul>\n<li><strong>Plan de desinflaci\u00f3n:<\/strong><br \/>Seg\u00fan Veritier, el plan del gobierno se bas\u00f3 en \u00abdos anclas fundamentales: un <a href=\"https:\/\/puntoapunto.com.ar\/de-deficit-a-superavit-como-argentina-revirtio-su-situacion-fiscal-en-2024-y-que-sigue-para-2025\/\">super\u00e1vit<\/a> fiscal alcanzado a fin de a\u00f1o y un tipo de cambio controlado\u00bb. Estas pol\u00edticas lograron reducir la <a href=\"https:\/\/puntoapunto.com.ar\/la-inflacion-subio-al-27-en-diciembre-y-redondeo-un-1178-para-todo-el-2024\/\">inflaci\u00f3n<\/a>, que cerr\u00f3 diciembre en 2,7%, aunque la cifra anual alcanz\u00f3 el 110%.<br \/>\u201cLa desinflaci\u00f3n fue un logro importante, pero el ajuste fiscal y la eliminaci\u00f3n de la emisi\u00f3n monetaria tuvieron un impacto muy fuerte en el consumo y la actividad productiva\u201d, se\u00f1al\u00f3.<\/li>\n<li><strong>Crawling peg:<\/strong><br \/>Despu\u00e9s de una devaluaci\u00f3n inicial en diciembre de 2023, el gobierno implement\u00f3 una estrategia de ajustes mensuales del tipo de cambio en un 2%, muy por debajo de la inflaci\u00f3n. Veritier explic\u00f3 que \u201cesta medida permiti\u00f3 anclar expectativas, pero a costa de una competitividad limitada para los exportadores\u201d.<\/li>\n<li><strong>Reformas estructurales:<\/strong><br \/>La modificaci\u00f3n de la ley de alquileres y una f\u00e9rrea pol\u00edtica fiscal fueron clave para romper la inercia inflacionaria. \u201cSe atacaron problemas de larga data, pero las medidas todav\u00eda no se reflejan en el bolsillo de la gente\u201d, afirm\u00f3.<\/li>\n<\/ul>\n<p><strong>2025: Desaf\u00edos y oportunidades<\/strong>\n<\/p>\n<p>Para este a\u00f1o, <strong>Veritier proyecta un panorama m\u00e1s alentador,<\/strong> con indicadores econ\u00f3micos que anticipan estabilidad y crecimiento. Sin embargo, enfatiz\u00f3 que las restricciones estructurales del pa\u00eds podr\u00edan limitar el progreso si no se abordan de manera efectiva.\n<\/p>\n<p><img decoding=\"async\" class=\"aligncenter size-full wp-image-362183\" src=\"http:\/\/cordobadirecto.com\/wp-content\/uploads\/2025\/01\/economia-2025-crecimiento-salarios-sectores-claves-y-el-desafio-del-cepo-cambiario-1.jpg\" alt width=\"1200\" height=\"630\" srcset=\"http:\/\/cordobadirecto.com\/wp-content\/uploads\/2025\/01\/economia-2025-crecimiento-salarios-sectores-claves-y-el-desafio-del-cepo-cambiario-1.jpg 1200w, http:\/\/cordobadirecto.com\/wp-content\/uploads\/2025\/01\/economia-2025-crecimiento-salarios-sectores-claves-y-el-desafio-del-cepo-cambiario-9.jpg 300w, http:\/\/cordobadirecto.com\/wp-content\/uploads\/2025\/01\/economia-2025-crecimiento-salarios-sectores-claves-y-el-desafio-del-cepo-cambiario-10.jpg 1024w, http:\/\/cordobadirecto.com\/wp-content\/uploads\/2025\/01\/economia-2025-crecimiento-salarios-sectores-claves-y-el-desafio-del-cepo-cambiario-11.jpg 768w, http:\/\/cordobadirecto.com\/wp-content\/uploads\/2025\/01\/economia-2025-crecimiento-salarios-sectores-claves-y-el-desafio-del-cepo-cambiario-12.jpg 750w, http:\/\/cordobadirecto.com\/wp-content\/uploads\/2025\/01\/economia-2025-crecimiento-salarios-sectores-claves-y-el-desafio-del-cepo-cambiario-13.jpg 1140w\" sizes=\"(max-width: 1200px) 100vw, 1200px\" loading=\"lazy\">\n<\/p>\n<p><strong>Proyecciones destacadas:<\/strong>\n<\/p>\n<ul>\n<li><strong>Inflaci\u00f3n y empleo:<\/strong><br \/>El Banco Central estima que la inflaci\u00f3n podr\u00eda cerrar en torno al 25% y que la desocupaci\u00f3n caer\u00eda por debajo del 7%. Para Veritier, esto depender\u00e1 de que \u201cla pol\u00edtica fiscal y monetaria se mantenga en l\u00ednea con el plan de desinflaci\u00f3n actual\u201d.<\/li>\n<li><strong>Sectores din\u00e1micos:<\/strong><br \/>La economista identific\u00f3 la agroindustria, la energ\u00eda y la miner\u00eda como sectores clave para impulsar el crecimiento. <strong>\u201cLitio, cobre, Vaca Muerta y las energ\u00edas renovables ser\u00e1n los grandes protagonistas de la econom\u00eda en 2025<\/strong>\u201d, destac\u00f3.<\/li>\n<li><strong>Reactivaci\u00f3n de la construcci\u00f3n:<\/strong><br \/>Con el retorno del <a href=\"https:\/\/puntoapunto.com.ar\/creditos-hipotecarios-como-son-las-lineas-que-ofrecen-los-bancos-para-comprar-en-pozo\/\">cr\u00e9dito hipotecario<\/a> y la inversi\u00f3n en infraestructura, se espera que el sector recupere dinamismo. Veritier se\u00f1al\u00f3 que \u201cla clave estar\u00e1 en mantener una pol\u00edtica de largo plazo para estimular el desarrollo habitacional y generar empleo\u201d.<\/li>\n<\/ul>\n<p><strong>Desaf\u00edos estructurales:<\/strong>\n<\/p>\n<ul>\n<li><strong>Cepo cambiario:<\/strong><br \/>Uno de los principales obst\u00e1culos es la persistencia de las restricciones cambiarias, derivadas de las reservas negativas del<a href=\"https:\/\/www.bcra.gob.ar\/\"> Banco Central<\/a>. \u201cLevantar el cepo ser\u00e1 posible solo si se logra una convergencia entre la inflaci\u00f3n y la devaluaci\u00f3n, adem\u00e1s de un aumento significativo en las reservas\u201d, asegur\u00f3.<\/li>\n<li><strong>Consumo y poder adquisitivo:<\/strong><br \/>Aunque la inflaci\u00f3n en descenso permitir\u00e1 una paulatina recuperaci\u00f3n del consumo, Veritier advirti\u00f3 que \u201cla p\u00e9rdida de poder adquisitivo acumulada en los \u00faltimos cinco a\u00f1os ha sido brutal. Recuperar el salario real llevar\u00e1 tiempo\u201d.<\/li>\n<\/ul>\n<p><strong>El d\u00f3lar y su impacto en la competitividad<\/strong>\n<\/p>\n<p>El control del tipo de cambio fue un pilar en el plan de desinflaci\u00f3n, pero Veritier alert\u00f3 sobre los riesgos de un d\u00f3lar apreciado. \u201c<strong>El tipo de cambio real multilateral est\u00e1 en niveles similares a los de 1997 y 1999, lo que pone en peligro la competitividad de nuestras exportaciones si no se ajusta adecuadamente<\/strong>\u201d.\n<\/p>\n<p><strong>Clima de negocios e inversiones extranjeras<\/strong>\n<\/p>\n<p>La economista destac\u00f3 la <strong>importancia de atraer capital extranjero para reactivar la econom\u00eda.<\/strong> \u201cArgentina necesita<strong> mantener un riesgo pa\u00eds competitivo, fomentar cr\u00e9ditos productivos y regular la tasa de inter\u00e9s para normalizar el mercado de cr\u00e9dito<\/strong>\u201d, afirm\u00f3. Adem\u00e1s, resalt\u00f3 las negociaciones en curso para atraer empresas de tecnolog\u00eda e inteligencia artificial, aunque reconoci\u00f3 que \u201cla infraestructura digital limitada requiere una inversi\u00f3n significativa para ser competitiva a nivel internacional\u201d.\n<\/p>\n<p><strong>Asunci\u00f3n de Trump y su impacto en Argentina<\/strong>\n<\/p>\n<p><img decoding=\"async\" class=\"aligncenter size-full wp-image-369423\" src=\"http:\/\/cordobadirecto.com\/wp-content\/uploads\/2025\/01\/economia-2025-crecimiento-salarios-sectores-claves-y-el-desafio-del-cepo-cambiario-2.jpg\" alt width=\"1920\" height=\"1080\" srcset=\"http:\/\/cordobadirecto.com\/wp-content\/uploads\/2025\/01\/economia-2025-crecimiento-salarios-sectores-claves-y-el-desafio-del-cepo-cambiario-2.jpg 1920w, http:\/\/cordobadirecto.com\/wp-content\/uploads\/2025\/01\/economia-2025-crecimiento-salarios-sectores-claves-y-el-desafio-del-cepo-cambiario-14.jpg 300w, http:\/\/cordobadirecto.com\/wp-content\/uploads\/2025\/01\/economia-2025-crecimiento-salarios-sectores-claves-y-el-desafio-del-cepo-cambiario-15.jpg 1024w, http:\/\/cordobadirecto.com\/wp-content\/uploads\/2025\/01\/economia-2025-crecimiento-salarios-sectores-claves-y-el-desafio-del-cepo-cambiario-16.jpg 768w, http:\/\/cordobadirecto.com\/wp-content\/uploads\/2025\/01\/economia-2025-crecimiento-salarios-sectores-claves-y-el-desafio-del-cepo-cambiario-17.jpg 1536w, http:\/\/cordobadirecto.com\/wp-content\/uploads\/2025\/01\/economia-2025-crecimiento-salarios-sectores-claves-y-el-desafio-del-cepo-cambiario-18.jpg 750w, http:\/\/cordobadirecto.com\/wp-content\/uploads\/2025\/01\/economia-2025-crecimiento-salarios-sectores-claves-y-el-desafio-del-cepo-cambiario-19.jpg 1140w\" sizes=\"(max-width: 1920px) 100vw, 1920px\" loading=\"lazy\">\n<\/p>\n<p>La llegada de Donald Trump a la presidencia de Estados Unidos genera incertidumbre para las econom\u00edas emergentes, pero Veritier considera que<strong> podr\u00eda ser una oportunidad para Argentina.<\/strong> \u201cSi el gobierno argentino logra mantener buenas relaciones, podr\u00edamos obtener fondos frescos del FMI y fomentar inversiones norteamericanas en sectores estrat\u00e9gicos\u201d, indic\u00f3.\n<\/p>\n<p>Finalmente<strong> s<\/strong>e mostr\u00f3 cautelosamente optimista sobre el futuro econ\u00f3mico del pa\u00eds. \u201c<strong>El 2025 tiene el potencial de ser un a\u00f1o de reactivaci\u00f3n econ\u00f3mica, siempre y cuando se mantengan las condiciones actuales y se aborden los desaf\u00edos estructurales\u201d<\/strong>. Seg\u00fan la economista, la combinaci\u00f3n de un control de la inflaci\u00f3n, un tipo de cambio estable y pol\u00edticas econ\u00f3micas prudentes ser\u00e1 clave para consolidar la recuperaci\u00f3n y mejorar el bienestar de los argentinos\n<\/p>\n<div class=\"g g-38\">\n<div class=\"g-dyn a-12 c-1\"><a class=\"gofollow\" data-track=\"MTIsMzgsMSw2MA==\" href=\"https:\/\/hospitalprivado.com.ar\/blog\/institucional\/somos-la-primera-institucion-del-interior-del-pais-en-acreditar-joint-commission-international.html\" target=\"_blank\" rel=\"noopener\"><img src=\"http:\/\/cordobadirecto.com\/wp-content\/uploads\/2025\/01\/economia-2025-crecimiento-salarios-sectores-claves-y-el-desafio-del-cepo-cambiario.gif\" loading=\"lazy\"><\/a><\/div>\n<\/div>\n","protected":false},"excerpt":{"rendered":"<p>&nbsp; &nbsp; Concluido un 2024 marcado por profundos ajustes econ\u00f3micos, el panorama de Argentina comienza a dar se\u00f1ales de estabilizaci\u00f3n. Sin embargo, los desaf\u00edos estructurales y las consecuencias sociales del ajuste plantean interrogantes sobre la sostenibilidad del crecimiento. En este contexto, la economista Gisela Veritier, realiz\u00f3 un balance de lo que dej\u00f3 el 2024 y [&hellip;]<\/p>\n","protected":false},"author":1,"featured_media":161247,"comment_status":"closed","ping_status":"closed","sticky":false,"template":"","format":"standard","meta":[],"categories":[25],"tags":[],"_links":{"self":[{"href":"http:\/\/cordobadirecto.com\/index.php\/wp-json\/wp\/v2\/posts\/161246"}],"collection":[{"href":"http:\/\/cordobadirecto.com\/index.php\/wp-json\/wp\/v2\/posts"}],"about":[{"href":"http:\/\/cordobadirecto.com\/index.php\/wp-json\/wp\/v2\/types\/post"}],"author":[{"embeddable":true,"href":"http:\/\/cordobadirecto.com\/index.php\/wp-json\/wp\/v2\/users\/1"}],"replies":[{"embeddable":true,"href":"http:\/\/cordobadirecto.com\/index.php\/wp-json\/wp\/v2\/comments?post=161246"}],"version-history":[{"count":0,"href":"http:\/\/cordobadirecto.com\/index.php\/wp-json\/wp\/v2\/posts\/161246\/revisions"}],"wp:featuredmedia":[{"embeddable":true,"href":"http:\/\/cordobadirecto.com\/index.php\/wp-json\/wp\/v2\/media\/161247"}],"wp:attachment":[{"href":"http:\/\/cordobadirecto.com\/index.php\/wp-json\/wp\/v2\/media?parent=161246"}],"wp:term":[{"taxonomy":"category","embeddable":true,"href":"http:\/\/cordobadirecto.com\/index.php\/wp-json\/wp\/v2\/categories?post=161246"},{"taxonomy":"post_tag","embeddable":true,"href":"http:\/\/cordobadirecto.com\/index.php\/wp-json\/wp\/v2\/tags?post=161246"}],"curies":[{"name":"wp","href":"https:\/\/api.w.org\/{rel}","templated":true}]}}