{"id":161251,"date":"2025-01-22T17:50:04","date_gmt":"2025-01-22T17:50:04","guid":{"rendered":"https:\/\/cordoba.gob.ar\/?p=69788"},"modified":"2025-01-22T17:50:04","modified_gmt":"2025-01-22T17:50:04","slug":"el-ano-mas-caluroso-de-la-historia-asisti-a-esta-charla-y-mas-actividades-en-la-universidad-libre-del-ambiente","status":"publish","type":"post","link":"http:\/\/cordobadirecto.com\/index.php\/2025\/01\/22\/el-ano-mas-caluroso-de-la-historia-asisti-a-esta-charla-y-mas-actividades-en-la-universidad-libre-del-ambiente\/","title":{"rendered":"\u201cEl a\u00f1o m\u00e1s caluroso de la historia\u201d: asist\u00ed a esta charla y m\u00e1s actividades en la Universidad Libre del Ambiente"},"content":{"rendered":"<div><img src=\"http:\/\/cordobadirecto.com\/wp-content\/uploads\/2025\/01\/el-ano-mas-caluroso-de-la-historia-asisti-a-esta-charla-y-mas-actividades-en-la-universidad-libre-del-ambiente.png\" class=\"ff-og-image-inserted\"><\/div>\n<ul>\n<li><strong><strong>Habr\u00e1 instancias educativas gratuitas durante todo el mes de enero en esta instituci\u00f3n educativa municipal.<\/strong><\/strong><br \/>\n<hr>\n<\/li>\n<\/ul>\n<p>La Municipalidad de C\u00f3rdoba invita a una serie de actividades para terminar el mes de enero con nuevas propuestas educativas y recreativas en distintos formatos.<\/p>\n<p>Como cada jueves, los d\u00edas 23 y 30 de enero, se realizar\u00e1n encuentros del ciclo \u201cMates a la sombra: conversaciones ambientales en verano\u201d. Esta propuesta invita a la gente a reflexionar sobre diversos temas colectivamente. Las reuniones tienen lugar en la sede de la ULA a partir de las 9:30 horas.<\/p>\n<p>Tambi\u00e9n habr\u00e1 un Taller de Huerta para Infancias, destinado a los m\u00e1s peque\u00f1os, el s\u00e1bado 25 de enero a las 10:00 horas, en el campus de la ULA. Los ni\u00f1os aprender\u00e1n sobre la siembra, cultivo y cosecha, h\u00e1bitos de alimentaci\u00f3n saludables y se llevar\u00e1n una maceta lista a su casa.<\/p>\n<p>Adem\u00e1s, tendr\u00e1 lugar la charla \u201c2024: El a\u00f1o m\u00e1s caluroso de la historia: \u00bfQu\u00e9 futuro nos espera?\u201d. Se trata de un webinar que tendr\u00e1 lugar el martes 28 a las 10:30 horas. Estar\u00e1 a cargo del especialista en cambio clim\u00e1tico Gabo Petrone.<\/p>\n<p>La Caminata de recolecci\u00f3n de semillas nativas ser\u00e1 el mi\u00e9rcoles 29, desde las 9:00 horas. Los vecinos est\u00e1n invitados a asistir a la Reserva Natural Urbana San Mart\u00edn para aprender sobre la diversidad de nuestro bosque.<\/p>\n<p>Las inscripciones para todas estas actividades son gratuitas y ya est\u00e1n disponibles en este enlace (<a href=\"http:\/\/linktr.ee\/ula.cordoba\">linktr.ee\/ula.cordoba<\/a>).<\/p>\n","protected":false},"excerpt":{"rendered":"<p>Habr\u00e1 instancias educativas gratuitas durante todo el mes de enero en esta instituci\u00f3n educativa municipal. La Municipalidad de C\u00f3rdoba invita a una serie de actividades para terminar el mes de enero con nuevas propuestas educativas y recreativas en distintos formatos. Como cada jueves, los d\u00edas 23 y 30 de enero, se realizar\u00e1n encuentros del ciclo [&hellip;]<\/p>\n","protected":false},"author":1,"featured_media":161252,"comment_status":"closed","ping_status":"closed","sticky":false,"template":"","format":"standard","meta":[],"categories":[44],"tags":[],"_links":{"self":[{"href":"http:\/\/cordobadirecto.com\/index.php\/wp-json\/wp\/v2\/posts\/161251"}],"collection":[{"href":"http:\/\/cordobadirecto.com\/index.php\/wp-json\/wp\/v2\/posts"}],"about":[{"href":"http:\/\/cordobadirecto.com\/index.php\/wp-json\/wp\/v2\/types\/post"}],"author":[{"embeddable":true,"href":"http:\/\/cordobadirecto.com\/index.php\/wp-json\/wp\/v2\/users\/1"}],"replies":[{"embeddable":true,"href":"http:\/\/cordobadirecto.com\/index.php\/wp-json\/wp\/v2\/comments?post=161251"}],"version-history":[{"count":0,"href":"http:\/\/cordobadirecto.com\/index.php\/wp-json\/wp\/v2\/posts\/161251\/revisions"}],"wp:featuredmedia":[{"embeddable":true,"href":"http:\/\/cordobadirecto.com\/index.php\/wp-json\/wp\/v2\/media\/161252"}],"wp:attachment":[{"href":"http:\/\/cordobadirecto.com\/index.php\/wp-json\/wp\/v2\/media?parent=161251"}],"wp:term":[{"taxonomy":"category","embeddable":true,"href":"http:\/\/cordobadirecto.com\/index.php\/wp-json\/wp\/v2\/categories?post=161251"},{"taxonomy":"post_tag","embeddable":true,"href":"http:\/\/cordobadirecto.com\/index.php\/wp-json\/wp\/v2\/tags?post=161251"}],"curies":[{"name":"wp","href":"https:\/\/api.w.org\/{rel}","templated":true}]}}