{"id":161254,"date":"2025-01-23T19:58:29","date_gmt":"2025-01-23T19:58:29","guid":{"rendered":"https:\/\/es.digitaltrends.com\/?p=1054444"},"modified":"2025-01-23T19:58:29","modified_gmt":"2025-01-23T19:58:29","slug":"primer-vistazo-de-milly-alcock-como-kara-zor-el-de-supergirl","status":"publish","type":"post","link":"http:\/\/cordobadirecto.com\/index.php\/2025\/01\/23\/primer-vistazo-de-milly-alcock-como-kara-zor-el-de-supergirl\/","title":{"rendered":"Primer vistazo de Milly Alcock como Kara Zor-El de Supergirl"},"content":{"rendered":"<div><img src=\"http:\/\/cordobadirecto.com\/wp-content\/uploads\/2025\/01\/primer-vistazo-de-milly-alcock-como-kara-zor-el-de-supergirl.jpg\" class=\"ff-og-image-inserted\"><\/div>\n<p>El codirector&nbsp;de DC Studios, <a href=\"https:\/\/es.digitaltrends.com\/entretenimiento\/james-gunn-primera-imagen-superman-krypto-superperro\/\"><strong>James Gunn<\/strong><\/a>, est\u00e1 celebrando el comienzo de la filmaci\u00f3n de <a href=\"https:\/\/es.digitaltrends.com\/entretenimiento\/supergirl-milly-alcock-house-of-the-dragon\/\"><em><strong>Supergirl<\/strong><\/em><\/a>, y para eso comparti\u00f3 las primeras im\u00e1genes en el set de grabaci\u00f3n de la estrella de <a href=\"https:\/\/es.digitaltrends.com\/entretenimiento\/house-of-the-dragon-cuarta-temporada-final-anunciado\/\"><em><strong>House of The Dragon<\/strong><\/em><\/a>, Milly Alcock, en el papel de Kara-Zor-El.<\/p>\n<p>El cineasta acudi\u00f3 a las redes sociales para compartir una foto teaser:<\/p>\n<div class=\"b-connatix b-connatix--video\" id=\"dt-cnx-container-6792a0e459ba0\">\n<div class=\"b-connatix__label\"> Recommended Videos <\/div>\n<div class=\"b-connatix__container\"> <\/div>\n<\/div>\n<p>\u00abEmocionado de ver las c\u00e1maras rodar en Warner Bros. Studios Leavesden en&nbsp;<em>Supergirl<\/em>, con Craig Gillespie a la cabeza y la fenomenal Milly Alcock como nuestra Kara Zor-El\u00bb,&nbsp;<a href=\"https:\/\/x.com\/JamesGunn\/status\/1882497537606570354\" target=\"_blank\" rel=\"noreferrer noopener nofollow\">comparti\u00f3 Gunn en X<\/a>, la plataforma de microblogging anteriormente conocida como Twitter. \u00abCraig aporta una sensibilidad incre\u00edble a esta historia, y Milly es cada cent\u00edmetro de la #Supergirl \u00fanica imaginada por Tom King, Bilquis Evely y Ana Nogueira\u00bb.<\/p>\n<blockquote class=\"h-lazy-embed\" data-width=\"500\" data-dnt=\"true\" data-initial-classes=\"twitter-tweet\" data-embed-name=\"twitter\" data-sdk-src=\"\/\/platform.twitter.com\/widgets.js\">\n<p lang=\"en\" dir=\"ltr\">Thrilled to see cameras roll at Warner Bros. Studios Leavesden on&nbsp;Supergirl, with Craig Gillespie at the helm and the phenomenal Milly Alcock as our Kara Zor-El.&nbsp;Craig brings an incredible sensibility to this story, and Milly is every inch the unique <a href=\"https:\/\/twitter.com\/hashtag\/Supergirl?src=hash&amp;amp;ref_src=twsrc%5Etfw\">#Supergirl<\/a> envisioned by&nbsp;Tom\u2026 <a href=\"https:\/\/t.co\/za9Tr8Vryr\">pic.twitter.com\/za9Tr8Vryr<\/a><\/p>\n<p>&amp;mdash; James Gunn (@JamesGunn) <a href=\"https:\/\/twitter.com\/JamesGunn\/status\/1882497537606570354?ref_src=twsrc%5Etfw\">January 23, 2025<\/a><\/p>\n<\/blockquote>\n<p>La pel\u00edcula de DC Studios est\u00e1 basada en la serie de c\u00f3mics de 2022 de Tom King, Supergirl: Woman of Tomorrow, que ilustr\u00f3 Bilquis Evely. En ese c\u00f3mic, el malo es Krem de la Colina Amarilla, que mata al padre de una joven alien\u00edgena. Ella arrastra a Supergirl al conflicto. Knolle es una guerrera noble y honorable que viaja a trav\u00e9s de la galaxia con Supergirl para cazar a Krem por matar a su padre a sangre fr\u00eda.<\/p>\n<p> <span id=\"publisher-md\" itemprop=\"publisher\" itemscope itemtype=\"https:\/\/schema.org\/Organization\"> <span itemprop=\"url\" itemtype=\"https:\/\/schema.org\/Url\" content=\"https:\/\/es.digitaltrends.com\"> <span itemprop=\"logo\" itemscope itemtype=\"https:\/\/schema.org\/ImageObject\"> <meta itemprop=\"url\" content=\"https:\/\/cdn.dtcn.com\/dt\/dt-logo-small.png\"> <meta itemprop=\"width\" content=\"0\"> <meta itemprop=\"height\" content=\"0\"> <\/span> <meta itemprop=\"name\" content=\"Digital Trends Espa\u00f1ol\"> <\/span> <span itemprop=\"image\" itemscope itemtype=\"https:\/\/schema.org\/ImageObject\"> <meta itemprop=\"url\" content=\"https:\/\/es.digitaltrends.com\/wp-content\/uploads\/2025\/01\/Milly-Alcock.jpg?p=1\"> <\/span> <\/span> <\/p>\n","protected":false},"excerpt":{"rendered":"<p>El codirector&nbsp;de DC Studios, James Gunn, est\u00e1 celebrando el comienzo de la filmaci\u00f3n de Supergirl, y para eso comparti\u00f3 las primeras im\u00e1genes en el set de grabaci\u00f3n de la estrella de House of The Dragon, Milly Alcock, en el papel de Kara-Zor-El. El cineasta acudi\u00f3 a las redes sociales para compartir una foto teaser: Recommended [&hellip;]<\/p>\n","protected":false},"author":1,"featured_media":161255,"comment_status":"closed","ping_status":"closed","sticky":false,"template":"","format":"standard","meta":[],"categories":[18],"tags":[],"_links":{"self":[{"href":"http:\/\/cordobadirecto.com\/index.php\/wp-json\/wp\/v2\/posts\/161254"}],"collection":[{"href":"http:\/\/cordobadirecto.com\/index.php\/wp-json\/wp\/v2\/posts"}],"about":[{"href":"http:\/\/cordobadirecto.com\/index.php\/wp-json\/wp\/v2\/types\/post"}],"author":[{"embeddable":true,"href":"http:\/\/cordobadirecto.com\/index.php\/wp-json\/wp\/v2\/users\/1"}],"replies":[{"embeddable":true,"href":"http:\/\/cordobadirecto.com\/index.php\/wp-json\/wp\/v2\/comments?post=161254"}],"version-history":[{"count":0,"href":"http:\/\/cordobadirecto.com\/index.php\/wp-json\/wp\/v2\/posts\/161254\/revisions"}],"wp:featuredmedia":[{"embeddable":true,"href":"http:\/\/cordobadirecto.com\/index.php\/wp-json\/wp\/v2\/media\/161255"}],"wp:attachment":[{"href":"http:\/\/cordobadirecto.com\/index.php\/wp-json\/wp\/v2\/media?parent=161254"}],"wp:term":[{"taxonomy":"category","embeddable":true,"href":"http:\/\/cordobadirecto.com\/index.php\/wp-json\/wp\/v2\/categories?post=161254"},{"taxonomy":"post_tag","embeddable":true,"href":"http:\/\/cordobadirecto.com\/index.php\/wp-json\/wp\/v2\/tags?post=161254"}],"curies":[{"name":"wp","href":"https:\/\/api.w.org\/{rel}","templated":true}]}}