{"id":161258,"date":"2025-01-23T20:11:39","date_gmt":"2025-01-23T20:11:39","guid":{"rendered":"https:\/\/cordoba.gob.ar\/?p=70227"},"modified":"2025-01-23T20:11:39","modified_gmt":"2025-01-23T20:11:39","slug":"sabado-especial-en-homenaje-al-cura-brochero","status":"publish","type":"post","link":"http:\/\/cordobadirecto.com\/index.php\/2025\/01\/23\/sabado-especial-en-homenaje-al-cura-brochero\/","title":{"rendered":"S\u00e1bado especial en homenaje al Cura Brochero"},"content":{"rendered":"<div><img src=\"http:\/\/cordobadirecto.com\/wp-content\/uploads\/2025\/01\/sabado-especial-en-homenaje-al-cura-brochero.jpg\" class=\"ff-og-image-inserted\"><\/div>\n<ul>\n<li><strong>Un circuito asombroso que invita a conocer los diferentes rincones donde el cura gaucho dej\u00f3 sus huellas.<\/strong><\/li>\n<li><strong><strong>La visita guiada libre y gratuita comienza a las 11 en la Oficina de Informaci\u00f3n Tur\u00edstica Cabildo (Independencia 30).<\/strong><\/strong><br \/>\n<hr>\n<\/li>\n<\/ul>\n<p>Ser\u00e1 este s\u00e1bado 25, en v\u00edspera del 111\u00ba aniversario de su fallecimiento, una fecha especial para revivir el paso por la capital cordobesa y los diferentes hitos que marcaron la vida de San Jos\u00e9 Gabriel del Rosario Brochero.<\/p>\n<p>La visita guiada \u201cEl paso del cura Brochero por la ciudad de C\u00f3rdoba\u201d es con acceso libre y gratuito, a partir de las 11 en la Oficina de Informaci\u00f3n Tur\u00edstica Cabildo (Independencia 30).<\/p>\n<p>El circuito incluye espacios representativos de la ciudad como la Plazoleta del Fundador, all\u00ed se puede contemplar la esplendorosa escultura de Brochero realizada por el artista Julio Incardona.<\/p>\n<p>Otro punto destacado es la Manzana Jesu\u00edtica, espec\u00edficamente el antiguo claustro universitario en el que el joven Brochero curs\u00f3 sus estudios.<\/p>\n<p>Y la \u00faltima parada es en la Catedral, donde el sacerdote celebr\u00f3 su primera misa y donde hoy se conserva una reliquia suya, testimonio perceptible de su legado espiritual.<\/p>\n<p><strong>El legado del Cura Brochero, s\u00edmbolo de solidaridad y servicio.<\/strong><\/p>\n<p>Jos\u00e9 Gabriel del Rosario Brochero naci\u00f3 en 1840 y dedic\u00f3 su vida a los m\u00e1s necesitados. Su fallecimiento en 1914 dej\u00f3 una profunda huella en la iglesia argentina, y fue canonizado por el Papa Francisco en 2016. Desde entonces, se profundiz\u00f3 su figura como un s\u00edmbolo de esperanza y de Fe para C\u00f3rdoba y el pa\u00eds.<\/p>\n","protected":false},"excerpt":{"rendered":"<p>Un circuito asombroso que invita a conocer los diferentes rincones donde el cura gaucho dej\u00f3 sus huellas. La visita guiada libre y gratuita comienza a las 11 en la Oficina de Informaci\u00f3n Tur\u00edstica Cabildo (Independencia 30). Ser\u00e1 este s\u00e1bado 25, en v\u00edspera del 111\u00ba aniversario de su fallecimiento, una fecha especial para revivir el paso [&hellip;]<\/p>\n","protected":false},"author":1,"featured_media":161259,"comment_status":"closed","ping_status":"closed","sticky":false,"template":"","format":"standard","meta":[],"categories":[44],"tags":[],"_links":{"self":[{"href":"http:\/\/cordobadirecto.com\/index.php\/wp-json\/wp\/v2\/posts\/161258"}],"collection":[{"href":"http:\/\/cordobadirecto.com\/index.php\/wp-json\/wp\/v2\/posts"}],"about":[{"href":"http:\/\/cordobadirecto.com\/index.php\/wp-json\/wp\/v2\/types\/post"}],"author":[{"embeddable":true,"href":"http:\/\/cordobadirecto.com\/index.php\/wp-json\/wp\/v2\/users\/1"}],"replies":[{"embeddable":true,"href":"http:\/\/cordobadirecto.com\/index.php\/wp-json\/wp\/v2\/comments?post=161258"}],"version-history":[{"count":0,"href":"http:\/\/cordobadirecto.com\/index.php\/wp-json\/wp\/v2\/posts\/161258\/revisions"}],"wp:featuredmedia":[{"embeddable":true,"href":"http:\/\/cordobadirecto.com\/index.php\/wp-json\/wp\/v2\/media\/161259"}],"wp:attachment":[{"href":"http:\/\/cordobadirecto.com\/index.php\/wp-json\/wp\/v2\/media?parent=161258"}],"wp:term":[{"taxonomy":"category","embeddable":true,"href":"http:\/\/cordobadirecto.com\/index.php\/wp-json\/wp\/v2\/categories?post=161258"},{"taxonomy":"post_tag","embeddable":true,"href":"http:\/\/cordobadirecto.com\/index.php\/wp-json\/wp\/v2\/tags?post=161258"}],"curies":[{"name":"wp","href":"https:\/\/api.w.org\/{rel}","templated":true}]}}