{"id":161280,"date":"2025-01-23T20:18:01","date_gmt":"2025-01-23T20:18:01","guid":{"rendered":"https:\/\/www.ole.com.ar\/autos\/nicolas-varrone-24-horas-daytona-transmision-horarios_0_posLyJj630.html"},"modified":"2025-01-23T20:18:01","modified_gmt":"2025-01-23T20:18:01","slug":"24-horas-de-daytona-como-le-fue-a-varrone-en-la-clasificacion-y-cuando-es-la-carrera","status":"publish","type":"post","link":"http:\/\/cordobadirecto.com\/index.php\/2025\/01\/23\/24-horas-de-daytona-como-le-fue-a-varrone-en-la-clasificacion-y-cuando-es-la-carrera\/","title":{"rendered":"24 Horas de Daytona: c\u00f3mo le fue a Varrone en la clasificaci\u00f3n y cu\u00e1ndo es la carrera"},"content":{"rendered":"<p><span class=\"createDate\">23\/01\/2025 17:18hs.<\/span><time class=\"modificatedDate\" datetime=\"2025-01-23T17:24:45-03:00\"> Actualizado al 23\/01\/2025 17:24hs.<\/time><\/p>\n<div id=\"storyBody\">\n<div class=\"custom-text \" readability=\"38.457831325301\">\n<p>La edici\u00f3n N\u00b0 63 de las<strong> 24 Horas de Daytona<\/strong> se llevar\u00e1 a cabo del 23 al 25 de enero, con una parrilla de salida compuesta por 61 veh\u00edculos, entre los que se destacan dos pilotos argentinos. Los representantes nacionales ser\u00e1n <strong><a href=\"https:\/\/www.ole.com.ar\/tema\/nicolas-varrone.html\" title=\"Nicol\u00e1s Varrone\" alt=\"Nicol\u00e1s Varrone\" class=\"slug\">Nicol\u00e1s Varrone<\/a><\/strong>, quien competir\u00e1 en la categor\u00eda<strong> GTD Pro con el equipo Corvette Racing<\/strong> de Pratt Miller, y <strong>Luis P\u00e9rez Companc<\/strong>, quien correr\u00e1 en<strong> LMP2 con la escuder\u00eda PECOM Racing<\/strong>.<\/p>\n<\/div>\n<div class=\"custom-text \" readability=\"40\">\n<p>Durante la <strong>primera sesi\u00f3n de pruebas <\/strong>en <strong>Daytona<\/strong>, el <strong>Corvette<\/strong> finaliz\u00f3 en la <strong>sexta posici\u00f3n<\/strong> dentro de su categor\u00eda, a pesar de que ni <strong>Tommy Milner <\/strong>ni <strong>Varrone<\/strong> participaron en este primer ensayo. El neerland\u00e9s <strong>Nicky Catsburg<\/strong>, encargado de la conducci\u00f3n, registr\u00f3 un tiempo de <strong>1m48s034 <\/strong>tras completar un total de 25 vueltas al circuito. Por otro lado, <strong>P\u00e9rez Companc <\/strong>alcanz\u00f3 el <strong>cuarto puesto<\/strong> en la categor\u00eda LMP2.<\/p>\n<\/div>\n<div class=\"sc-e7b891c4-0 ifHnQL image-embed\"><img alt=\"Nico Varrone junto a Tommy Milner y Nicky Catsburg, sus compa\u00f1eros para el 24 horas de Daytona.\" loading=\"lazy\" width=\"720\" height=\"100\" decoding=\"async\" data-nimg=\"1\" src=\"http:\/\/cordobadirecto.com\/wp-content\/uploads\/2025\/01\/24-horas-de-daytona-como-le-fue-a-varrone-en-la-clasificacion-y-cuando-es-la-carrera.jpg\"><span class=\"epigraphe\">Nico Varrone junto a Tommy Milner y Nicky Catsburg, sus compa\u00f1eros para el 24 horas de Daytona.<\/span><\/div>\n<div class=\"custom-text \" readability=\"43\">\n<p>Luego, el auto n\u00famero 4, en el que compiten Varrone, Milner y Catsburg, logr\u00f3 ubicarse en la <strong>6ta posici\u00f3n durante la sesi\u00f3n de clasificaci\u00f3n<\/strong>, con un tiempo de 1m46s445, para la esperada carrera del s\u00e1bado en la categor\u00eda GTD Pro. A pesar de la intensa competencia y las exigentes condiciones de la pista en Daytona, el equipo mostr\u00f3 un <strong>rendimiento s\u00f3lido<\/strong>, que les permitir\u00e1 luchar a sus pilotos por las posiciones de vanguardia en la prueba de resistencia.<\/p>\n<\/div>\n<p><h2><strong>C\u00f3mo sigue y d\u00f3nde ver la carrera de las 24 horas de Daytona<\/strong><\/h2>\n<\/p>\n<div class=\"custom-text \" readability=\"36\">\n<p>La acci\u00f3n, que ya arranc\u00f3 este jueves con la primera pr\u00e1ctica y la clasificaci\u00f3n, continuar\u00e1 con el segundo ensayo a las 20.30 (hora argentina). La competencia ser\u00e1 transmitida en vivo por <strong>IMSA Official a trav\u00e9s de YouTube.<\/strong><\/p>\n<\/div>\n<div class=\"custom-text \">\n<p><strong>Jueves 23:<\/strong><\/p>\n<ul>\n<li>Pr\u00e1ctica 2: 20:30 hs. (hora arg)<\/li>\n<\/ul>\n<\/div>\n<div class=\"custom-text \">\n<p><strong>Viernes 24: <\/strong><\/p>\n<ul>\n<li>Pr\u00e1ctica 3: 13:20 hs. (hora arg)<\/li>\n<\/ul>\n<\/div>\n<div class=\"custom-text \">\n<p><strong>S\u00e1bado 25: <\/strong><\/p>\n<ul>\n<li>Inicio de la carrera: 15:40 hs. (hora arg)<\/li>\n<\/ul>\n<\/div>\n<div class=\"sc-e7b891c4-0 ifHnQL image-embed\"><img alt=\"Varrone en su Corvette buscar\u00e1 el podio en las 24 horas de Daytona.\" loading=\"lazy\" width=\"720\" height=\"100\" decoding=\"async\" data-nimg=\"1\" src=\"http:\/\/cordobadirecto.com\/wp-content\/uploads\/2025\/01\/24-horas-de-daytona-como-le-fue-a-varrone-en-la-clasificacion-y-cuando-es-la-carrera-1.jpg\"><span class=\"epigraphe\">Varrone en su Corvette buscar\u00e1 el podio en las 24 horas de Daytona.<\/span><\/div>\n<div class=\"sc-a7166897-0 eoLsBE\" readability=\"6\">\n<section readability=\"2\"><picture><img alt=\"Nicol\u00e1s Varrone le volvi\u00f3 a abrir la puerta a la F\u00f3rmula 2\" loading=\"lazy\" width=\"290\" height=\"290\" decoding=\"async\" data-nimg=\"1\" src=\"http:\/\/cordobadirecto.com\/wp-content\/uploads\/2025\/01\/24-horas-de-daytona-como-le-fue-a-varrone-en-la-clasificacion-y-cuando-es-la-carrera-2.jpg\"><\/picture>\n<p><span>Mir\u00e1 tambi\u00e9n<\/span><\/p>\n<hr>\n<h3>Nicol\u00e1s Varrone le volvi\u00f3 a abrir la puerta a la F\u00f3rmula 2<\/h3>\n<\/p>\n<\/section>\n<\/div>\n<div class=\"sc-a7166897-0 eoLsBE\" readability=\"6.5\">\n<section readability=\"3\"><picture><img alt=\"Sin lugar en la F\u00f3rmula 2, Nicol\u00e1s Varrone correr\u00e1 en otra importante categor\u00eda \" loading=\"lazy\" width=\"290\" height=\"290\" decoding=\"async\" data-nimg=\"1\" src=\"http:\/\/cordobadirecto.com\/wp-content\/uploads\/2025\/01\/24-horas-de-daytona-como-le-fue-a-varrone-en-la-clasificacion-y-cuando-es-la-carrera-3.jpg\"><\/picture>\n<p><span>Mir\u00e1 tambi\u00e9n<\/span><\/p>\n<hr>\n<h3>Sin lugar en la F\u00f3rmula 2, Nicol\u00e1s Varrone correr\u00e1 en otra importante categor\u00eda <\/h3>\n<\/p>\n<\/section>\n<\/div>\n<\/div>\n","protected":false},"excerpt":{"rendered":"<p>23\/01\/2025 17:18hs. Actualizado al 23\/01\/2025 17:24hs. La edici\u00f3n N\u00b0 63 de las 24 Horas de Daytona se llevar\u00e1 a cabo del 23 al 25 de enero, con una parrilla de salida compuesta por 61 veh\u00edculos, entre los que se destacan dos pilotos argentinos. Los representantes nacionales ser\u00e1n Nicol\u00e1s Varrone, quien competir\u00e1 en la categor\u00eda GTD [&hellip;]<\/p>\n","protected":false},"author":1,"featured_media":161281,"comment_status":"closed","ping_status":"closed","sticky":false,"template":"","format":"standard","meta":[],"categories":[21],"tags":[],"_links":{"self":[{"href":"http:\/\/cordobadirecto.com\/index.php\/wp-json\/wp\/v2\/posts\/161280"}],"collection":[{"href":"http:\/\/cordobadirecto.com\/index.php\/wp-json\/wp\/v2\/posts"}],"about":[{"href":"http:\/\/cordobadirecto.com\/index.php\/wp-json\/wp\/v2\/types\/post"}],"author":[{"embeddable":true,"href":"http:\/\/cordobadirecto.com\/index.php\/wp-json\/wp\/v2\/users\/1"}],"replies":[{"embeddable":true,"href":"http:\/\/cordobadirecto.com\/index.php\/wp-json\/wp\/v2\/comments?post=161280"}],"version-history":[{"count":0,"href":"http:\/\/cordobadirecto.com\/index.php\/wp-json\/wp\/v2\/posts\/161280\/revisions"}],"wp:featuredmedia":[{"embeddable":true,"href":"http:\/\/cordobadirecto.com\/index.php\/wp-json\/wp\/v2\/media\/161281"}],"wp:attachment":[{"href":"http:\/\/cordobadirecto.com\/index.php\/wp-json\/wp\/v2\/media?parent=161280"}],"wp:term":[{"taxonomy":"category","embeddable":true,"href":"http:\/\/cordobadirecto.com\/index.php\/wp-json\/wp\/v2\/categories?post=161280"},{"taxonomy":"post_tag","embeddable":true,"href":"http:\/\/cordobadirecto.com\/index.php\/wp-json\/wp\/v2\/tags?post=161280"}],"curies":[{"name":"wp","href":"https:\/\/api.w.org\/{rel}","templated":true}]}}