{"id":161282,"date":"2025-01-23T19:41:44","date_gmt":"2025-01-23T19:41:44","guid":{"rendered":"https:\/\/www.ole.com.ar\/autos\/dijo-franco-colapinto-primer-dia-simulador-alpine_0_MGTIzTF1dj.html"},"modified":"2025-01-23T19:41:44","modified_gmt":"2025-01-23T19:41:44","slug":"video-que-dijo-colapinto-despues-de-manejar-por-primera-vez-en-la-sede-de-alpine","status":"publish","type":"post","link":"http:\/\/cordobadirecto.com\/index.php\/2025\/01\/23\/video-que-dijo-colapinto-despues-de-manejar-por-primera-vez-en-la-sede-de-alpine\/","title":{"rendered":"Video: qu\u00e9 dijo Colapinto despu\u00e9s de manejar por primera vez en la sede de Alpine"},"content":{"rendered":"<p><span class=\"createDate\">23\/01\/2025 16:41hs.<\/span><time class=\"modificatedDate\" datetime=\"2025-01-23T16:44:38-03:00\"> Actualizado al 23\/01\/2025 16:44hs.<\/time><\/p>\n<div id=\"storyBody\">\n<div class=\"custom-text \" readability=\"37.191304347826\">\n<p>Una de las virtudes que destacan a <strong><a href=\"https:\/\/www.ole.com.ar\/tema\/franco-colapinto.html\" title=\"Franco Colapinto\" alt=\"Franco Colapinto\" class=\"slug\">Franco Colapinto<\/a><\/strong> es su capacidad de manejo y aprendizaje en el simulador, auto virtual en el que los pilotos pasan m\u00e1s horas que en el real, y no solo aprenden circuitos sino el funcionamiento del auto con cuatro ruedas que despu\u00e9s manejar\u00e1n. <strong>Pues bien, en su primer d\u00eda en Alpine, Fran ya tuvo su estreno<\/strong>.<\/p>\n<\/div>\n<div class=\"custom-text \" readability=\"40\">\n<p>Adem\u00e1s de conocer la sede que la escuder\u00eda tiene en la ciudad de Estone, Inglaterra, y presentarse ante el plantel de trabajo, <strong>Colapinto ya puso manos a la obra<\/strong>, o sea, manej\u00f3 el auto. En su forma virtual, claro.<\/p>\n<\/div>\n<div class=\"sc-e7b891c4-0 ifHnQL image-embed\"><img alt=\"Colapinto ya prob\u00f3 el simulador de Alpine. (Prensa Alpine)\" loading=\"lazy\" width=\"720\" height=\"100\" decoding=\"async\" data-nimg=\"1\" src=\"http:\/\/cordobadirecto.com\/wp-content\/uploads\/2025\/01\/video-que-dijo-colapinto-despues-de-manejar-por-primera-vez-en-la-sede-de-alpine.jpg\"><span class=\"epigraphe\">Colapinto ya prob\u00f3 el simulador de Alpine. (Prensa Alpine)<\/span><\/div>\n<div class=\"custom-text \" readability=\"36\">\n<p>Y como para que sea realmente una tarea en serio, hasta el casco se puso. El primero que le toc\u00f3 en suerte en el equipo del cual arrancar\u00e1 como piloto de reserva es blanco, apenas <strong>con una inscripci\u00f3n de Alpine<\/strong>.<\/p>\n<\/div>\n<div class=\"custom-text \" readability=\"41\">\n<p>Despu\u00e9s de la experiencia, el piloto de 21 a\u00f1os cont\u00f3: &#8220;Estuve en el simulador hoy de Alpine, primera vez manejando un auto de este equipo. Obviamente en una simulaci\u00f3n, pero <strong>es una forma de entender un poco m\u00e1s c\u00f3mo funciona el auto, el balance, el setup<\/strong>. Empezar a entender un poco el volante, las cosas con las que los pilotos podemos jugar arriba del auto. As\u00ed que estoy muy contento con el d\u00eda de hoy&#8221;.<\/p>\n<\/div>\n<div class=\"custom-text \">\n<blockquote><p>Estoy muy contento con el d\u00eda de hoy.<\/p><\/blockquote>\n<\/div>\n<div class=\"sc-e7b891c4-0 ifHnQL image-embed\"><img alt=\"As\u00ed lleg\u00f3 Colapinto a la sede de Alpine.\" loading=\"lazy\" width=\"720\" height=\"100\" decoding=\"async\" data-nimg=\"1\" src=\"http:\/\/cordobadirecto.com\/wp-content\/uploads\/2025\/01\/video-que-dijo-colapinto-despues-de-manejar-por-primera-vez-en-la-sede-de-alpine-1.jpg\"><span class=\"epigraphe\">As\u00ed lleg\u00f3 Colapinto a la sede de Alpine.<\/span><\/div>\n<div class=\"custom-text \" readability=\"39\">\n<p>Esto reci\u00e9n empieza para Colapinto, pero ya un poco de &#8220;manija&#8221; le agarr\u00f3: &#8220;Obviamente <strong>hay mucho para aprender,<\/strong> mucho por entender, pero es un gran comienzo en este nuevo equipo, tengo muchas ganas de seguir por este camino. Esto reci\u00e9n empieza pero estoy muy motivado y con ganas de volver pronto&#8221;.<\/p>\n<\/div>\n<p><h2>Qu\u00e9 sigue en la carrera de Colapinto con Alpine<\/h2>\n<\/p>\n<div class=\"custom-text \" readability=\"37\">\n<p>Los d\u00edas que faltan de enero y los que vienen en febrero, ser\u00e1n para aclimatarse a su nuevo equipo. No solo al auto, sino a las comunicaciones y el feedback que tendr\u00e1 con los ingenieros y el director deportivo, <strong>Oliver Oakes.<\/strong><\/p>\n<\/div>\n<div class=\"custom-text \" readability=\"40\">\n<p>Ya en marzo (quiz\u00e1 fines de febrero), despu\u00e9s de la presentaci\u00f3n oficial del 18 del segundo mes del a\u00f1o, Colapa se subir\u00e1 al auto para ya manejarlo en pista. El argentino ser\u00e1 parte del programa de <strong>Pruebas de Autos Anteriores (TPC)<\/strong>, en el que tanto los pilotos de reserva como los titulares puedan realizar testeos con autos que tengan al menos dos a\u00f1os de antig\u00fcedad respecto a la temporada en curso. Esta iniciativa, sobre todo, le permite a las escuder\u00edas preparar a j\u00f3venes talentos.<\/p>\n<\/div>\n<div class=\"sc-e7b891c4-0 ifHnQL image-embed\"><img alt=\"Colapinto, en la base de Enstone.\" loading=\"lazy\" width=\"720\" height=\"100\" decoding=\"async\" data-nimg=\"1\" src=\"http:\/\/cordobadirecto.com\/wp-content\/uploads\/2025\/01\/video-que-dijo-colapinto-despues-de-manejar-por-primera-vez-en-la-sede-de-alpine-2.jpg\"><span class=\"epigraphe\">Colapinto, en la base de Enstone.<\/span><\/div>\n<div class=\"custom-text \" readability=\"34\">\n<p>Debido a la limitaci\u00f3n de tiempo para realizar tests con los coches actuales, estas pruebas generan a los pilotos adaptarse a los procesos internos del equipo y ganar experiencia valiosa.<\/p>\n<\/div>\n<div class=\"custom-text \" readability=\"37\">\n<p>En la F\u00f3rmula 1, las TPC tienen restricciones espec\u00edficas para este a\u00f1o. Los pilotos novatos o aquellos que no compiten en el torneo pueden participar en un m\u00e1ximo de 20 d\u00edas de pruebas al a\u00f1o. Por otro lado, los pilotos que ya est\u00e1n en la parrilla pueden realizar pruebas con coches <strong>de al menos dos a\u00f1os de antig\u00fcedad con un l\u00edmite de 1.000 kil\u00f3metros totales en cuatro d\u00edas<\/strong>.<\/p>\n<\/div>\n<div class=\"sc-734b4696-1 kFfZtB\" readability=\"6\">\n<div class=\"sc-d00d9e74-0 hnHYbk\" type=\"embed\">\n<div class=\"sc-d00d9e74-1 iKVbz videoText\" id=\"contentTitleembedOYJaPgGy\" type=\"embed\"><svg fill=\"#ffffff\"><symbol id=\"play\" viewBox=\"0 0 512 512\"><path d=\"M512 256C512 397.4 397.4 512 256 512C114.6 512 0 397.4 0 256C0 114.6 114.6 0 256 0C397.4 0 512 114.6 512 256zM176 168V344C176 352.7 180.7 360.7 188.3 364.9C195.8 369.2 205.1 369 212.5 364.5L356.5 276.5C363.6 272.1 368 264.4 368 256C368 247.6 363.6 239.9 356.5 235.5L212.5 147.5C205.1 142.1 195.8 142.8 188.3 147.1C180.7 151.3 176 159.3 176 168V168z\" \/><\/symbol><use xlink:href=\"#play\" \/><\/svg><\/p>\n<div class=\"right\">\n<p>Franco Colapinto<!-- --> &#8211; <span>&nbsp;<\/span><\/p>\n<h2 class=\"title-vid\">Qu\u00e9 dijo Colapinto tras bajarse del simulador<\/h2>\n<\/div>\n<\/div>\n<p><span class=\"back\" id=\"spanBackembedOYJaPgGy\"><\/span><\/div>\n<div class=\"JWvideoNota_title\" readability=\"7\">\n<p>El piloto argentino ya manej\u00f3 un auto virtual de Alpine.<\/p>\n<\/div>\n<\/div>\n<div class=\"custom-text \" readability=\"36\">\n<p>Adem\u00e1s, se establecen normativas espec\u00edficas para los circuitos de pruebas. Solo se permiten pruebas en trazados que hayan sido parte del calendario de la temporada actual o anterior. <strong>Est\u00e1 prohibido hacer pruebas en circuitos en los que tenga lugar una carrera en los siguientes 60 d\u00edas<\/strong> o en aquellos que hayan sido modificados en altos rasgos recientemente con el fin de evitar ventajas para las escuder\u00edas que las practican.<\/p>\n<\/div>\n<div class=\"sc-a7166897-0 eoLsBE\" readability=\"6\">\n<section readability=\"2\"><picture><img alt=\"As\u00ed es la &quot;nave&quot; que Alpine le dio a Franco Colapinto para se maneje\" loading=\"lazy\" width=\"290\" height=\"290\" decoding=\"async\" data-nimg=\"1\" src=\"http:\/\/cordobadirecto.com\/wp-content\/uploads\/2025\/01\/video-que-dijo-colapinto-despues-de-manejar-por-primera-vez-en-la-sede-de-alpine-3.jpg\"><\/picture>\n<p><span>Mir\u00e1 tambi\u00e9n<\/span><\/p>\n<hr>\n<h3>As\u00ed es la &#8220;nave&#8221; que Alpine le dio a Franco Colapinto para se maneje<\/h3>\n<\/p>\n<\/section>\n<\/div>\n<div class=\"sc-a7166897-0 eoLsBE\" readability=\"7\">\n<section readability=\"4\"><picture><img alt=\"Colapinto en Alpine, d\u00eda 1: reuni\u00f3n con Briatore, simulador y m\u00e1s\" loading=\"lazy\" width=\"290\" height=\"290\" decoding=\"async\" data-nimg=\"1\" src=\"http:\/\/cordobadirecto.com\/wp-content\/uploads\/2025\/01\/video-que-dijo-colapinto-despues-de-manejar-por-primera-vez-en-la-sede-de-alpine-4.jpg\"><\/picture>\n<p><span>Mir\u00e1 tambi\u00e9n<\/span><\/p>\n<hr>\n<h3>Colapinto en Alpine, d\u00eda 1: reuni\u00f3n con Briatore, simulador y m\u00e1s<\/h3>\n<\/p>\n<\/section>\n<\/div>\n<div class=\"sc-a7166897-0 eoLsBE\" readability=\"6.5\">\n<section readability=\"3\"><picture><img alt=\"El sue\u00f1o F1 est\u00e1 en marcha: Franco Colapinto conoci\u00f3 la f\u00e1brica de Alpine y le dieron la bienvenida en redes\" loading=\"lazy\" width=\"290\" height=\"290\" decoding=\"async\" data-nimg=\"1\" src=\"http:\/\/cordobadirecto.com\/wp-content\/uploads\/2025\/01\/video-que-dijo-colapinto-despues-de-manejar-por-primera-vez-en-la-sede-de-alpine-5.jpg\"><\/picture>\n<p><span>Mir\u00e1 tambi\u00e9n<\/span><\/p>\n<hr>\n<h3>El sue\u00f1o F1 est\u00e1 en marcha: Franco Colapinto conoci\u00f3 la f\u00e1brica de Alpine y le dieron la bienvenida en redes<\/h3>\n<\/p>\n<\/section>\n<\/div>\n<\/div>\n","protected":false},"excerpt":{"rendered":"<p>23\/01\/2025 16:41hs. Actualizado al 23\/01\/2025 16:44hs. Una de las virtudes que destacan a Franco Colapinto es su capacidad de manejo y aprendizaje en el simulador, auto virtual en el que los pilotos pasan m\u00e1s horas que en el real, y no solo aprenden circuitos sino el funcionamiento del auto con cuatro ruedas que despu\u00e9s manejar\u00e1n. [&hellip;]<\/p>\n","protected":false},"author":1,"featured_media":161283,"comment_status":"closed","ping_status":"closed","sticky":false,"template":"","format":"standard","meta":[],"categories":[21],"tags":[],"_links":{"self":[{"href":"http:\/\/cordobadirecto.com\/index.php\/wp-json\/wp\/v2\/posts\/161282"}],"collection":[{"href":"http:\/\/cordobadirecto.com\/index.php\/wp-json\/wp\/v2\/posts"}],"about":[{"href":"http:\/\/cordobadirecto.com\/index.php\/wp-json\/wp\/v2\/types\/post"}],"author":[{"embeddable":true,"href":"http:\/\/cordobadirecto.com\/index.php\/wp-json\/wp\/v2\/users\/1"}],"replies":[{"embeddable":true,"href":"http:\/\/cordobadirecto.com\/index.php\/wp-json\/wp\/v2\/comments?post=161282"}],"version-history":[{"count":0,"href":"http:\/\/cordobadirecto.com\/index.php\/wp-json\/wp\/v2\/posts\/161282\/revisions"}],"wp:featuredmedia":[{"embeddable":true,"href":"http:\/\/cordobadirecto.com\/index.php\/wp-json\/wp\/v2\/media\/161283"}],"wp:attachment":[{"href":"http:\/\/cordobadirecto.com\/index.php\/wp-json\/wp\/v2\/media?parent=161282"}],"wp:term":[{"taxonomy":"category","embeddable":true,"href":"http:\/\/cordobadirecto.com\/index.php\/wp-json\/wp\/v2\/categories?post=161282"},{"taxonomy":"post_tag","embeddable":true,"href":"http:\/\/cordobadirecto.com\/index.php\/wp-json\/wp\/v2\/tags?post=161282"}],"curies":[{"name":"wp","href":"https:\/\/api.w.org\/{rel}","templated":true}]}}