{"id":161284,"date":"2025-01-24T06:21:17","date_gmt":"2025-01-24T06:21:17","guid":{"rendered":"https:\/\/www.ole.com.ar\/futbol-ascenso\/ascenso-primera-nacional-quilmes-talleres-libertadores-puzzo-alfonso_0_PVKAlfHOPH.html"},"modified":"2025-01-24T06:21:17","modified_gmt":"2025-01-24T06:21:17","slug":"las-dos-joyas-de-quilmes-que-jugaran-la-libertadores-2025","status":"publish","type":"post","link":"http:\/\/cordobadirecto.com\/index.php\/2025\/01\/24\/las-dos-joyas-de-quilmes-que-jugaran-la-libertadores-2025\/","title":{"rendered":"Las dos joyas de Quilmes que jugar\u00e1n la Libertadores 2025"},"content":{"rendered":"<p><time class=\"createDate\" datetime=\"2025-01-23T19:07:47-03:00\">23\/01\/2025 19:07hs.<\/time><\/p>\n<div id=\"storyBody\">\n<div class=\"custom-text \" readability=\"35.359516616314\">\n<p>Volver a Primera Divisi\u00f3n.<strong> Ese es el objetivo de<a href=\"https:\/\/www.ole.com.ar\/tema\/quilmes.html\" title=\"Quilmes\" alt=\"Quilmes\" class=\"slug\"> Quilmes<\/a> a\u00f1o tras a\u00f1o<\/strong>. Desde mediados del 2017, que baj\u00f3 a la <a href=\"https:\/\/www.ole.com.ar\/tema\/primera-nacional.html\" title=\"Primera Nacional\" alt=\"Primera Nacional\" class=\"slug\">Primera Nacional<\/a>, el foco siempre est\u00e1 puesto en regresar a la m\u00e1xima categor\u00eda del f\u00fatbol argentino. Muchas veces estuvo cerca, incluso en 2024 (perdi\u00f3 en cuartos del Reducido).<strong> Y para este 2025 quiere revancha.<\/strong><\/p>\n<\/div>\n<div class=\"custom-text \" readability=\"41.375314861461\">\n<p>Con la vista puesta en dicha meta,<strong> el Cervecero empez\u00f3 a diagramar el plantel para lo que se viene<\/strong>. En primer lugar, asegur\u00f3 la continuidad de Sergio Rondina al mando y opt\u00f3 por consolidar una base de la temporada pasada. Una vez hecho esto, sali\u00f3 a buscar nombres fuertes, como Oscar Belintez, goleador de Alvarado, Gabriel Aranda, defensor ex Boca y <a href=\"https:\/\/www.ole.com.ar\/tema\/leonel-vangioni.html\" title=\"Leonel Vangioni\" alt=\"Leonel Vangioni\" class=\"slug\">Leonel Vangioni<\/a>, multicampe\u00f3n con River. <\/p>\n<\/div>\n<div class=\"custom-text \" readability=\"43\">\n<p>Sin embargo, tambi\u00e9n sufri\u00f3 algunas salidas importantes como la de Tom\u00e1s Gonz\u00e1lez, que firm\u00f3 en Ferro, Lautaro Parisi, nuevo refuerzo de San Miguel, o Federico T\u00e9vez, vendido a Tigre. Ahora, a la extensa lista de bajas hay que sumar a dos de los mayores proyectos de las Divisiones Inferiores: <strong>Santiago Puzzo y Lucas Alfonso, ambos de 18 a\u00f1os. <\/strong><\/p>\n<\/div>\n<div class=\"custom-text \" readability=\"33.283018867925\">\n<p><strong>Tanto el volante como el delantero, surgidos del club y con actividad en la Selecci\u00f3n Sub 20 del Ascenso, emigraron a<a href=\"https:\/\/www.ole.com.ar\/tema\/talleres-de-cordoba.html\" title=\"Talleres de C\u00f3rdoba\" alt=\"Talleres de C\u00f3rdoba\" class=\"slug\"> Talleres de C\u00f3rdoba<\/a>.<\/strong> El Cervecero se desprendi\u00f3 del 60% de los derechos econ\u00f3micos y deportivos. A\u00fan no hay cifras oficiales de la operaci\u00f3n. <\/p>\n<\/div>\n<div class=\"sc-e7b891c4-0 ifHnQL image-embed\"><img alt=\"Alfonso ya fue presentado en Talleres. (Prensa Talleres)\" loading=\"lazy\" width=\"720\" height=\"100\" decoding=\"async\" data-nimg=\"1\" src=\"http:\/\/cordobadirecto.com\/wp-content\/uploads\/2025\/01\/las-dos-joyas-de-quilmes-que-jugaran-la-libertadores-2025.jpg\"><span class=\"epigraphe\">Alfonso ya fue presentado en Talleres. (Prensa Talleres)<\/span><\/div>\n<div class=\"custom-text \" readability=\"38.142076502732\">\n<p>En principio, los juveniles surgidos de Alsina y Lora llegan a C\u00f3rdoba para sumarse a la Reserva de la T, conducida por Mariano Levisman. Sin embargo,<strong> ante la triple competencia (Copa Argentina,Copa de la Liga y <a href=\"https:\/\/www.ole.com.ar\/tema\/copa-libertadores.html\" title=\"Copa Libertadores\" alt=\"Copa Libertadores\" class=\"slug\">Copa Libertadores<\/a>) que deber\u00e1 afrontar el conjunto cordob\u00e9s, crecen las posibilidades de que a lo largo del 2025 tengan su chance con el primer equipo. <\/strong><\/p>\n<\/div>\n<p><h2><strong>El comunicado de Quilmes sobre la venta de los juveniles a Talleres<\/strong><\/h2>\n<\/p>\n<div class=\"custom-text \" readability=\"36\">\n<p>&#8220;Quilmes lleg\u00f3 a un acuerdo con Talleres de C\u00f3rdoba por las transferencias del 60 % de los derechos econ\u00f3micos de Santiago Puzzo y Lucas Alfonso. Les agradecemos por todo lo que le han dado a nuestro club. Esta siempre ser\u00e1 su casa. \u00a1Hasta la vuelta!&#8221;, expres\u00f3 el Cervecero mediante sus redes sociales. <\/p>\n<\/div>\n<div class=\"custom-embedhtml\" readability=\"7.48\">\n<blockquote class=\"twitter-tweet\" readability=\"8.8\">\n<p lang=\"es\" dir=\"ltr\">\ud83e\udef1\ud83c\udffb\u200d\ud83e\udef2\ud83c\udffc Quilmes lleg\u00f3 a un acuerdo con Talleres de C\u00f3rdoba por las transferencias del 60 % de los derechos econ\u00f3micos de Santiago Puzzo y Lucas Alfonso<\/p>\n<p>\ud83c\udfe0 Les agradecemos por todo lo que le han dado a nuestro club. Esta siempre ser\u00e1 su casa.<\/p>\n<p>\u00a1Hasta la vuelta! <a href=\"https:\/\/t.co\/ntjJesOeCy\">pic.twitter.com\/ntjJesOeCy<\/a><\/p>\n<p>\u2014 Quilmes A.C. (@qacoficial) <a href=\"https:\/\/twitter.com\/qacoficial\/status\/1881803518467809509?ref_src=twsrc%5Etfw\">January 21, 2025<\/a><\/p><\/blockquote><\/div>\n<p><h2><strong>El paso de Puzzo y Alfonso por el Cervecero<\/strong><\/h2>\n<\/p>\n<div class=\"custom-text \" readability=\"38\">\n<p>Santiago Puzzo, mediocampista categor\u00eda 2006, tuvo su estreno a principios del 2024 y se gan\u00f3 un lugar en el equipo. <strong>En total sum\u00f3 27 apariciones con el conjunto del Sur y anot\u00f3 un gol <\/strong>(frente a Estudiantes en Caseros). El buen andar en QAC lo llev\u00f3 a integrar la consideraci\u00f3n de Gugnali para el Selectivo del Ascenso y a las juveniles de Paraguay, donde disputar\u00e1 el Sudamericano Sub 20.<\/p>\n<\/div>\n<div class=\"sc-e7b891c4-0 ifHnQL image-embed\"><img alt=\"Puzzo jug\u00f3 27 partidos en Quilmes. (Prensa Quilmes)\" loading=\"lazy\" width=\"720\" height=\"100\" decoding=\"async\" data-nimg=\"1\" src=\"http:\/\/cordobadirecto.com\/wp-content\/uploads\/2025\/01\/las-dos-joyas-de-quilmes-que-jugaran-la-libertadores-2025-1.jpg\"><span class=\"epigraphe\">Puzzo jug\u00f3 27 partidos en Quilmes. (Prensa Quilmes)<\/span><\/div>\n<div class=\"custom-text \" readability=\"38\">\n<p>Lucas Alfonso, centrodelantero de la misma edad, tambi\u00e9n debut\u00f3 durante la temporada anterior y<strong> disput\u00f3 20 encuentros, incluyendo titularidades y suplencias<\/strong>. A su vez, el atacante tambi\u00e9n integr\u00f3 la Selecci\u00f3n Sub 20 del Ascenso y jug\u00f3 en la gira por Asia. <\/p>\n<\/div>\n<div class=\"sc-e7b891c4-0 ifHnQL image-embed\"><img alt=\"Alfonso debut\u00f3 en 2024 con la casaca de Quilmes. (Prensa Quilmes)\" loading=\"lazy\" width=\"720\" height=\"100\" decoding=\"async\" data-nimg=\"1\" src=\"http:\/\/cordobadirecto.com\/wp-content\/uploads\/2025\/01\/las-dos-joyas-de-quilmes-que-jugaran-la-libertadores-2025-2.jpg\"><span class=\"epigraphe\">Alfonso debut\u00f3 en 2024 con la casaca de Quilmes. (Prensa Quilmes)<\/span><\/div>\n<div class=\"sc-a7166897-0 eoLsBE\" readability=\"6\">\n<section readability=\"2\"><picture><img alt=\"Qu\u00e9 dijo Paredes cuando le preguntaron por Boca tras la derrota de la Roma\" loading=\"lazy\" width=\"290\" height=\"290\" decoding=\"async\" data-nimg=\"1\" src=\"http:\/\/cordobadirecto.com\/wp-content\/uploads\/2025\/01\/las-dos-joyas-de-quilmes-que-jugaran-la-libertadores-2025-3.jpg\"><\/picture>\n<p><span>Mir\u00e1 tambi\u00e9n<\/span><\/p>\n<hr>\n<h3>Qu\u00e9 dijo Paredes cuando le preguntaron por Boca tras la derrota de la Roma<\/h3>\n<\/p>\n<\/section>\n<\/div>\n<div class=\"sc-a7166897-0 eoLsBE\" readability=\"6\">\n<section readability=\"2\"><picture><img alt=\"Messi pos\u00f3 con la camiseta de un equipo del Ascenso y fue furor\" loading=\"lazy\" width=\"290\" height=\"290\" decoding=\"async\" data-nimg=\"1\" src=\"http:\/\/cordobadirecto.com\/wp-content\/uploads\/2025\/01\/las-dos-joyas-de-quilmes-que-jugaran-la-libertadores-2025-4.jpg\"><\/picture>\n<p><span>Mir\u00e1 tambi\u00e9n<\/span><\/p>\n<hr>\n<h3>Messi pos\u00f3 con la camiseta de un equipo del Ascenso y fue furor<\/h3>\n<\/p>\n<\/section>\n<\/div>\n<\/div>\n","protected":false},"excerpt":{"rendered":"<p>23\/01\/2025 19:07hs. Volver a Primera Divisi\u00f3n. Ese es el objetivo de Quilmes a\u00f1o tras a\u00f1o. Desde mediados del 2017, que baj\u00f3 a la Primera Nacional, el foco siempre est\u00e1 puesto en regresar a la m\u00e1xima categor\u00eda del f\u00fatbol argentino. Muchas veces estuvo cerca, incluso en 2024 (perdi\u00f3 en cuartos del Reducido). Y para este 2025 [&hellip;]<\/p>\n","protected":false},"author":1,"featured_media":161285,"comment_status":"closed","ping_status":"closed","sticky":false,"template":"","format":"standard","meta":[],"categories":[21],"tags":[],"_links":{"self":[{"href":"http:\/\/cordobadirecto.com\/index.php\/wp-json\/wp\/v2\/posts\/161284"}],"collection":[{"href":"http:\/\/cordobadirecto.com\/index.php\/wp-json\/wp\/v2\/posts"}],"about":[{"href":"http:\/\/cordobadirecto.com\/index.php\/wp-json\/wp\/v2\/types\/post"}],"author":[{"embeddable":true,"href":"http:\/\/cordobadirecto.com\/index.php\/wp-json\/wp\/v2\/users\/1"}],"replies":[{"embeddable":true,"href":"http:\/\/cordobadirecto.com\/index.php\/wp-json\/wp\/v2\/comments?post=161284"}],"version-history":[{"count":0,"href":"http:\/\/cordobadirecto.com\/index.php\/wp-json\/wp\/v2\/posts\/161284\/revisions"}],"wp:featuredmedia":[{"embeddable":true,"href":"http:\/\/cordobadirecto.com\/index.php\/wp-json\/wp\/v2\/media\/161285"}],"wp:attachment":[{"href":"http:\/\/cordobadirecto.com\/index.php\/wp-json\/wp\/v2\/media?parent=161284"}],"wp:term":[{"taxonomy":"category","embeddable":true,"href":"http:\/\/cordobadirecto.com\/index.php\/wp-json\/wp\/v2\/categories?post=161284"},{"taxonomy":"post_tag","embeddable":true,"href":"http:\/\/cordobadirecto.com\/index.php\/wp-json\/wp\/v2\/tags?post=161284"}],"curies":[{"name":"wp","href":"https:\/\/api.w.org\/{rel}","templated":true}]}}