{"id":161293,"date":"2025-01-24T19:12:13","date_gmt":"2025-01-24T19:12:13","guid":{"rendered":"https:\/\/cordoba.gob.ar\/?p=70231"},"modified":"2025-01-24T19:12:13","modified_gmt":"2025-01-24T19:12:13","slug":"en-las-salas-de-exposiciones-del-cabildo-se-puede-recorrer-la-muestra-fotografica-cordoba-en-el-tiempo","status":"publish","type":"post","link":"http:\/\/cordobadirecto.com\/index.php\/2025\/01\/24\/en-las-salas-de-exposiciones-del-cabildo-se-puede-recorrer-la-muestra-fotografica-cordoba-en-el-tiempo\/","title":{"rendered":"En las salas de exposiciones del Cabildo se puede recorrer la muestra fotogr\u00e1fica \u201cC\u00f3rdoba en el tiempo\u201d"},"content":{"rendered":"<div><img src=\"http:\/\/cordobadirecto.com\/wp-content\/uploads\/2025\/01\/en-las-salas-de-exposiciones-del-cabildo-se-puede-recorrer-la-muestra-fotografica-cordoba-en-el-tiempo.jpg\" class=\"ff-og-image-inserted\"><\/div>\n<ul>\n<li><strong>Una muestra sobre la evoluci\u00f3n urban\u00edstica del Centro de la ciudad de C\u00f3rdoba. Con curadur\u00eda del arquitecto Jorge Bettolli y con fotograf\u00edas de Facundo Luque.<\/strong><\/li>\n<li><strong><strong>Se puede visitar de lunes a s\u00e1bados de 10:00 a 14:00. Con entrada libre y gratuita.<\/strong><\/strong><br \/>\n<hr>\n<\/li>\n<\/ul>\n<p>La Municipalidad de C\u00f3rdoba, a trav\u00e9s de la Secretar\u00eda de Comunicaci\u00f3n y Cultura, propone a turistas y vecinos que se encuentren recorriendo la ciudad con una diversa agenda durante la temporada estival.<\/p>\n<p>Entre las actividades, la muestra fotogr\u00e1fica \u201cC\u00f3rdoba en el tiempo\u201d se destaca: se encuentra exhibida en el primer piso del Cabildo hist\u00f3rico (Independencia 30) hasta el 31 de marzo.<\/p>\n<p>Diversos fot\u00f3grafos, muchos de ellos conocidos y otros an\u00f3nimos, dejaron (voluntaria o involuntariamente) plasmadas en sus im\u00e1genes realidades de un tiempo y de una ciudad que ya no existe y que hoy son fuente de estudio para numerosos interesados.<\/p>\n<p>Es una manera de transportar al observador imaginariamente a la ciudad que nos precedi\u00f3.<\/p>\n<p>La muestra \u201cC\u00f3rdoba en el tiempo\u201d, es la primera de una serie de muestras que se van a inaugurar en el Cabildo, para convertirse en una serie cultural de C\u00f3rdoba. Con la curadur\u00eda del Mgtr. Arq. Jorge Bettolli y fotograf\u00edas de Facundo Luque.<\/p>\n<p>Se puede visitar de lunes a s\u00e1bados de 10:00 a 14:00. Con entrada libre y gratuita.<\/p>\n","protected":false},"excerpt":{"rendered":"<p>Una muestra sobre la evoluci\u00f3n urban\u00edstica del Centro de la ciudad de C\u00f3rdoba. Con curadur\u00eda del arquitecto Jorge Bettolli y con fotograf\u00edas de Facundo Luque. Se puede visitar de lunes a s\u00e1bados de 10:00 a 14:00. Con entrada libre y gratuita. La Municipalidad de C\u00f3rdoba, a trav\u00e9s de la Secretar\u00eda de Comunicaci\u00f3n y Cultura, propone [&hellip;]<\/p>\n","protected":false},"author":1,"featured_media":161294,"comment_status":"closed","ping_status":"closed","sticky":false,"template":"","format":"standard","meta":[],"categories":[44],"tags":[],"_links":{"self":[{"href":"http:\/\/cordobadirecto.com\/index.php\/wp-json\/wp\/v2\/posts\/161293"}],"collection":[{"href":"http:\/\/cordobadirecto.com\/index.php\/wp-json\/wp\/v2\/posts"}],"about":[{"href":"http:\/\/cordobadirecto.com\/index.php\/wp-json\/wp\/v2\/types\/post"}],"author":[{"embeddable":true,"href":"http:\/\/cordobadirecto.com\/index.php\/wp-json\/wp\/v2\/users\/1"}],"replies":[{"embeddable":true,"href":"http:\/\/cordobadirecto.com\/index.php\/wp-json\/wp\/v2\/comments?post=161293"}],"version-history":[{"count":0,"href":"http:\/\/cordobadirecto.com\/index.php\/wp-json\/wp\/v2\/posts\/161293\/revisions"}],"wp:featuredmedia":[{"embeddable":true,"href":"http:\/\/cordobadirecto.com\/index.php\/wp-json\/wp\/v2\/media\/161294"}],"wp:attachment":[{"href":"http:\/\/cordobadirecto.com\/index.php\/wp-json\/wp\/v2\/media?parent=161293"}],"wp:term":[{"taxonomy":"category","embeddable":true,"href":"http:\/\/cordobadirecto.com\/index.php\/wp-json\/wp\/v2\/categories?post=161293"},{"taxonomy":"post_tag","embeddable":true,"href":"http:\/\/cordobadirecto.com\/index.php\/wp-json\/wp\/v2\/tags?post=161293"}],"curies":[{"name":"wp","href":"https:\/\/api.w.org\/{rel}","templated":true}]}}