{"id":161299,"date":"2025-01-24T20:59:24","date_gmt":"2025-01-24T20:59:24","guid":{"rendered":"http:\/\/cordobadirecto.com\/index.php\/2025\/01\/24\/cierre-de-mercado-nueva-baja-del-dolar-la-voz\/"},"modified":"2025-01-24T20:59:24","modified_gmt":"2025-01-24T20:59:24","slug":"cierre-de-mercado-nueva-baja-del-dolar-la-voz","status":"publish","type":"post","link":"http:\/\/cordobadirecto.com\/index.php\/2025\/01\/24\/cierre-de-mercado-nueva-baja-del-dolar-la-voz\/","title":{"rendered":"Cierre de mercado. <b>Nueva<\/b> baja del d\u00f3lar &#8211; La Voz"},"content":{"rendered":"<p>&#8230; <b>econom\u00eda<\/b> que afectan las carteras de los inversores &#8230; <b>C\u00f3rdoba<\/b>: as\u00ed tiraron desde un auto a un polic\u00eda de la Caminera al que&nbsp;&#8230; <\/p>\n","protected":false},"excerpt":{"rendered":"<p>&#8230; econom\u00eda que afectan las carteras de los inversores &#8230; C\u00f3rdoba: as\u00ed tiraron desde un auto a un polic\u00eda de la Caminera al que&nbsp;&#8230;<\/p>\n","protected":false},"author":1,"featured_media":0,"comment_status":"closed","ping_status":"closed","sticky":false,"template":"","format":"standard","meta":[],"categories":[40],"tags":[],"_links":{"self":[{"href":"http:\/\/cordobadirecto.com\/index.php\/wp-json\/wp\/v2\/posts\/161299"}],"collection":[{"href":"http:\/\/cordobadirecto.com\/index.php\/wp-json\/wp\/v2\/posts"}],"about":[{"href":"http:\/\/cordobadirecto.com\/index.php\/wp-json\/wp\/v2\/types\/post"}],"author":[{"embeddable":true,"href":"http:\/\/cordobadirecto.com\/index.php\/wp-json\/wp\/v2\/users\/1"}],"replies":[{"embeddable":true,"href":"http:\/\/cordobadirecto.com\/index.php\/wp-json\/wp\/v2\/comments?post=161299"}],"version-history":[{"count":0,"href":"http:\/\/cordobadirecto.com\/index.php\/wp-json\/wp\/v2\/posts\/161299\/revisions"}],"wp:attachment":[{"href":"http:\/\/cordobadirecto.com\/index.php\/wp-json\/wp\/v2\/media?parent=161299"}],"wp:term":[{"taxonomy":"category","embeddable":true,"href":"http:\/\/cordobadirecto.com\/index.php\/wp-json\/wp\/v2\/categories?post=161299"},{"taxonomy":"post_tag","embeddable":true,"href":"http:\/\/cordobadirecto.com\/index.php\/wp-json\/wp\/v2\/tags?post=161299"}],"curies":[{"name":"wp","href":"https:\/\/api.w.org\/{rel}","templated":true}]}}