{"id":161319,"date":"2025-01-24T15:53:14","date_gmt":"2025-01-24T15:53:14","guid":{"rendered":"https:\/\/cordoba.gob.ar\/?p=70353"},"modified":"2025-01-24T15:53:14","modified_gmt":"2025-01-24T15:53:14","slug":"la-plaza-rivadavia-se-viste-de-fiesta-para-recibir-la-pena-de-tu-ciudad","status":"publish","type":"post","link":"http:\/\/cordobadirecto.com\/index.php\/2025\/01\/24\/la-plaza-rivadavia-se-viste-de-fiesta-para-recibir-la-pena-de-tu-ciudad\/","title":{"rendered":"La plaza Rivadavia se viste de fiesta para recibir \u201cLa pe\u00f1a de tu ciudad\u201d"},"content":{"rendered":"<div><img src=\"http:\/\/cordobadirecto.com\/wp-content\/uploads\/2025\/01\/la-plaza-rivadavia-se-viste-de-fiesta-para-recibir-la-pena-de-tu-ciudad.jpg\" class=\"ff-og-image-inserted\"><\/div>\n<ul>\n<li><strong>Esta noche los vecinos podr\u00e1n disfrutar de m\u00fasica en vivo a partir de las 20 horas.<\/strong><\/li>\n<\/ul>\n<hr>\n<p>En la noche de este viernes, los vecinos y vecinas de Alta C\u00f3rdoba y alrededores est\u00e1n invitados a asistir a la Plaza Rivadavia desde las 20 horas para disfrutar de \u201cLa pe\u00f1a de tu ciudad\u201d.<\/p>\n<p>Esta iniciativa de la Municipalidad de C\u00f3rdoba trae de forma gratuita una serie de n\u00fameros musicales para escuchar y bailar durante la noche al aire libre.<\/p>\n<p>Esta propuesta llega <em>\u201ccon la idea de estimular la actividad cultural barrial\u201d<\/em>, buscando que los espacios verdes <em>\u201csirvan como desarrollo, moviendo la econom\u00eda del sector y del barrio para que la gente tenga en su barrio la posibilidad de presenciar un evento art\u00edstico y cultural de calidad\u201d<\/em>, seg\u00fan lo expres\u00f3 el secretario de Participaci\u00f3n Ciudadana y Juventud, Juan Domingo Viola.<\/p>\n<p>En \u00e9pocas de festivales, donde no todas las familias pueden pagar entradas y traslado, el municipio se hace presente junto con la comunidad organizada en los barrios para que la cultura tenga su espacio en el barrio.<\/p>\n<p>La Plaza Rivadavia, despu\u00e9s de su renovaci\u00f3n y puesta en valor, cuenta con un escenario que recibe a numerosos artistas de la ciudad. All\u00ed ser\u00e1 donde suban a cantar y tocar los grupos musicales.<\/p>\n<p>Entre estos, destacan Los Histriones, un centro cultural y recreativo para personas con discapacidad del colindante barrio San Mart\u00edn, que llega con su banda de m\u00fasica, quienes oficiar\u00e1n de \u201clocales\u201d en la plaza de Alta C\u00f3rdoba.<\/p>\n<p>Tambi\u00e9n se presentar\u00e1n Alma Milenaria, Esmeralda Toro, Martina Silva y las Guitarras de Villa Gran Parque, La Forestal de la Danza y Patria Nueva junto con el grupo de danza Estirpe Criollo.<\/p>\n<p>Adem\u00e1s, la noche tendr\u00e1 la participaci\u00f3n especial de Jorge Luis Carabajal, exmiembro de Los Carabajal, con Cuti y Roberto Carabajal, y exintegrante de la banda de Peteco Carabajal, hist\u00f3ricos nombres del folclore argentino.<\/p>\n<p>La oferta recreativa y cultural del municipio del verano se complementa con la actividad en los Parques Educativos, Centros de Encuentro Barrial, las piletas municipales y las actividades en los CPC tales como el Cine M\u00f3vil y diferentes talleres.<\/p>\n","protected":false},"excerpt":{"rendered":"<p>Esta noche los vecinos podr\u00e1n disfrutar de m\u00fasica en vivo a partir de las 20 horas. En la noche de este viernes, los vecinos y vecinas de Alta C\u00f3rdoba y alrededores est\u00e1n invitados a asistir a la Plaza Rivadavia desde las 20 horas para disfrutar de \u201cLa pe\u00f1a de tu ciudad\u201d. Esta iniciativa de la [&hellip;]<\/p>\n","protected":false},"author":1,"featured_media":161320,"comment_status":"closed","ping_status":"closed","sticky":false,"template":"","format":"standard","meta":[],"categories":[44],"tags":[],"_links":{"self":[{"href":"http:\/\/cordobadirecto.com\/index.php\/wp-json\/wp\/v2\/posts\/161319"}],"collection":[{"href":"http:\/\/cordobadirecto.com\/index.php\/wp-json\/wp\/v2\/posts"}],"about":[{"href":"http:\/\/cordobadirecto.com\/index.php\/wp-json\/wp\/v2\/types\/post"}],"author":[{"embeddable":true,"href":"http:\/\/cordobadirecto.com\/index.php\/wp-json\/wp\/v2\/users\/1"}],"replies":[{"embeddable":true,"href":"http:\/\/cordobadirecto.com\/index.php\/wp-json\/wp\/v2\/comments?post=161319"}],"version-history":[{"count":0,"href":"http:\/\/cordobadirecto.com\/index.php\/wp-json\/wp\/v2\/posts\/161319\/revisions"}],"wp:featuredmedia":[{"embeddable":true,"href":"http:\/\/cordobadirecto.com\/index.php\/wp-json\/wp\/v2\/media\/161320"}],"wp:attachment":[{"href":"http:\/\/cordobadirecto.com\/index.php\/wp-json\/wp\/v2\/media?parent=161319"}],"wp:term":[{"taxonomy":"category","embeddable":true,"href":"http:\/\/cordobadirecto.com\/index.php\/wp-json\/wp\/v2\/categories?post=161319"},{"taxonomy":"post_tag","embeddable":true,"href":"http:\/\/cordobadirecto.com\/index.php\/wp-json\/wp\/v2\/tags?post=161319"}],"curies":[{"name":"wp","href":"https:\/\/api.w.org\/{rel}","templated":true}]}}