{"id":161346,"date":"2025-01-26T09:13:49","date_gmt":"2025-01-26T09:13:49","guid":{"rendered":"http:\/\/estaciontrip.com.ar\/?p=9865"},"modified":"2025-01-26T09:13:49","modified_gmt":"2025-01-26T09:13:49","slug":"en-madrid-el-gobernador-llaryora-firmo-un-convenio-para-el-desarrollo-de-un-plan-turistico-para-cordoba-a-largo-plazo","status":"publish","type":"post","link":"http:\/\/cordobadirecto.com\/index.php\/2025\/01\/26\/en-madrid-el-gobernador-llaryora-firmo-un-convenio-para-el-desarrollo-de-un-plan-turistico-para-cordoba-a-largo-plazo\/","title":{"rendered":"En Madrid, el gobernador Llaryora firm\u00f3 un convenio para el desarrollo de un plan tur\u00edstico para C\u00f3rdoba a largo plazo"},"content":{"rendered":"<div><img src=\"http:\/\/cordobadirecto.com\/wp-content\/uploads\/2025\/01\/en-madrid-el-gobernador-llaryora-firmo-un-convenio-para-el-desarrollo-de-un-plan-turistico-para-cordoba-a-largo-plazo.jpg\" class=\"ff-og-image-inserted\"><\/div>\n<p><em>Apunta a una transformaci\u00f3n hacia la sostenibilidad medioambiental, socioecon\u00f3mica y territorial. Buscar\u00e1 identificar nuevas alternativas tur\u00edsticas, atraer inversiones, entre otros objetivos trazados en un programa extendido hasta 2030.<\/em><\/p>\n<p>En Madrid, en el marco de la 45\u00aa edici\u00f3n de la Feria Internacional de Turismo FITUR 2025, el gobernador Mart\u00edn Llaryora suscribi\u00f3 este viernes 24, un convenio de cooperaci\u00f3n t\u00e9cnica con el Banco de Desarrollo de Am\u00e9rica Latina para la implementaci\u00f3n del Plan Estrat\u00e9gico de Turismo Sustentable de C\u00f3rdoba.<\/p>\n<p>C\u00f3rdoba se encuentra promocionando dentro del stand de Argentina en Fitur, la feria de turismo m\u00e1s importante que se desarrollar\u00e1 hasta el domingo 26 en la capital espa\u00f1ola.<\/p>\n<p>El gobernador firm\u00f3 el convenio junto al presidente de la Agencia C\u00f3rdoba Turismo, Dar\u00edo Capitani, quien encabeza la delegaci\u00f3n cordobesa.<\/p>\n<p>El gobernador explic\u00f3 que la Corporaci\u00f3n Andina de Fomento (CAF), tendr\u00e1 a cargo un estudio estrat\u00e9gico midiendo los activos tur\u00edsticos que tiene C\u00f3rdoba, con una visi\u00f3n a largo plazo; tambi\u00e9n, el trazado de una programaci\u00f3n de los nuevos portafolios a desarrollar, fortaleciendo los activos tur\u00edsticos y la identificaci\u00f3n de nuevas alternativas para seguir ampliando la oferta tur\u00edstica\u201d.<\/p>\n<p>\u201cEs un convenio muy importante que nos posibilitar\u00e1 abrir m\u00e1s v\u00edas de financiamiento internacional para infraestructura y el posicionamiento de C\u00f3rdoba con los nuevos perfiles tur\u00edsticos\u201d, a\u00f1adi\u00f3 Llaryora.<\/p>\n<p>Entre los objetivos trazados, con miras a 2030, se cuentan la elaboraci\u00f3n de un diagn\u00f3stico actualizado de la provincia de C\u00f3rdoba como destino tur\u00edstico; la consolidaci\u00f3n del portafolio de productos tur\u00edsticos innovadores de C\u00f3rdoba que incluya turismo cultural, enoturismo, turismo religioso, ecoturismo, norte cordob\u00e9s y turismo de salud bienestar, contemplando la adecuaci\u00f3n para el turismo inclusivo.<\/p>\n<p>Tambi\u00e9n se confeccionar\u00e1 un plan de Acci\u00f3n y Programa de Inversiones p\u00fablicas y privadas.<\/p>\n<p>De este modo, C\u00f3rdoba busca transformar su modelo tur\u00edstico hacia la sostenibilidad en una triple vertiente: medioambiental, socioecon\u00f3mica y territorial.<\/p>\n<p>Entre las propuestas se destaca la elaboraci\u00f3n del producto tur\u00edstico del Camino de Brochero y al menos tres nuevos circuitos tur\u00edsticos relacionados.<\/p>\n<p>\u201cGobernar es generar trabajo, y si el turismo crece tambi\u00e9n aumentan las fuentes de empleo y las inversiones. Por eso es tan importante estar aqu\u00ed, en uno de los eventos m\u00e1s importantes en el mundo de la industria tur\u00edstica\u201d, a\u00f1adi\u00f3 Llaryora.<\/p>\n<p>Mediante el trabajo con la CAF, La Provincia contar\u00e1 con una hoja de ruta priorizada en la que identifique acciones de pol\u00edtica p\u00fablica y programas de inversi\u00f3n para impulsar la inversi\u00f3n y desarrollo en el sector turismo.<\/p>\n<p>El desarrollo de esta estrategia apunta a generar un incremento de inversiones en infraestructuras que dinamice la inversi\u00f3n de los empresarios y la generaci\u00f3n de emprendimientos en el sector de la provincia, adem\u00e1s de mayor competitividad de C\u00f3rdoba como destino tur\u00edstico, atrayendo a m\u00e1s visitantes y beneficiando la econom\u00eda local.<\/p>\n","protected":false},"excerpt":{"rendered":"<p>Apunta a una transformaci\u00f3n hacia la sostenibilidad medioambiental, socioecon\u00f3mica y territorial. Buscar\u00e1 identificar nuevas alternativas tur\u00edsticas, atraer inversiones, entre otros objetivos trazados en un programa extendido hasta 2030. En Madrid, en el marco de la 45\u00aa edici\u00f3n de la Feria Internacional de Turismo FITUR 2025, el gobernador Mart\u00edn Llaryora suscribi\u00f3 este viernes 24, un convenio [&hellip;]<\/p>\n","protected":false},"author":1,"featured_media":161347,"comment_status":"closed","ping_status":"closed","sticky":false,"template":"","format":"standard","meta":[],"categories":[22],"tags":[],"_links":{"self":[{"href":"http:\/\/cordobadirecto.com\/index.php\/wp-json\/wp\/v2\/posts\/161346"}],"collection":[{"href":"http:\/\/cordobadirecto.com\/index.php\/wp-json\/wp\/v2\/posts"}],"about":[{"href":"http:\/\/cordobadirecto.com\/index.php\/wp-json\/wp\/v2\/types\/post"}],"author":[{"embeddable":true,"href":"http:\/\/cordobadirecto.com\/index.php\/wp-json\/wp\/v2\/users\/1"}],"replies":[{"embeddable":true,"href":"http:\/\/cordobadirecto.com\/index.php\/wp-json\/wp\/v2\/comments?post=161346"}],"version-history":[{"count":0,"href":"http:\/\/cordobadirecto.com\/index.php\/wp-json\/wp\/v2\/posts\/161346\/revisions"}],"wp:featuredmedia":[{"embeddable":true,"href":"http:\/\/cordobadirecto.com\/index.php\/wp-json\/wp\/v2\/media\/161347"}],"wp:attachment":[{"href":"http:\/\/cordobadirecto.com\/index.php\/wp-json\/wp\/v2\/media?parent=161346"}],"wp:term":[{"taxonomy":"category","embeddable":true,"href":"http:\/\/cordobadirecto.com\/index.php\/wp-json\/wp\/v2\/categories?post=161346"},{"taxonomy":"post_tag","embeddable":true,"href":"http:\/\/cordobadirecto.com\/index.php\/wp-json\/wp\/v2\/tags?post=161346"}],"curies":[{"name":"wp","href":"https:\/\/api.w.org\/{rel}","templated":true}]}}