{"id":161348,"date":"2025-01-26T10:31:16","date_gmt":"2025-01-26T10:31:16","guid":{"rendered":"https:\/\/puntoapunto.com.ar\/?p=369465"},"modified":"2025-01-26T10:31:16","modified_gmt":"2025-01-26T10:31:16","slug":"una-buena-para-el-campo-baja-temporal-de-retenciones-y-eliminacion-para-economias-regionales","status":"publish","type":"post","link":"http:\/\/cordobadirecto.com\/index.php\/2025\/01\/26\/una-buena-para-el-campo-baja-temporal-de-retenciones-y-eliminacion-para-economias-regionales\/","title":{"rendered":"Una buena para el campo: baja temporal de retenciones y eliminaci\u00f3n para econom\u00edas regionales"},"content":{"rendered":"<p>&nbsp;<!-- \u00a1O bien no hay banners, estan desactivados o no estan programados para esta ubicaci\u00f3n! -->\n<\/p>\n<p>&nbsp;\n<\/p>\n<p>En respuesta a los pedidos hist\u00f3ricos del sector agropecuario y frente a los desaf\u00edos derivados de la sequ\u00eda y la ca\u00edda en los precios internacionales de los commodities, el ministro de Econom\u00eda, Luis Caputo, anunci\u00f3 este jueves una <strong>reducci\u00f3n temporal en las retenciones de granos y derivados. Adem\u00e1s, confirm\u00f3 la eliminaci\u00f3n de los derechos de exportaci\u00f3n para varias econom\u00edas regionales.<\/strong>\n<\/p>\n<p>La medida, que regir\u00e1 desde el 27 de enero hasta el 30 de junio de 2025, busca aliviar la presi\u00f3n fiscal sobre los productores y fomentar la competitividad del campo argentino. Seg\u00fan detall\u00f3 Caputo en una conferencia de prensa junto al vocero presidencial Manuel Adorni, la decisi\u00f3n forma parte de un esfuerzo por \u201chacer justicia\u201d en un contexto de crisis clim\u00e1tica y econ\u00f3mica.\n<\/p>\n<p>Los principales cultivos del pa\u00eds se ver\u00e1n beneficiados con una disminuci\u00f3n en las al\u00edcuotas:<!-- \u00a1O bien no hay banners, estan desactivados o no estan programados para esta ubicaci\u00f3n! -->\n<\/p>\n<ul>\n<li><strong>Soja<\/strong>: del 33% al 26%.<\/li>\n<li><strong>Derivados de soja<\/strong>: del 31% al 24,5%.<\/li>\n<li><strong>Trigo, cebada, sorgo y ma\u00edz<\/strong>: del 12% al 9,5%.<\/li>\n<li><strong>Girasol<\/strong>: del 7% al 5,5%.<\/li>\n<\/ul>\n<p>El secretario de Coordinaci\u00f3n de Producci\u00f3n, Pablo Lavigne, precis\u00f3 que para acceder a estos beneficios los exportadores deber\u00e1n realizar una Declaraci\u00f3n Jurada de Venta al Exterior (DJVE) espec\u00edfica, con plazos de pago y liquidaci\u00f3n de divisas que aseguren un impacto positivo en las arcas p\u00fablicas.<\/p>\n<p><strong>Eliminaci\u00f3n de retenciones para las econom\u00edas regionales<\/strong>\n<\/p>\n<p>En paralelo, el Gobierno elimin\u00f3 definitivamente las retenciones a sectores como el az\u00facar, algod\u00f3n, arroz, tabaco y la forestoindustria. Esta decisi\u00f3n fue ampliamente celebrada por productores de las econom\u00edas regionales, quienes ven\u00edan reclamando alivio fiscal para impulsar el desarrollo local.\n<\/p>\n<p>\u201cEstas medidas representan una se\u00f1al clara de que el Gobierno reconoce el potencial productivo del campo argentino y su rol fundamental en la econom\u00eda\u201d, sostuvo Nicol\u00e1s Pino, presidente de la Sociedad Rural Argentina (SRA).\n<\/p>\n<p><strong>Reacciones del sector agropecuario<\/strong>\n<\/p>\n<p>La Mesa de Enlace, que hab\u00eda solicitado una reuni\u00f3n con el ministro para discutir la reducci\u00f3n de retenciones, celebr\u00f3 el anuncio como un paso en la direcci\u00f3n correcta. Carlos Castagnani, presidente de Confederaciones Rurales Argentinas (CRA), expres\u00f3: \u201cReducir las retenciones a la soja y eliminarlas para las econom\u00edas regionales es un avance hacia un sistema m\u00e1s justo y eficiente\u201d.\n<\/p>\n<p>Por su parte, Jos\u00e9 Martins, presidente del Consejo Agroindustrial Argentino (CAA), consider\u00f3 la medida como \u201cun est\u00edmulo necesario para liberar la capacidad productiva del sector agroindustrial y generar divisas, empleo y desarrollo\u201d.\n<\/p>\n<p>Desde la Bolsa de Comercio de Rosario tambi\u00e9n destacaron que el anuncio es una muestra del \u201corden macroecon\u00f3mico logrado\u201d, y se\u00f1alaron que podr\u00eda tener un impacto federal significativo al incentivar la producci\u00f3n.\n<\/p>\n<p><strong>Impacto econ\u00f3mico y perspectivas<\/strong>\n<\/p>\n<p>Si bien la reducci\u00f3n de retenciones tiene car\u00e1cter temporal, el Gobierno no descarta extender la medida m\u00e1s all\u00e1 de junio de 2025, dependiendo de la evoluci\u00f3n econ\u00f3mica y clim\u00e1tica. Caputo subray\u00f3 que esta decisi\u00f3n no comprometer\u00e1 el super\u00e1vit fiscal: \u201cVamos a seguir bajando impuestos, pero sin poner en riesgo la estabilidad macroecon\u00f3mica\u201d.\n<\/p>\n<p>El sector agropecuario enfrenta un panorama desafiante, con sequ\u00edas severas en regiones clave y una volatilidad en los precios internacionales de los granos. Sin embargo, las primeras reacciones a la medida han sido positivas, tanto por parte de los productores como de las entidades representativas, que consideran este alivio fiscal como un paso hacia una mayor competitividad y desarrollo sostenible.\n<\/p>\n<p>En medio de la crisis clim\u00e1tica y econ\u00f3mica, el campo recibe un alivio que podr\u00eda convertirse en el puntapi\u00e9 inicial para un cambio estructural en las pol\u00edticas impositivas hacia el sector m\u00e1s din\u00e1mico de la econom\u00eda argentina.\n<\/p>\n<div class=\"g g-38\">\n<div class=\"g-dyn a-12 c-1\"><a class=\"gofollow\" data-track=\"MTIsMzgsMSw2MA==\" href=\"https:\/\/hospitalprivado.com.ar\/blog\/institucional\/somos-la-primera-institucion-del-interior-del-pais-en-acreditar-joint-commission-international.html\" target=\"_blank\" rel=\"noopener\"><img src=\"http:\/\/cordobadirecto.com\/wp-content\/uploads\/2025\/01\/una-buena-para-el-campo-baja-temporal-de-retenciones-y-eliminacion-para-economias-regionales.gif\" loading=\"lazy\"><\/a><\/div>\n<\/div>\n","protected":false},"excerpt":{"rendered":"<p>&nbsp; &nbsp; En respuesta a los pedidos hist\u00f3ricos del sector agropecuario y frente a los desaf\u00edos derivados de la sequ\u00eda y la ca\u00edda en los precios internacionales de los commodities, el ministro de Econom\u00eda, Luis Caputo, anunci\u00f3 este jueves una reducci\u00f3n temporal en las retenciones de granos y derivados. Adem\u00e1s, confirm\u00f3 la eliminaci\u00f3n de los [&hellip;]<\/p>\n","protected":false},"author":1,"featured_media":161349,"comment_status":"closed","ping_status":"closed","sticky":false,"template":"","format":"standard","meta":[],"categories":[25],"tags":[],"_links":{"self":[{"href":"http:\/\/cordobadirecto.com\/index.php\/wp-json\/wp\/v2\/posts\/161348"}],"collection":[{"href":"http:\/\/cordobadirecto.com\/index.php\/wp-json\/wp\/v2\/posts"}],"about":[{"href":"http:\/\/cordobadirecto.com\/index.php\/wp-json\/wp\/v2\/types\/post"}],"author":[{"embeddable":true,"href":"http:\/\/cordobadirecto.com\/index.php\/wp-json\/wp\/v2\/users\/1"}],"replies":[{"embeddable":true,"href":"http:\/\/cordobadirecto.com\/index.php\/wp-json\/wp\/v2\/comments?post=161348"}],"version-history":[{"count":0,"href":"http:\/\/cordobadirecto.com\/index.php\/wp-json\/wp\/v2\/posts\/161348\/revisions"}],"wp:featuredmedia":[{"embeddable":true,"href":"http:\/\/cordobadirecto.com\/index.php\/wp-json\/wp\/v2\/media\/161349"}],"wp:attachment":[{"href":"http:\/\/cordobadirecto.com\/index.php\/wp-json\/wp\/v2\/media?parent=161348"}],"wp:term":[{"taxonomy":"category","embeddable":true,"href":"http:\/\/cordobadirecto.com\/index.php\/wp-json\/wp\/v2\/categories?post=161348"},{"taxonomy":"post_tag","embeddable":true,"href":"http:\/\/cordobadirecto.com\/index.php\/wp-json\/wp\/v2\/tags?post=161348"}],"curies":[{"name":"wp","href":"https:\/\/api.w.org\/{rel}","templated":true}]}}