{"id":161350,"date":"2025-01-26T01:21:18","date_gmt":"2025-01-26T01:21:18","guid":{"rendered":"http:\/\/cordobadirecto.com\/index.php\/2025\/01\/26\/choque-fatal-en-cordoba-siete-heridos-y-un-muerto-mnews-diario-digital\/"},"modified":"2025-01-26T01:21:18","modified_gmt":"2025-01-26T01:21:18","slug":"choque-fatal-en-cordoba-siete-heridos-y-un-muerto-mnews-diario-digital","status":"publish","type":"post","link":"http:\/\/cordobadirecto.com\/index.php\/2025\/01\/26\/choque-fatal-en-cordoba-siete-heridos-y-un-muerto-mnews-diario-digital\/","title":{"rendered":"Choque fatal en <b>C\u00f3rdoba<\/b>: siete heridos y un muerto &#8211; Mnews Diario Digital"},"content":{"rendered":"<p>&#8230; Comercio (FAECyS) y las principales c\u00e1maras empresarias firman un <b>nuevo<\/b> acuerdo. sector_css: &middot; <b>Econom\u00eda<\/b> &amp; Negocios <b>Econom\u00eda<\/b>. Optimismo en el mercado&nbsp;&#8230; <\/p>\n","protected":false},"excerpt":{"rendered":"<p>&#8230; Comercio (FAECyS) y las principales c\u00e1maras empresarias firman un nuevo acuerdo. sector_css: &middot; Econom\u00eda &amp; Negocios Econom\u00eda. Optimismo en el mercado&nbsp;&#8230;<\/p>\n","protected":false},"author":1,"featured_media":0,"comment_status":"closed","ping_status":"closed","sticky":false,"template":"","format":"standard","meta":[],"categories":[40],"tags":[],"_links":{"self":[{"href":"http:\/\/cordobadirecto.com\/index.php\/wp-json\/wp\/v2\/posts\/161350"}],"collection":[{"href":"http:\/\/cordobadirecto.com\/index.php\/wp-json\/wp\/v2\/posts"}],"about":[{"href":"http:\/\/cordobadirecto.com\/index.php\/wp-json\/wp\/v2\/types\/post"}],"author":[{"embeddable":true,"href":"http:\/\/cordobadirecto.com\/index.php\/wp-json\/wp\/v2\/users\/1"}],"replies":[{"embeddable":true,"href":"http:\/\/cordobadirecto.com\/index.php\/wp-json\/wp\/v2\/comments?post=161350"}],"version-history":[{"count":0,"href":"http:\/\/cordobadirecto.com\/index.php\/wp-json\/wp\/v2\/posts\/161350\/revisions"}],"wp:attachment":[{"href":"http:\/\/cordobadirecto.com\/index.php\/wp-json\/wp\/v2\/media?parent=161350"}],"wp:term":[{"taxonomy":"category","embeddable":true,"href":"http:\/\/cordobadirecto.com\/index.php\/wp-json\/wp\/v2\/categories?post=161350"},{"taxonomy":"post_tag","embeddable":true,"href":"http:\/\/cordobadirecto.com\/index.php\/wp-json\/wp\/v2\/tags?post=161350"}],"curies":[{"name":"wp","href":"https:\/\/api.w.org\/{rel}","templated":true}]}}