{"id":161373,"date":"2025-01-27T03:29:38","date_gmt":"2025-01-27T03:29:38","guid":{"rendered":"http:\/\/cordobadirecto.com\/index.php\/2025\/01\/27\/para-ate-la-baja-de-retenciones-implicara-mas-despidos-en-el-sector-estatal-salta-y-argentina\/"},"modified":"2025-01-27T03:29:38","modified_gmt":"2025-01-27T03:29:38","slug":"para-ate-la-baja-de-retenciones-implicara-mas-despidos-en-el-sector-estatal-salta-y-argentina","status":"publish","type":"post","link":"http:\/\/cordobadirecto.com\/index.php\/2025\/01\/27\/para-ate-la-baja-de-retenciones-implicara-mas-despidos-en-el-sector-estatal-salta-y-argentina\/","title":{"rendered":"Para ATE la baja de retenciones implicar\u00e1 m\u00e1s despidos en el sector estatal | Salta y Argentina"},"content":{"rendered":"<p>Entre R\u00edos, Chubut y <b>C\u00f3rdoba<\/b> adelantaron que reducir\u00e1n el impuesto a los Ingresos Brutos &#8230; Tras fuertes presiones desde el agro, el Gobierno cedi\u00f3&nbsp;&#8230; <\/p>\n","protected":false},"excerpt":{"rendered":"<p>Entre R\u00edos, Chubut y C\u00f3rdoba adelantaron que reducir\u00e1n el impuesto a los Ingresos Brutos &#8230; Tras fuertes presiones desde el agro, el Gobierno cedi\u00f3&nbsp;&#8230;<\/p>\n","protected":false},"author":1,"featured_media":0,"comment_status":"closed","ping_status":"closed","sticky":false,"template":"","format":"standard","meta":[],"categories":[40],"tags":[],"_links":{"self":[{"href":"http:\/\/cordobadirecto.com\/index.php\/wp-json\/wp\/v2\/posts\/161373"}],"collection":[{"href":"http:\/\/cordobadirecto.com\/index.php\/wp-json\/wp\/v2\/posts"}],"about":[{"href":"http:\/\/cordobadirecto.com\/index.php\/wp-json\/wp\/v2\/types\/post"}],"author":[{"embeddable":true,"href":"http:\/\/cordobadirecto.com\/index.php\/wp-json\/wp\/v2\/users\/1"}],"replies":[{"embeddable":true,"href":"http:\/\/cordobadirecto.com\/index.php\/wp-json\/wp\/v2\/comments?post=161373"}],"version-history":[{"count":0,"href":"http:\/\/cordobadirecto.com\/index.php\/wp-json\/wp\/v2\/posts\/161373\/revisions"}],"wp:attachment":[{"href":"http:\/\/cordobadirecto.com\/index.php\/wp-json\/wp\/v2\/media?parent=161373"}],"wp:term":[{"taxonomy":"category","embeddable":true,"href":"http:\/\/cordobadirecto.com\/index.php\/wp-json\/wp\/v2\/categories?post=161373"},{"taxonomy":"post_tag","embeddable":true,"href":"http:\/\/cordobadirecto.com\/index.php\/wp-json\/wp\/v2\/tags?post=161373"}],"curies":[{"name":"wp","href":"https:\/\/api.w.org\/{rel}","templated":true}]}}