{"id":161564,"date":"2025-02-01T06:54:21","date_gmt":"2025-02-01T06:54:21","guid":{"rendered":"https:\/\/www.ole.com.ar\/futbol-ascenso\/primera-nacional-nueva-chicago-goleador-reserva-boca_0_wZj7qtqSV6.html"},"modified":"2025-02-01T06:54:21","modified_gmt":"2025-02-01T06:54:21","slug":"el-goleador-y-multicampeon-de-la-reserva-de-boca-que-esta-cerca-de-jugar-en-nueva-chicago","status":"publish","type":"post","link":"http:\/\/cordobadirecto.com\/index.php\/2025\/02\/01\/el-goleador-y-multicampeon-de-la-reserva-de-boca-que-esta-cerca-de-jugar-en-nueva-chicago\/","title":{"rendered":"El goleador y multicampe\u00f3n de la Reserva de Boca que est\u00e1 cerca de jugar en Nueva Chicago"},"content":{"rendered":"<p><time class=\"createDate\" datetime=\"2025-01-31T18:35:42-03:00\">31\/01\/2025 18:35hs.<\/time><\/p>\n<div id=\"storyBody\">\n<div class=\"custom-text \" readability=\"37.137640449438\">\n<p>La recta final de la preparaci\u00f3n sigue siendo movida en <a href=\"https:\/\/www.ole.com.ar\/tema\/nueva-chicago.html\" title=\"Nueva Chicago\" alt=\"Nueva Chicago\" class=\"slug\">Nueva Chicago<\/a>. Es que claro, fue un mercado de pases que no le dio respiro. Y casi sobre el cierre, est\u00e1 por sumar un refuerzo m\u00e1s que proviene de uno de los grandes del f\u00fatbol argentino: <strong>Ignacio Rodr\u00edguez, delantero de 20 a\u00f1os que pertenece a <a href=\"https:\/\/www.ole.com.ar\/tema\/boca-juniors.html\" title=\"Boca Juniors\" alt=\"Boca Juniors\" class=\"slug\">Boca<\/a>, tiene todo avanzado para jugar en el Torito<\/strong>.<\/p>\n<\/div>\n<div class=\"custom-text \" readability=\"32.521739130435\">\n<p>La operaci\u00f3n por el argentino nacionalizado uruguayo est\u00e1 pr\u00f3xima a cerrarse <strong>a pr\u00e9stamo por un a\u00f1o sin cargo ni opci\u00f3n de compra<\/strong>. Corr\u00eda desde atr\u00e1s en la consideraci\u00f3n de <a href=\"https:\/\/www.ole.com.ar\/tema\/fernando-gago.html\" title=\"Fernando Gago\" alt=\"Fernando Gago\" class=\"slug\">Fernando Gago<\/a> y con la confirmaci\u00f3n de su ida a Chicago se convertir\u00e1 en el 13\u00b0 refuerzo del conjunto de Mataderos.<\/p>\n<\/div>\n<div class=\"custom-text \" readability=\"36.328445747801\">\n<p>Lo cierto es que Rodr\u00edguez a\u00fan no debut\u00f3 en Primera: pese a ser un player que genera expectativa en el conjunto de La Ribera por lo logrado en inferiores, bajo las \u00f3rdenes de <a href=\"https:\/\/www.ole.com.ar\/tema\/diego-martinez-dt.html\" title=\"Diego Mart\u00ednez DT\" alt=\"Diego Mart\u00ednez DT\" class=\"slug\">Diego Mart\u00ednez<\/a> y el propio Gago, <strong>apenas concentr\u00f3 en siete partidos y no ingres\u00f3<\/strong>. A\u00fan as\u00ed, tiempo es lo que sobra: su contrato vence reci\u00e9n a fines de 2028.<\/p>\n<\/div>\n<div class=\"sc-e7b891c4-0 ifHnQL image-embed\"><img alt=\"Nacho Rodr\u00edguez y Cascini: el delantero tiene contrato hasta 2028.\" loading=\"lazy\" width=\"720\" height=\"100\" decoding=\"async\" data-nimg=\"1\" src=\"http:\/\/cordobadirecto.com\/wp-content\/uploads\/2025\/02\/el-goleador-y-multicampeon-de-la-reserva-de-boca-que-esta-cerca-de-jugar-en-nueva-chicago.jpg\"><span class=\"epigraphe\">Nacho Rodr\u00edguez y Cascini: el delantero tiene contrato hasta 2028.<\/span><\/div>\n<p><h2><strong>La carrera de Rodr\u00edguez<\/strong><\/h2>\n<\/p>\n<div class=\"custom-text \" readability=\"39\">\n<p>De ciudadan\u00eda uruguaya por parte de su abuelo, su nombre retumba en los pasillos de Boca por los n\u00fameros logrados en inferiores: en 2023, en Cuarta Divisi\u00f3n, convirti\u00f3 14 goles en 11 partidos, lo que lo llev\u00f3 inmediatamente a ser parte de la Reserva. <strong>Sali\u00f3 campe\u00f3n de la Libertadores (hizo los dos goles de la final) e Intercontinental Sub 20<\/strong> siendo goleador y pieza clave del Xeneize.<\/p>\n<\/div>\n<div class=\"custom-text \" readability=\"39\">\n<p>Tambi\u00e9n <strong>tuvo una citaci\u00f3n para la Sub 20 de Uruguay<\/strong>: entren\u00f3 diez dias con el plantel que posteriormente se consagrar\u00eda campe\u00f3n del Mundial llevado a cabo en Argentina, del cual no fue parte. A\u00fan as\u00ed, tal lo mencionado, a\u00fan no pudo debutar en Primera Divisi\u00f3n. Y en ese contexto, Chicago le abre las puertas para tomar el rodaje necesario.<\/p>\n<\/div>\n<div class=\"sc-e7b891c4-0 ifHnQL image-embed\"><img alt=\"Rodr\u00edguez a\u00fan no debut\u00f3 en la Primera de Boca (Prensa Boca)..\" loading=\"lazy\" width=\"720\" height=\"100\" decoding=\"async\" data-nimg=\"1\" src=\"http:\/\/cordobadirecto.com\/wp-content\/uploads\/2025\/02\/el-goleador-y-multicampeon-de-la-reserva-de-boca-que-esta-cerca-de-jugar-en-nueva-chicago-1.jpg\"><span class=\"epigraphe\">Rodr\u00edguez a\u00fan no debut\u00f3 en la Primera de Boca (Prensa Boca)..<\/span><\/div>\n<p><h2><strong>El mercado de pases de Nueva Chicago<\/strong><\/h2>\n<\/p>\n<div class=\"custom-text \" readability=\"47\">\n<p>Al igual que la mayor\u00eda de los clubes de la categor\u00eda, los de Mataderos tuvieron mucho movimiento en la ventana de transferencias. Adem\u00e1s del pr\u00f3ximo arribo de Rodr\u00edguez, llegaron <strong>Juan Ignacio Motroni, Gonazlo Soto, Juli\u00e1n Eseiza, Mateo Montenegro, El\u00edas Machuca, Juli\u00e1n Rodr\u00edguez Vuotto, Gonzalo Muscia, Tom\u00e1s Orqueida, Lucas V\u00e1zquez, Facundo Rizzi, Franco Cort\u00e9s y Germ\u00e1n Mansilla<\/strong>.<\/p>\n<\/div>\n<div class=\"custom-text \" readability=\"46\">\n<p>Por otra parte, <strong>la lista de bajas tambi\u00e9n es amplia<\/strong>: Facundo Castro, Rom\u00e1n Digi\u00f3n, Roque Ram\u00edrez, Alejandro Contreras Daza, Gabriel Altamirano, Franco Amarfil, Tom\u00e1s Rossi, Daniel Monllor, Enzo Trinidad, Evelio Cardozo, Tom\u00e1s Bottari, Agust\u00edn Paz y Agust\u00edn Pastorelli son los que se fueron.<\/p>\n<\/div>\n<div class=\"sc-a7166897-0 eoLsBE\" readability=\"6.5\">\n<section readability=\"3\"><picture><img alt=\"El emotivo video con el que Deportivo Espa\u00f1ol anunci\u00f3 su regreso a la Copa Argentina\" loading=\"lazy\" width=\"290\" height=\"290\" decoding=\"async\" data-nimg=\"1\" src=\"http:\/\/cordobadirecto.com\/wp-content\/uploads\/2025\/02\/el-goleador-y-multicampeon-de-la-reserva-de-boca-que-esta-cerca-de-jugar-en-nueva-chicago-2.jpg\"><\/picture>\n<p><span>Mir\u00e1 tambi\u00e9n<\/span><\/p>\n<hr>\n<h3>El emotivo video con el que Deportivo Espa\u00f1ol anunci\u00f3 su regreso a la Copa Argentina<\/h3>\n<\/p>\n<\/section>\n<\/div>\n<div class=\"sc-a7166897-0 eoLsBE\" readability=\"7.5\">\n<section readability=\"5\"><picture><img alt=\"Wallasch, con Ol\u00e9: &quot;Trabajamos para ser protagonistas, somos parte de un barrio y de un club so\u00f1ador&quot;\" loading=\"lazy\" width=\"290\" height=\"290\" decoding=\"async\" data-nimg=\"1\" src=\"http:\/\/cordobadirecto.com\/wp-content\/uploads\/2025\/02\/el-goleador-y-multicampeon-de-la-reserva-de-boca-que-esta-cerca-de-jugar-en-nueva-chicago-3.jpg\"><\/picture>\n<p><span>Mir\u00e1 tambi\u00e9n<\/span><\/p>\n<hr>\n<h3>Wallasch, con Ol\u00e9: &#8220;Trabajamos para ser protagonistas, somos parte de un barrio y de un club so\u00f1ador&#8221;<\/h3>\n<\/p>\n<\/section>\n<\/div>\n<div class=\"sc-a7166897-0 eoLsBE\" readability=\"6\">\n<section readability=\"2\"><picture><img alt=\"Copa Argentina 2025: la llave tras la goleada de Boca\" loading=\"lazy\" width=\"290\" height=\"290\" decoding=\"async\" data-nimg=\"1\" src=\"http:\/\/cordobadirecto.com\/wp-content\/uploads\/2025\/02\/el-goleador-y-multicampeon-de-la-reserva-de-boca-que-esta-cerca-de-jugar-en-nueva-chicago-4.jpg\"><\/picture>\n<p><span>Mir\u00e1 tambi\u00e9n<\/span><\/p>\n<hr>\n<h3>Copa Argentina 2025: la llave tras la goleada de Boca<\/h3>\n<\/p>\n<\/section>\n<\/div>\n<\/div>\n","protected":false},"excerpt":{"rendered":"<p>31\/01\/2025 18:35hs. La recta final de la preparaci\u00f3n sigue siendo movida en Nueva Chicago. Es que claro, fue un mercado de pases que no le dio respiro. Y casi sobre el cierre, est\u00e1 por sumar un refuerzo m\u00e1s que proviene de uno de los grandes del f\u00fatbol argentino: Ignacio Rodr\u00edguez, delantero de 20 a\u00f1os que [&hellip;]<\/p>\n","protected":false},"author":1,"featured_media":161565,"comment_status":"closed","ping_status":"closed","sticky":false,"template":"","format":"standard","meta":[],"categories":[21],"tags":[],"_links":{"self":[{"href":"http:\/\/cordobadirecto.com\/index.php\/wp-json\/wp\/v2\/posts\/161564"}],"collection":[{"href":"http:\/\/cordobadirecto.com\/index.php\/wp-json\/wp\/v2\/posts"}],"about":[{"href":"http:\/\/cordobadirecto.com\/index.php\/wp-json\/wp\/v2\/types\/post"}],"author":[{"embeddable":true,"href":"http:\/\/cordobadirecto.com\/index.php\/wp-json\/wp\/v2\/users\/1"}],"replies":[{"embeddable":true,"href":"http:\/\/cordobadirecto.com\/index.php\/wp-json\/wp\/v2\/comments?post=161564"}],"version-history":[{"count":0,"href":"http:\/\/cordobadirecto.com\/index.php\/wp-json\/wp\/v2\/posts\/161564\/revisions"}],"wp:featuredmedia":[{"embeddable":true,"href":"http:\/\/cordobadirecto.com\/index.php\/wp-json\/wp\/v2\/media\/161565"}],"wp:attachment":[{"href":"http:\/\/cordobadirecto.com\/index.php\/wp-json\/wp\/v2\/media?parent=161564"}],"wp:term":[{"taxonomy":"category","embeddable":true,"href":"http:\/\/cordobadirecto.com\/index.php\/wp-json\/wp\/v2\/categories?post=161564"},{"taxonomy":"post_tag","embeddable":true,"href":"http:\/\/cordobadirecto.com\/index.php\/wp-json\/wp\/v2\/tags?post=161564"}],"curies":[{"name":"wp","href":"https:\/\/api.w.org\/{rel}","templated":true}]}}