{"id":161579,"date":"2025-02-01T23:21:39","date_gmt":"2025-02-01T23:21:39","guid":{"rendered":"http:\/\/cordobadirecto.com\/index.php\/2025\/02\/01\/miles-de-personas-en-cordoba-mar-del-plata-y-rosario-se-unieron-a-la-marcha-federal-lgbt\/"},"modified":"2025-02-01T23:21:39","modified_gmt":"2025-02-01T23:21:39","slug":"miles-de-personas-en-cordoba-mar-del-plata-y-rosario-se-unieron-a-la-marcha-federal-lgbt","status":"publish","type":"post","link":"http:\/\/cordobadirecto.com\/index.php\/2025\/02\/01\/miles-de-personas-en-cordoba-mar-del-plata-y-rosario-se-unieron-a-la-marcha-federal-lgbt\/","title":{"rendered":"Miles de personas en <b>C\u00f3rdoba<\/b>, Mar del Plata y Rosario se unieron a la Marcha Federal LGBT+"},"content":{"rendered":"<p>Miles de personas se movilizaron en todo el pa\u00eds este s\u00e1bado en respuesta a los pol\u00e9micos dichos del presidente de la Naci\u00f3n, Javier M&#8230; <\/p>\n","protected":false},"excerpt":{"rendered":"<p>Miles de personas se movilizaron en todo el pa\u00eds este s\u00e1bado en respuesta a los pol\u00e9micos dichos del presidente de la Naci\u00f3n, Javier M&#8230;<\/p>\n","protected":false},"author":1,"featured_media":0,"comment_status":"closed","ping_status":"closed","sticky":false,"template":"","format":"standard","meta":[],"categories":[40],"tags":[],"_links":{"self":[{"href":"http:\/\/cordobadirecto.com\/index.php\/wp-json\/wp\/v2\/posts\/161579"}],"collection":[{"href":"http:\/\/cordobadirecto.com\/index.php\/wp-json\/wp\/v2\/posts"}],"about":[{"href":"http:\/\/cordobadirecto.com\/index.php\/wp-json\/wp\/v2\/types\/post"}],"author":[{"embeddable":true,"href":"http:\/\/cordobadirecto.com\/index.php\/wp-json\/wp\/v2\/users\/1"}],"replies":[{"embeddable":true,"href":"http:\/\/cordobadirecto.com\/index.php\/wp-json\/wp\/v2\/comments?post=161579"}],"version-history":[{"count":0,"href":"http:\/\/cordobadirecto.com\/index.php\/wp-json\/wp\/v2\/posts\/161579\/revisions"}],"wp:attachment":[{"href":"http:\/\/cordobadirecto.com\/index.php\/wp-json\/wp\/v2\/media?parent=161579"}],"wp:term":[{"taxonomy":"category","embeddable":true,"href":"http:\/\/cordobadirecto.com\/index.php\/wp-json\/wp\/v2\/categories?post=161579"},{"taxonomy":"post_tag","embeddable":true,"href":"http:\/\/cordobadirecto.com\/index.php\/wp-json\/wp\/v2\/tags?post=161579"}],"curies":[{"name":"wp","href":"https:\/\/api.w.org\/{rel}","templated":true}]}}