{"id":161582,"date":"2025-02-01T12:05:29","date_gmt":"2025-02-01T12:05:29","guid":{"rendered":"https:\/\/cordoba.gob.ar\/?p=71520"},"modified":"2025-02-01T12:05:29","modified_gmt":"2025-02-01T12:05:29","slug":"en-febrero-continuan-los-operativos-itinerantes-barriales-para-obtener-el-certificado-unico-de-salud","status":"publish","type":"post","link":"http:\/\/cordobadirecto.com\/index.php\/2025\/02\/01\/en-febrero-continuan-los-operativos-itinerantes-barriales-para-obtener-el-certificado-unico-de-salud\/","title":{"rendered":"En febrero contin\u00faan los operativos itinerantes barriales para obtener el Certificado \u00danico de Salud"},"content":{"rendered":"<div><img src=\"http:\/\/cordobadirecto.com\/wp-content\/uploads\/2025\/02\/en-febrero-continuan-los-operativos-itinerantes-barriales-para-obtener-el-certificado-unico-de-salud.jpg\" class=\"ff-og-image-inserted\"><\/div>\n<ul>\n<li><strong>Se seguir\u00e1n realizando tanto a ni\u00f1os y adolescentes desde los 3 a\u00f1os de edad.<\/strong><\/li>\n<\/ul>\n<ul class=\"ak-ul\" data-pm-slice=\"3 1 []\">\n<li><strong>El acceso es gratuito con turno previo que se obtiene de manera presencial d\u00edas previos en las instituciones donde se lleven a cabo los operativos.<\/strong><\/li>\n<li><strong>En lo que va del a\u00f1o ya se realizaron 4.380 CUS.<\/strong><\/li>\n<\/ul>\n<hr>\n<p>La Municipalidad de C\u00f3rdoba contin\u00faa con los operativos \u201cVerano con Salud\u201d para la obtenci\u00f3n del Certificado \u00danico de Salud (CUS) requisito obligado para el ingreso escolar al ciclo lectivo 2025.<\/p>\n<p>Este examen preventivo deben realiz\u00e1rselo ni\u00f1os y adolescentes de los niveles educativos inicial, primario y secundario que asistan a establecimientos educativos estatales y privados adscriptos a la cartera educativa de la provincia deben realizar anualmente.<\/p>\n<p>A tal fin, la Secretar\u00eda de Salud sigue trabajando de manera anticipada al inicio del ciclo escolar, con el objetivo de evitar el colapso de las instituciones de salud en \u00e9pocas de mayor demanda.<\/p>\n<p>Durante el mes de enero ya se emitieron 4.380 CUS gracias al trabajo coordinado entre los operativos itinerantes, Centros de Salud y con las Direcciones de Especialidades M\u00e9dicas.<\/p>\n<p>Los operativos itinerantes de verano, recorren distintos espacios de la ciudad y son coordinados por centros vecinales, escuelas, iglesias, Centros de Integraci\u00f3n Comunitaria (CIC) y otras instituciones.<\/p>\n<p>Para acceder al CUS en estos puntos los vecinos deben solicitar con un turno programado los d\u00edas previos en los espacios participantes de cada operativo, de lunes a viernes de 8:00 a 12:00 horas.<\/p>\n<p>El proceso para obtener el CUS implica una serie de consultas y pr\u00e1cticas m\u00e9dicas gratuitas, que incluyen un examen cl\u00ednico, oftalmol\u00f3gico y odontol\u00f3gico para verificar que la persona no presente s\u00edntomas que puedan poner en riesgo su salud, fomentando una infancia y adolescencia saludable.<\/p>\n<p>A su vez, en el sector de enfermer\u00eda se controla la tensi\u00f3n, talla, peso y altura, como as\u00ed tambi\u00e9n se verifica el carnet de vacunaci\u00f3n, pudiendo completarse en caso de ser necesario.<\/p>\n<p>Es importante aclarar que tambi\u00e9n, a lo largo de todo el a\u00f1o, en los 100 centros de Salud Municipales se puede acceder a la realizaci\u00f3n del CUS, al que tambi\u00e9n se accede con turno previo.<\/p>\n<p><strong>Pr\u00f3ximas fechas y lugares donde se encontrar\u00e1n los puntos itinerantes:<\/strong><\/p>\n<p>\u2022 <strong>3 y 5 de febrero:<\/strong> Centro Vecinal B\u00b0 Patricios \u00abEste\u00bb \u2013 Barrio Patricios Este<br \/>\u2022 <strong>6 y 10 de febrero<\/strong>: La casita cultural- Barrio Mosconi<br \/>\u2022 <strong>12, 13 y 14 de febrero<\/strong>: Parque Educativo Norte \u2013 Barrio Marqu\u00e9s Anexo<br \/>\u2022 <strong>17 de febrero:<\/strong> Escuela \u00abMadre Maria del Tr\u00e1nsito\u00bb- Villa Boedo<br \/>\u2022 <strong>19 y 20 de febrer<\/strong>o: Centro Vecinal- Barrio Coronel Olmedo<br \/>\u2022 <strong>24 de febrero:<\/strong> Iglesia Ejercito de Adoradores \u2013 Barrio 16 de Noviembre<br \/>\u2022 <strong>26 de febrero<\/strong>: Escuela Primaria Ricardo Nassif- Barrio IPV Arg\u00fcello<br \/>\u2022 <strong>27 de febrero<\/strong>: Escuela Primaria Hugo Leonelli- Barrio IPV Arg\u00fcello<br \/>\u2022 <strong>28 de febrero<\/strong>: Escuela Primaria Martha A. Salotti \u2013 Barrio IPV Arg\u00fcello<\/p>\n","protected":false},"excerpt":{"rendered":"<p>Se seguir\u00e1n realizando tanto a ni\u00f1os y adolescentes desde los 3 a\u00f1os de edad. El acceso es gratuito con turno previo que se obtiene de manera presencial d\u00edas previos en las instituciones donde se lleven a cabo los operativos. En lo que va del a\u00f1o ya se realizaron 4.380 CUS. La Municipalidad de C\u00f3rdoba contin\u00faa [&hellip;]<\/p>\n","protected":false},"author":1,"featured_media":161583,"comment_status":"closed","ping_status":"closed","sticky":false,"template":"","format":"standard","meta":[],"categories":[44],"tags":[],"_links":{"self":[{"href":"http:\/\/cordobadirecto.com\/index.php\/wp-json\/wp\/v2\/posts\/161582"}],"collection":[{"href":"http:\/\/cordobadirecto.com\/index.php\/wp-json\/wp\/v2\/posts"}],"about":[{"href":"http:\/\/cordobadirecto.com\/index.php\/wp-json\/wp\/v2\/types\/post"}],"author":[{"embeddable":true,"href":"http:\/\/cordobadirecto.com\/index.php\/wp-json\/wp\/v2\/users\/1"}],"replies":[{"embeddable":true,"href":"http:\/\/cordobadirecto.com\/index.php\/wp-json\/wp\/v2\/comments?post=161582"}],"version-history":[{"count":0,"href":"http:\/\/cordobadirecto.com\/index.php\/wp-json\/wp\/v2\/posts\/161582\/revisions"}],"wp:featuredmedia":[{"embeddable":true,"href":"http:\/\/cordobadirecto.com\/index.php\/wp-json\/wp\/v2\/media\/161583"}],"wp:attachment":[{"href":"http:\/\/cordobadirecto.com\/index.php\/wp-json\/wp\/v2\/media?parent=161582"}],"wp:term":[{"taxonomy":"category","embeddable":true,"href":"http:\/\/cordobadirecto.com\/index.php\/wp-json\/wp\/v2\/categories?post=161582"},{"taxonomy":"post_tag","embeddable":true,"href":"http:\/\/cordobadirecto.com\/index.php\/wp-json\/wp\/v2\/tags?post=161582"}],"curies":[{"name":"wp","href":"https:\/\/api.w.org\/{rel}","templated":true}]}}