{"id":161606,"date":"2025-02-01T18:39:11","date_gmt":"2025-02-01T18:39:11","guid":{"rendered":"https:\/\/www.ole.com.ar\/autos\/james-vowles-volvio-opinar-franco-colapinto-listo-f1-formula-1-alpine_0_xUyr0MRid8.html"},"modified":"2025-02-01T18:39:11","modified_gmt":"2025-02-01T18:39:11","slug":"james-vowles-volvio-a-opinar-sobre-colapinto-creo-que-esta-listo","status":"publish","type":"post","link":"http:\/\/cordobadirecto.com\/index.php\/2025\/02\/01\/james-vowles-volvio-a-opinar-sobre-colapinto-creo-que-esta-listo\/","title":{"rendered":"James Vowles volvi\u00f3 a opinar sobre Colapinto: &#8220;Creo que est\u00e1 listo&#8230;&#8221;"},"content":{"rendered":"<p><time class=\"createDate\" datetime=\"2025-02-01T15:39:11-03:00\">01\/02\/2025 15:39hs.<\/time><\/p>\n<div id=\"storyBody\">\n<div class=\"custom-text \" readability=\"43\">\n<p>Es sabido que <strong>Franco Colapinto<\/strong> no se detendr\u00e1 frente al sem\u00e1foro el 16 de marzo, cuando se disputar\u00e1 el GP de Australia, para darle rienda suelta a la temporada de F\u00f3rmula 1. Armado de paciencia, <strong>el argentino deber\u00e1 aguardar por su oportunidad <\/strong>y por que Jack Doohan, el segundo piloto de Alpine, tenga un rendimiento que les deje m\u00e1s dudas que certezas a Flavio Briatore y compa\u00f1\u00eda. Ahora bien, antes de que haya un veredicto en torno al australiano: \u00bfest\u00e1 listo para pegar el salto a la titularidad y volver a ser uno de los 20 elegidos de la M\u00e1xima? <strong>Uno que lo conoce muy bien, James Vowles, tiene clar\u00edsima su respuesta&#8230;<\/strong><\/p>\n<\/div>\n<div class=\"custom-text \" readability=\"41\">\n<p>El jefe de Williams, rol desde el que instruy\u00f3 y puso bajo su ala a Franco, vio las dos partes. Por un lado, <strong>contempl\u00f3 la situaci\u00f3n de Doohan<\/strong>, quiz\u00e1s el corredor que m\u00e1s presi\u00f3n tendr\u00e1 en la fecha inaugural del campeonato, pero por el otro destac\u00f3 a su pollo, quien se gan\u00f3 las miradas del mundo tuerca por sus sorpresivas performances en tan solo nueve fechas. <\/p>\n<\/div>\n<div class=\"custom-text \" readability=\"41\">\n<p>&#8220;<strong>Jack deber\u00eda tener tiempo para probarse a s\u00ed mismo<\/strong>. Tan simple como eso. Creo que todo piloto deber\u00eda recibir la oportunidad. Si no est\u00e1 en el nivel correcto, Franco estar\u00e1 ah\u00ed y listo para correr&#8221;, expres\u00f3 Vowles en di\u00e1logo con RacingNews365. Profundizando sus conceptos, el ingeniero sigui\u00f3: &#8220;<strong>Creo que est\u00e1 listo para subirse al auto directamente. Es una decisi\u00f3n de Alpine, pero \u00e9l, tal y como me dej\u00f3, est\u00e1 encendido y preparado<\/strong>&#8220;.<\/p>\n<\/div>\n<div class=\"sc-e7b891c4-0 ifHnQL image-embed\"><img alt=\"Vowles opin\u00f3 sobre la actualidad de Colapinto en Alpine. @WilliamsRacing\" loading=\"lazy\" width=\"720\" height=\"100\" decoding=\"async\" data-nimg=\"1\" src=\"http:\/\/cordobadirecto.com\/wp-content\/uploads\/2025\/02\/james-vowles-volvio-a-opinar-sobre-colapinto-creo-que-esta-listo.jpg\"><span class=\"epigraphe\">Vowles opin\u00f3 sobre la actualidad de Colapinto en Alpine. @WilliamsRacing<\/span><\/div>\n<p><h2><strong>James Vowles explic\u00f3 por qu\u00e9 cedi\u00f3 a Colapinto<\/strong><\/h2>\n<\/p>\n<div class=\"custom-text \" readability=\"40\">\n<p>\u00bfY si Colapinto le gustaba tanto por qu\u00e9 no lo conserv\u00f3? Se explica con facilidad: Williams cuenta con dos pilotos de primera, Carlos Sainz y Alexander Albon, <strong>y sus contratos expirar\u00e1n a fines de 2026<\/strong>. Aunque ya hab\u00eda explicado su posici\u00f3n al momento de efectuarse la transferencia (seg\u00fan Mar\u00eda Catarineu, manager de Franco, un pr\u00e9stamo de cinco a\u00f1os), el T\u00edo James record\u00f3: &#8220;<strong>Mira la grilla&#8230; Esta es la mejor oportunidad para \u00e9l<\/strong>. Tenemos una gran formaci\u00f3n por al menos los pr\u00f3ximos dos a\u00f1os as\u00ed que no habr\u00eda tenido lugar con nosotros. Es su mejor chance para meterse&#8221;.<\/p>\n<\/div>\n<div class=\"custom-text \" readability=\"41\">\n<p>Ciertamente, aunque no hay certezas en cuanto a las fechas (se habla de que el retorno podr\u00eda darse en mayo, posiblemente en Miami o \u00cdmola), <strong>lo m\u00e1s probable es que el pilarense vuelve a la grilla cuanto antes<\/strong>. El primer aviso de Briatore, asesor de la escuder\u00eda gala, fue que Pierre Gasly y Jack Doohan arrancar\u00edan el a\u00f1o y no minti\u00f3. Eso s\u00ed, no dijo que ser\u00edan quienes lo terminen&#8230;<\/p>\n<\/div>\n<div class=\"sc-e7b891c4-0 ifHnQL image-embed\"><img alt=\"Colapinto luchar\u00e1 con Doohan por la segunda butaca en Alpine.\" loading=\"lazy\" width=\"720\" height=\"100\" decoding=\"async\" data-nimg=\"1\" src=\"http:\/\/cordobadirecto.com\/wp-content\/uploads\/2025\/02\/james-vowles-volvio-a-opinar-sobre-colapinto-creo-que-esta-listo-1.jpg\"><span class=\"epigraphe\">Colapinto luchar\u00e1 con Doohan por la segunda butaca en Alpine.<\/span><\/div>\n<div class=\"sc-a7166897-0 eoLsBE\" readability=\"6.5\">\n<section readability=\"3\"><picture><img alt=\"As\u00ed ser\u00e1 la presentaci\u00f3n de la F1 2025, incluido Alpine con Franco Colapinto\" loading=\"lazy\" width=\"290\" height=\"290\" decoding=\"async\" data-nimg=\"1\" src=\"http:\/\/cordobadirecto.com\/wp-content\/uploads\/2025\/02\/james-vowles-volvio-a-opinar-sobre-colapinto-creo-que-esta-listo-2.jpg\"><\/picture>\n<p><span>Mir\u00e1 tambi\u00e9n<\/span><\/p>\n<hr>\n<h3>As\u00ed ser\u00e1 la presentaci\u00f3n de la F1 2025, incluido Alpine con Franco Colapinto<\/h3>\n<\/p>\n<\/section>\n<\/div>\n<div class=\"sc-a7166897-0 eoLsBE\" readability=\"6.5\">\n<section readability=\"3\"><picture><img alt=\"Atento Colapinto: habl\u00f3 Doohan y dijo que espera tener muchos a\u00f1os exitosos en&nbsp;la&nbsp;F\u00f3rmula&nbsp;1\" loading=\"lazy\" width=\"290\" height=\"290\" decoding=\"async\" data-nimg=\"1\" src=\"http:\/\/cordobadirecto.com\/wp-content\/uploads\/2025\/02\/james-vowles-volvio-a-opinar-sobre-colapinto-creo-que-esta-listo-3.jpg\"><\/picture>\n<p><span>Mir\u00e1 tambi\u00e9n<\/span><\/p>\n<hr>\n<h3>Atento Colapinto: habl\u00f3 Doohan y dijo que espera tener muchos a\u00f1os exitosos en&nbsp;la&nbsp;F\u00f3rmula&nbsp;1<\/h3>\n<\/p>\n<\/section>\n<\/div>\n<div class=\"sc-a7166897-0 eoLsBE\" readability=\"6\">\n<section readability=\"2\"><picture><img alt=\"Varrone se ilusiona con correr en la F\u00f3rmula 2: &quot;No bien se abra una puerta...&quot;\" loading=\"lazy\" width=\"290\" height=\"290\" decoding=\"async\" data-nimg=\"1\" src=\"http:\/\/cordobadirecto.com\/wp-content\/uploads\/2025\/02\/james-vowles-volvio-a-opinar-sobre-colapinto-creo-que-esta-listo-4.jpg\"><\/picture>\n<p><span>Mir\u00e1 tambi\u00e9n<\/span><\/p>\n<hr>\n<h3>Varrone se ilusiona con correr en la F\u00f3rmula 2: &#8220;No bien se abra una puerta&#8230;&#8221;<\/h3>\n<\/p>\n<\/section>\n<\/div>\n<div class=\"sc-a7166897-0 eoLsBE\" readability=\"6\">\n<section readability=\"2\"><picture><img alt=\"Video: as\u00ed juega Franco Colapinto al p\u00e1del \" loading=\"lazy\" width=\"290\" height=\"290\" decoding=\"async\" data-nimg=\"1\" src=\"http:\/\/cordobadirecto.com\/wp-content\/uploads\/2025\/02\/james-vowles-volvio-a-opinar-sobre-colapinto-creo-que-esta-listo-5.jpg\"><\/picture>\n<p><span>Mir\u00e1 tambi\u00e9n<\/span><\/p>\n<hr>\n<h3>Video: as\u00ed juega Franco Colapinto al p\u00e1del <\/h3>\n<\/p>\n<\/section>\n<\/div>\n<\/div>\n","protected":false},"excerpt":{"rendered":"<p>01\/02\/2025 15:39hs. Es sabido que Franco Colapinto no se detendr\u00e1 frente al sem\u00e1foro el 16 de marzo, cuando se disputar\u00e1 el GP de Australia, para darle rienda suelta a la temporada de F\u00f3rmula 1. Armado de paciencia, el argentino deber\u00e1 aguardar por su oportunidad y por que Jack Doohan, el segundo piloto de Alpine, tenga [&hellip;]<\/p>\n","protected":false},"author":1,"featured_media":161607,"comment_status":"closed","ping_status":"closed","sticky":false,"template":"","format":"standard","meta":[],"categories":[21],"tags":[],"_links":{"self":[{"href":"http:\/\/cordobadirecto.com\/index.php\/wp-json\/wp\/v2\/posts\/161606"}],"collection":[{"href":"http:\/\/cordobadirecto.com\/index.php\/wp-json\/wp\/v2\/posts"}],"about":[{"href":"http:\/\/cordobadirecto.com\/index.php\/wp-json\/wp\/v2\/types\/post"}],"author":[{"embeddable":true,"href":"http:\/\/cordobadirecto.com\/index.php\/wp-json\/wp\/v2\/users\/1"}],"replies":[{"embeddable":true,"href":"http:\/\/cordobadirecto.com\/index.php\/wp-json\/wp\/v2\/comments?post=161606"}],"version-history":[{"count":0,"href":"http:\/\/cordobadirecto.com\/index.php\/wp-json\/wp\/v2\/posts\/161606\/revisions"}],"wp:featuredmedia":[{"embeddable":true,"href":"http:\/\/cordobadirecto.com\/index.php\/wp-json\/wp\/v2\/media\/161607"}],"wp:attachment":[{"href":"http:\/\/cordobadirecto.com\/index.php\/wp-json\/wp\/v2\/media?parent=161606"}],"wp:term":[{"taxonomy":"category","embeddable":true,"href":"http:\/\/cordobadirecto.com\/index.php\/wp-json\/wp\/v2\/categories?post=161606"},{"taxonomy":"post_tag","embeddable":true,"href":"http:\/\/cordobadirecto.com\/index.php\/wp-json\/wp\/v2\/tags?post=161606"}],"curies":[{"name":"wp","href":"https:\/\/api.w.org\/{rel}","templated":true}]}}