{"id":161656,"date":"2025-02-03T07:13:53","date_gmt":"2025-02-03T07:13:53","guid":{"rendered":"https:\/\/www.ole.com.ar\/futbol-ascenso\/primera-nacional-quilmes-ascenso-mateo-magadan-presidente-elecciones_0_6u4a8yMQRs.html"},"modified":"2025-02-03T07:13:53","modified_gmt":"2025-02-03T07:13:53","slug":"mateo-magadan-su-rol-como-presidente-de-quilmes-vangioni-y-las-elecciones-que-se-vienen","status":"publish","type":"post","link":"http:\/\/cordobadirecto.com\/index.php\/2025\/02\/03\/mateo-magadan-su-rol-como-presidente-de-quilmes-vangioni-y-las-elecciones-que-se-vienen\/","title":{"rendered":"Mateo Magad\u00e1n: su rol como presidente de Quilmes, Vangioni y las elecciones que se vienen"},"content":{"rendered":"<p><time class=\"createDate\" datetime=\"2025-01-31T17:59:41-03:00\">31\/01\/2025 17:59hs.<\/time><\/p>\n<div id=\"storyBody\">\n<div class=\"custom-text \" readability=\"36\">\n<p>Ruido en el mercado de pases con la llegada de Leonel Vangioni. Sue\u00f1os de Primera en un nuevo torneo del Nacional que se viene. Las futuras elecciones, el manejo de Quilmes y su amor por los colores. Charla a fondo con Mateo Magad\u00e1n, el responsable del club del Sur.<\/p>\n<\/div>\n<p><h2><strong>El a\u00f1o que se le viene a Quilmes y la palabra \u201cobligaci\u00f3n\u201d<\/strong><\/h2>\n<\/p>\n<div class=\"custom-text \" readability=\"35\">\n<p>\u201cLa pretemporada fue dura. De a poco el plantel ya se empez\u00f3 a consolidar. El a\u00f1o va a ser largo pero nos genera ilusi\u00f3n y expectativa. <strong>Queremos pelear arriba durante todo el torneo y apuntamos a llegar bien a la recta final, teniendo un campeonato tan largo.<\/strong><\/p>\n<\/div>\n<div class=\"custom-text \" readability=\"40\">\n<p>Estar en Quilmes genera presi\u00f3n y los jugadores lo saben. <strong>Nosotros cuando buscamos futbolistas buscamos que entiendan ese mensaje desde el principio, que sepan a qu\u00e9 club vienen, que juegan con 15.000 personas todos los fines de semanas, que hay que bancarse que todos nos quieran ganar, que los rivales hagan tiempo, se metan atr\u00e1s.<\/strong><\/p>\n<\/div>\n<div class=\"custom-text \" readability=\"33\">\n<p><strong>El objetivo es pelear. Y hablar de pelear es un sin\u00f3nimo de ascender \u00bfno? No hay que tenerle miedo a la palabra. <\/strong>Simplemente ser competitivo y estar en todos los detalles para que eso suceda.<\/p>\n<\/div>\n<p><h2><strong>Quilmes institucionalmente<\/strong><\/h2>\n<\/p>\n<div class=\"custom-text \" readability=\"38\">\n<p>\u201cEl club est\u00e1 en pleno crecimiento.<strong> Hace nueve a\u00f1os que se viene trabajando en intentar escaparse de esa etapa de fines del 2016 que hicieron que Quilmes tenga muchas consecuencias adversas que hoy estamos levantando: el club no ten\u00eda cuenta bancaria, ten\u00eda muchas deudas, muchos pasivos, se genero el tema que hoy nos tiene inhibidos.<\/strong><\/p>\n<\/div>\n<div class=\"custom-text \" readability=\"43\">\n<p>Hoy solo podemos incorporar jugadores del mercado local, por eso en los mercados debemos ser muy inteligentes. <strong>Pero el club, a partir del 2016 en adelante, se empez\u00f3 a ordenar administrativamente, Quilmes paga sus deudas, mantiene una estructura de m\u00e1s de 300 empleados, de siete predios, de muchos metros cuadrados, y estamos en un pleno camino de crecimiento.<\/strong><\/p>\n<\/div>\n<div class=\"custom-text \" readability=\"33\">\n<p><strong>Si uno est\u00e1 ordenado de la l\u00ednea de campo para afuera, en la cancha se va a ver ese resultado<\/strong>\u201d.<\/p>\n<\/div>\n<div class=\"sc-e7b891c4-0 ifHnQL image-embed\"><img alt=\"Mateo Magad\u00e1n, presidente de Quilmes, con Ol\u00e9. (Foto: Instagram @juanmateomagadan).\" loading=\"lazy\" width=\"720\" height=\"100\" decoding=\"async\" data-nimg=\"1\" src=\"http:\/\/cordobadirecto.com\/wp-content\/uploads\/2025\/02\/mateo-magadan-su-rol-como-presidente-de-quilmes-vangioni-y-las-elecciones-que-se-vienen.jpg\"><span class=\"epigraphe\">Mateo Magad\u00e1n, presidente de Quilmes, con Ol\u00e9. (Foto: Instagram @juanmateomagadan).<\/span><\/div>\n<p><h2><strong>Ser presidente y a la vez hincha<\/strong><\/h2>\n<\/p>\n<div class=\"custom-text \" readability=\"42\">\n<p>\u201c<strong>Podes encontrar fotos de la d\u00e9cada del 90 m\u00edas, en la utiler\u00eda cuando sal\u00eda de mascota con los jugadores. <\/strong>En este caso es administrar tres clubes en uno: porque tenes al club del pasado, donde hay que pagar las deudas, corregir los errores, despu\u00e9s est\u00e1 el club del presente que es el de mantener una mega estructura, que no sea deficitario mes a mes, y por \u00faltimo el club del futuro, que es el de las obras.<\/p>\n<\/div>\n<div class=\"custom-text \" readability=\"41\">\n<p><strong>Por ejemplo nosotros hicimos la cancha de sint\u00e9tico para el f\u00fatbol juvenil, ac\u00e1 en el estadio se llevaron a cabo muchas obras, en la Sede social tambi\u00e9n<\/strong> y bueno, uno como dirigente tiene que combinar todas esas horas que le dedica al club con su vida personal, con su profesi\u00f3n, con su trabajo. Los dirigentes no tenemos sueldos, eso est\u00e1 prohibido por el estatuto del club.<\/p>\n<\/div>\n<div class=\"custom-text \" readability=\"38\">\n<p><strong>Sufro mucho cuando Quilmes pierde<\/strong>, pero me repongo r\u00e1pido porque tengo que estar entero y se que tengo que ser el primero en levantar a mis compa\u00f1eros de la CD, al cuerpo t\u00e9cnico, a los jugadores, el club no te da respiro. No hay un d\u00eda que te puedas relajar. <strong>Lo vivo con mucha pasi\u00f3n<\/strong>\u201d.<\/p>\n<\/div>\n<div class=\"sc-e7b891c4-0 ifHnQL image-embed\"><img alt=\"Mateo Magad\u00e1n, presidente de Quilmes, con Ol\u00e9. (Foto: Instagram @juanmateomagadan).\" loading=\"lazy\" width=\"720\" height=\"100\" decoding=\"async\" data-nimg=\"1\" src=\"http:\/\/cordobadirecto.com\/wp-content\/uploads\/2025\/02\/mateo-magadan-su-rol-como-presidente-de-quilmes-vangioni-y-las-elecciones-que-se-vienen-1.jpg\"><span class=\"epigraphe\">Mateo Magad\u00e1n, presidente de Quilmes, con Ol\u00e9. (Foto: Instagram @juanmateomagadan).<\/span><\/div>\n<p><h2><strong>Los mercados de Quilmes<\/strong><\/h2>\n<\/p>\n<div class=\"custom-text \" readability=\"42\">\n<p>&#8220;La venta de Puzzo y Alfonso a Talleres de C\u00f3rdoba habla de que estamos trabajando bien no solo en f\u00fatbol juvenil, donde invertimos m\u00e1s de 600 millones de pesos por a\u00f1o, sino tambi\u00e9n en f\u00fatbol profesional, donde el 50% del plantel est\u00e1 nutrido y alimentado de chicos del club. Esta composici\u00f3n de juveniles en el f\u00fatbol profesional, implica a su vez, que nuestros activos se seguir\u00e1n potenciando con jugadores de jerarqu\u00eda y experiencia, que a su vez nos har\u00e1n pelear el torneo, y as\u00ed va todo de la mano.<\/p>\n<\/div>\n<div class=\"custom-text \" readability=\"40\">\n<p>Lan\u00fas, V\u00e9lez o Argentinos hoy tienen la posibilidad hoy de vender en cifras millonaria (Soler, Valent\u00edn G\u00f3mez), pero es un camino de hace m\u00e1s a\u00f1os. Ac\u00e1 la inversi\u00f3n en f\u00fatbol juvenil se est\u00e1 haciendo cada vez mayor, pero tambi\u00e9n necesitamos con urgencia el ascenso, y por eso parte de las ventas de jugadores van al presupuesto de f\u00fatbol profesional.<\/p>\n<\/div>\n<div class=\"custom-text \" readability=\"34\">\n<p>Mientras estemos en la PN no podemos manejar tiempos y montos, porque es tambi\u00e9n el propio jugador el que necesita evolucionar en su carrera profesional y ascender. La capacidad de retener es baja.<\/p>\n<\/div>\n<div class=\"custom-text \" readability=\"37\">\n<p>No se puede querer ser competitivo en el torneo sin vender. Hay que pelear arriba, y como no queremos subir mucho la cuota para cuidar a nuestra gran masa societaria, tenemos que hacer ventas. Asimismo, hemos logrado afrontar 2025 con gran cantidad de sponsors en la camiseta y carteleria.<\/p>\n<\/div>\n<div class=\"custom-text \" readability=\"37\">\n<p>En alg\u00fan momento podremos vender a mejores valores y en mejores tiempos. Es nuestra estrategia. Pero para sostener la estructura, que es el camino que en alg\u00fan momento dar\u00e1 el fruto significativo, hay que pasar primero por esto. Con jugadores como Vangioni podremos sacar m\u00e1s Puzzo y Alfonso. Hay que hacer el esfuerzo y fortalecer la estrategia por la urgencia que se genera.<\/p>\n<\/div>\n<div class=\"custom-text \" readability=\"34\">\n<p>Hoy toca vender un jugador para intentar ascender o pagar deudas, y en alg\u00fan momento podremos vender un jugador para hacer una obra . Hoy las obras se hacen a pulm\u00f3n. No vendiendo jugadores&#8221;.<\/p>\n<\/div>\n<p><h2><strong>Las elecciones que se vienen<\/strong><\/h2>\n<\/p>\n<div class=\"custom-text \" readability=\"38\">\n<p>\u201cEs sano para el club que haya elecciones, porque se puede presentar gente que tenga otros proyectos,<strong> nosotros ya le dimos un sello al club que es invertir en el f\u00fatbol juvenil. Quilmes invierte m\u00e1s de $ 600 millones por a\u00f1o en las juveniles. Por eso tiene la obligaci\u00f3n de vender jugadores, y tambi\u00e9n tiene la obligaci\u00f3n de incorporar jugadores de jerarqu\u00eda que potencien a los que son formados en nuestros semillero.<\/strong><\/p>\n<\/div>\n<div class=\"custom-text \" readability=\"41\">\n<p>En un a\u00f1o pol\u00edtico, trato de no desenfocarse de la gesti\u00f3n, porque si me desenfoco dos minutos por atender a la pol\u00edtica, el club no te da respiro. <strong>Ya llegar\u00e1 el tiempo en julio, en agosto, para que tengamos que abocarnos de lleno a eso. Mientras tanto seguiremos hay que seguir atendiendo al f\u00fatbol, atendiendo lo que es el d\u00eda a d\u00eda.<\/strong><\/p>\n<\/div>\n<div class=\"custom-text \" readability=\"38\">\n<p><strong>El d\u00eda a d\u00eda es la relaci\u00f3n con el sindicato, con la APREVIDE, somos sede de Copa Argentina ahora el 5 de febrero, todo eso es trabajo, la relaci\u00f3n con los sponsors. <\/strong>Todas esas horas de trabajo hay que dedicarlas a la gesti\u00f3n y despu\u00e9s vendr\u00e1 el momento de las elecciones\u201d.<\/p>\n<\/div>\n<div class=\"sc-e7b891c4-0 ifHnQL image-embed\"><img alt=\"Mateo Magad\u00e1n, presidente de Quilmes, con Ol\u00e9. (Foto: Instagram @juanmateomagadan).\" loading=\"lazy\" width=\"720\" height=\"100\" decoding=\"async\" data-nimg=\"1\" src=\"http:\/\/cordobadirecto.com\/wp-content\/uploads\/2025\/02\/mateo-magadan-su-rol-como-presidente-de-quilmes-vangioni-y-las-elecciones-que-se-vienen-2.jpg\"><span class=\"epigraphe\">Mateo Magad\u00e1n, presidente de Quilmes, con Ol\u00e9. (Foto: Instagram @juanmateomagadan).<\/span><\/div>\n<p><h2><strong>Su mensaje para la gente<\/strong><\/h2>\n<\/p>\n<div class=\"custom-text \" readability=\"38\">\n<p>\u201cAl hincha lo que siempre le digo, y se lo dije cuando perdimos en cuartos de final contra Chicago. <strong>Que siga confiando que este es el camino. L\u00f3gicamente todos queremos que sea ya el ascenso, se trabaja todo el tiempo en pos de ese objetivo. Las horas que el dirigente dedica a la gesti\u00f3n es para que Quilmes crezca, y en ese crecimiento est\u00e1 el ascenso tambi\u00e9n<\/strong>.<\/p>\n<\/div>\n<div class=\"custom-text \" readability=\"41\">\n<p>Pero tambi\u00e9n hay que hacer obras, ordenar al club administrativamente, pagando deudas, y que <strong>Quilmes sea confiable, un club modelo, administrado por sus socios, administrado por gente que est\u00e1 todo el d\u00eda en la instituci\u00f3n. Nos pueden encontrar en cualquier rinc\u00f3n de la ciudad para charlar y las puertas est\u00e1n abiertas para trabajar en cualquier \u00e1rea. Vamos por m\u00e1s&#8221;.<\/strong><\/p>\n<\/div>\n<div class=\"sc-a7166897-0 eoLsBE\" readability=\"6.5\">\n<section readability=\"3\"><picture><img alt=\"As\u00ed fue el \u00faltimo d\u00eda del mercado de pases: refuerzos, ventas y sorpresas\" loading=\"lazy\" width=\"290\" height=\"290\" decoding=\"async\" data-nimg=\"1\" src=\"http:\/\/cordobadirecto.com\/wp-content\/uploads\/2025\/02\/mateo-magadan-su-rol-como-presidente-de-quilmes-vangioni-y-las-elecciones-que-se-vienen-3.jpg\"><\/picture>\n<p><span>Mir\u00e1 tambi\u00e9n<\/span><\/p>\n<hr>\n<h3>As\u00ed fue el \u00faltimo d\u00eda del mercado de pases: refuerzos, ventas y sorpresas<\/h3>\n<\/p>\n<\/section>\n<\/div>\n<div class=\"sc-a7166897-0 eoLsBE\" readability=\"6\">\n<section readability=\"2\"><picture><img alt=\"La buena noticia que recibi\u00f3 Gago en el entrenamiento de Boca\" loading=\"lazy\" width=\"290\" height=\"290\" decoding=\"async\" data-nimg=\"1\" src=\"http:\/\/cordobadirecto.com\/wp-content\/uploads\/2025\/02\/mateo-magadan-su-rol-como-presidente-de-quilmes-vangioni-y-las-elecciones-que-se-vienen-4.jpg\"><\/picture>\n<p><span>Mir\u00e1 tambi\u00e9n<\/span><\/p>\n<hr>\n<h3>La buena noticia que recibi\u00f3 Gago en el entrenamiento de Boca<\/h3>\n<\/p>\n<\/section>\n<\/div>\n<div class=\"sc-a7166897-0 eoLsBE\" readability=\"6\">\n<section readability=\"2\"><picture><img alt=\"Video: el regalo de River a Juli\u00e1n \u00c1lvarez por su cumplea\u00f1os\" loading=\"lazy\" width=\"290\" height=\"290\" decoding=\"async\" data-nimg=\"1\" src=\"http:\/\/cordobadirecto.com\/wp-content\/uploads\/2025\/02\/mateo-magadan-su-rol-como-presidente-de-quilmes-vangioni-y-las-elecciones-que-se-vienen-5.jpg\"><\/picture>\n<p><span>Mir\u00e1 tambi\u00e9n<\/span><\/p>\n<hr>\n<h3>Video: el regalo de River a Juli\u00e1n \u00c1lvarez por su cumplea\u00f1os<\/h3>\n<\/p>\n<\/section>\n<\/div>\n<div class=\"sc-a7166897-0 eoLsBE\" readability=\"7\">\n<section readability=\"4\"><picture><img alt=\"Valentini, con apenas un mes en la Fiorentina, fue cedido a otro equipo de Italia\" loading=\"lazy\" width=\"290\" height=\"290\" decoding=\"async\" data-nimg=\"1\" src=\"http:\/\/cordobadirecto.com\/wp-content\/uploads\/2025\/02\/mateo-magadan-su-rol-como-presidente-de-quilmes-vangioni-y-las-elecciones-que-se-vienen-6.jpg\"><\/picture>\n<p><span>Mir\u00e1 tambi\u00e9n<\/span><\/p>\n<hr>\n<h3>Valentini, con apenas un mes en la Fiorentina, fue cedido a otro equipo de Italia<\/h3>\n<\/p>\n<\/section>\n<\/div>\n<\/div>\n","protected":false},"excerpt":{"rendered":"<p>31\/01\/2025 17:59hs. Ruido en el mercado de pases con la llegada de Leonel Vangioni. Sue\u00f1os de Primera en un nuevo torneo del Nacional que se viene. Las futuras elecciones, el manejo de Quilmes y su amor por los colores. Charla a fondo con Mateo Magad\u00e1n, el responsable del club del Sur. El a\u00f1o que se [&hellip;]<\/p>\n","protected":false},"author":1,"featured_media":161657,"comment_status":"closed","ping_status":"closed","sticky":false,"template":"","format":"standard","meta":[],"categories":[21],"tags":[],"_links":{"self":[{"href":"http:\/\/cordobadirecto.com\/index.php\/wp-json\/wp\/v2\/posts\/161656"}],"collection":[{"href":"http:\/\/cordobadirecto.com\/index.php\/wp-json\/wp\/v2\/posts"}],"about":[{"href":"http:\/\/cordobadirecto.com\/index.php\/wp-json\/wp\/v2\/types\/post"}],"author":[{"embeddable":true,"href":"http:\/\/cordobadirecto.com\/index.php\/wp-json\/wp\/v2\/users\/1"}],"replies":[{"embeddable":true,"href":"http:\/\/cordobadirecto.com\/index.php\/wp-json\/wp\/v2\/comments?post=161656"}],"version-history":[{"count":0,"href":"http:\/\/cordobadirecto.com\/index.php\/wp-json\/wp\/v2\/posts\/161656\/revisions"}],"wp:featuredmedia":[{"embeddable":true,"href":"http:\/\/cordobadirecto.com\/index.php\/wp-json\/wp\/v2\/media\/161657"}],"wp:attachment":[{"href":"http:\/\/cordobadirecto.com\/index.php\/wp-json\/wp\/v2\/media?parent=161656"}],"wp:term":[{"taxonomy":"category","embeddable":true,"href":"http:\/\/cordobadirecto.com\/index.php\/wp-json\/wp\/v2\/categories?post=161656"},{"taxonomy":"post_tag","embeddable":true,"href":"http:\/\/cordobadirecto.com\/index.php\/wp-json\/wp\/v2\/tags?post=161656"}],"curies":[{"name":"wp","href":"https:\/\/api.w.org\/{rel}","templated":true}]}}