{"id":161662,"date":"2025-02-03T03:38:54","date_gmt":"2025-02-03T03:38:54","guid":{"rendered":"http:\/\/cordobadirecto.com\/index.php\/2025\/02\/03\/llaryora-destaco-que-redujo-el-gasto-publico-mas-que-la-propia-nacion-hoy-dia-cordoba\/"},"modified":"2025-02-03T03:38:54","modified_gmt":"2025-02-03T03:38:54","slug":"llaryora-destaco-que-redujo-el-gasto-publico-mas-que-la-propia-nacion-hoy-dia-cordoba","status":"publish","type":"post","link":"http:\/\/cordobadirecto.com\/index.php\/2025\/02\/03\/llaryora-destaco-que-redujo-el-gasto-publico-mas-que-la-propia-nacion-hoy-dia-cordoba\/","title":{"rendered":"Llaryora destac\u00f3 que redujo el gasto p\u00fablico &quot;m\u00e1s que la propia Naci\u00f3n&quot; &#8211; Hoy D\u00eda <b>C\u00f3rdoba<\/b>"},"content":{"rendered":"<p>&#8230; econ\u00f3mico de estas dos regiones de la provincia\u201d, expres\u00f3 el Gobernador. &#8230; El Kempes incorpor\u00f3 una <b>nueva<\/b> tecnolog\u00eda para el mantenimiento del c\u00e9sped. <\/p>\n","protected":false},"excerpt":{"rendered":"<p>&#8230; econ\u00f3mico de estas dos regiones de la provincia\u201d, expres\u00f3 el Gobernador. &#8230; El Kempes incorpor\u00f3 una nueva tecnolog\u00eda para el mantenimiento del c\u00e9sped.<\/p>\n","protected":false},"author":1,"featured_media":0,"comment_status":"closed","ping_status":"closed","sticky":false,"template":"","format":"standard","meta":[],"categories":[40],"tags":[],"_links":{"self":[{"href":"http:\/\/cordobadirecto.com\/index.php\/wp-json\/wp\/v2\/posts\/161662"}],"collection":[{"href":"http:\/\/cordobadirecto.com\/index.php\/wp-json\/wp\/v2\/posts"}],"about":[{"href":"http:\/\/cordobadirecto.com\/index.php\/wp-json\/wp\/v2\/types\/post"}],"author":[{"embeddable":true,"href":"http:\/\/cordobadirecto.com\/index.php\/wp-json\/wp\/v2\/users\/1"}],"replies":[{"embeddable":true,"href":"http:\/\/cordobadirecto.com\/index.php\/wp-json\/wp\/v2\/comments?post=161662"}],"version-history":[{"count":0,"href":"http:\/\/cordobadirecto.com\/index.php\/wp-json\/wp\/v2\/posts\/161662\/revisions"}],"wp:attachment":[{"href":"http:\/\/cordobadirecto.com\/index.php\/wp-json\/wp\/v2\/media?parent=161662"}],"wp:term":[{"taxonomy":"category","embeddable":true,"href":"http:\/\/cordobadirecto.com\/index.php\/wp-json\/wp\/v2\/categories?post=161662"},{"taxonomy":"post_tag","embeddable":true,"href":"http:\/\/cordobadirecto.com\/index.php\/wp-json\/wp\/v2\/tags?post=161662"}],"curies":[{"name":"wp","href":"https:\/\/api.w.org\/{rel}","templated":true}]}}