{"id":161666,"date":"2025-02-03T19:46:45","date_gmt":"2025-02-03T19:46:45","guid":{"rendered":"https:\/\/cordoba.gob.ar\/?p=71582"},"modified":"2025-02-03T19:46:45","modified_gmt":"2025-02-03T19:46:45","slug":"caminatas-para-las-infancias-en-la-reserva-natural-urbana-general-san-martin","status":"publish","type":"post","link":"http:\/\/cordobadirecto.com\/index.php\/2025\/02\/03\/caminatas-para-las-infancias-en-la-reserva-natural-urbana-general-san-martin\/","title":{"rendered":"Caminatas para las infancias en la Reserva Natural Urbana General San Mart\u00edn"},"content":{"rendered":"<div><img src=\"http:\/\/cordobadirecto.com\/wp-content\/uploads\/2025\/02\/caminatas-para-las-infancias-en-la-reserva-natural-urbana-general-san-martin.jpg\" class=\"ff-og-image-inserted\"><\/div>\n<ul class=\"ak-ul\" data-pm-slice=\"3 1 []\">\n<li><strong>Se realizar\u00e1n los mi\u00e9rcoles 5 y 19 de febrero.<\/strong><\/li>\n<li><strong>Son gratuitas, con cupos limitados e inscripci\u00f3n previa en el siguiente <a href=\"https:\/\/docs.google.com\/forms\/d\/e\/1FAIpQLSes9lR80R9W5CRiH3ROcI-mdU9_n80i9VAqLSWFHleHNisyyg\/viewform\">enlace.<\/a><\/strong><\/li>\n<\/ul>\n<hr>\n<p>El pr\u00f3ximo mi\u00e9rcoles 5 a partir de las 18:30 horas se llevar\u00e1 a cabo la primera caminata para las infancias, en la Reserva Natural Urbana General San Mart\u00edn, que tendr\u00e1 su inicio en el ingreso al Camping Municipal ubicado dentro de la Reserva sobre Av. Miguel Lilio s\/n.<\/p>\n<p>\u201cExplor\u00e1 la Reserva\u201d est\u00e1 destinada a ni\u00f1os y ni\u00f1as de 7 a 10 a\u00f1os que quieran conocer sobre la flora y la fauna existente en este pulm\u00f3n verde de la ciudad de C\u00f3rdoba.<\/p>\n<p>La caminata tendr\u00e1 una duraci\u00f3n aproximada de tres horas y ser\u00e1 coordinada por dos guardaparques del lugar, quienes guiar\u00e1n a los asistentes por los distintos sectores del espacio verde.<\/p>\n<p>Durante el recorrido se realizar\u00e1n diversos juegos, que llevar\u00e1n a los ni\u00f1os a conocer sobre la flora y fauna existente en la reserva, a trav\u00e9s de diferentes propuestas l\u00fadicas.<\/p>\n<p>La propuesta es gratuita con cupos limitados. Quienes deseen participar deber\u00e1n inscribirse previamente en el siguiente <a href=\"https:\/\/docs.google.com\/forms\/d\/e\/1FAIpQLSes9lR80R9W5CRiH3ROcI-mdU9_n80i9VAqLSWFHleHNisyyg\/viewform\">link&nbsp; .<\/a><\/p>\n<p>Se recomienda a los asistentes concurrir con gorra, calzado c\u00f3modo, cuaderno, lapicera, merienda, protector solar, repelente y botella de agua.<\/p>\n<p>Esta actividad se repetir\u00e1 el mi\u00e9rcoles 19 &nbsp;y en ambos casos se suspende por lluvia.<\/p>\n","protected":false},"excerpt":{"rendered":"<p>Se realizar\u00e1n los mi\u00e9rcoles 5 y 19 de febrero. Son gratuitas, con cupos limitados e inscripci\u00f3n previa en el siguiente enlace. El pr\u00f3ximo mi\u00e9rcoles 5 a partir de las 18:30 horas se llevar\u00e1 a cabo la primera caminata para las infancias, en la Reserva Natural Urbana General San Mart\u00edn, que tendr\u00e1 su inicio en el [&hellip;]<\/p>\n","protected":false},"author":1,"featured_media":161667,"comment_status":"closed","ping_status":"closed","sticky":false,"template":"","format":"standard","meta":[],"categories":[44],"tags":[],"_links":{"self":[{"href":"http:\/\/cordobadirecto.com\/index.php\/wp-json\/wp\/v2\/posts\/161666"}],"collection":[{"href":"http:\/\/cordobadirecto.com\/index.php\/wp-json\/wp\/v2\/posts"}],"about":[{"href":"http:\/\/cordobadirecto.com\/index.php\/wp-json\/wp\/v2\/types\/post"}],"author":[{"embeddable":true,"href":"http:\/\/cordobadirecto.com\/index.php\/wp-json\/wp\/v2\/users\/1"}],"replies":[{"embeddable":true,"href":"http:\/\/cordobadirecto.com\/index.php\/wp-json\/wp\/v2\/comments?post=161666"}],"version-history":[{"count":0,"href":"http:\/\/cordobadirecto.com\/index.php\/wp-json\/wp\/v2\/posts\/161666\/revisions"}],"wp:featuredmedia":[{"embeddable":true,"href":"http:\/\/cordobadirecto.com\/index.php\/wp-json\/wp\/v2\/media\/161667"}],"wp:attachment":[{"href":"http:\/\/cordobadirecto.com\/index.php\/wp-json\/wp\/v2\/media?parent=161666"}],"wp:term":[{"taxonomy":"category","embeddable":true,"href":"http:\/\/cordobadirecto.com\/index.php\/wp-json\/wp\/v2\/categories?post=161666"},{"taxonomy":"post_tag","embeddable":true,"href":"http:\/\/cordobadirecto.com\/index.php\/wp-json\/wp\/v2\/tags?post=161666"}],"curies":[{"name":"wp","href":"https:\/\/api.w.org\/{rel}","templated":true}]}}