{"id":161668,"date":"2025-02-03T19:46:44","date_gmt":"2025-02-03T19:46:44","guid":{"rendered":"https:\/\/cordoba.gob.ar\/?p=71556"},"modified":"2025-02-03T19:46:44","modified_gmt":"2025-02-03T19:46:44","slug":"passerini-recibio-al-intendente-eduardo-accastello-quien-presento-la-grilla-del-57-festival-de-penas-de-villa-maria","status":"publish","type":"post","link":"http:\/\/cordobadirecto.com\/index.php\/2025\/02\/03\/passerini-recibio-al-intendente-eduardo-accastello-quien-presento-la-grilla-del-57-festival-de-penas-de-villa-maria\/","title":{"rendered":"Passerini recibi\u00f3 al intendente Eduardo Accastello quien present\u00f3 la grilla del 57\u00b0 Festival de Pe\u00f1as de Villa Mar\u00eda"},"content":{"rendered":"<div><img src=\"http:\/\/cordobadirecto.com\/wp-content\/uploads\/2025\/02\/passerini-recibio-al-intendente-eduardo-accastello-quien-presento-la-grilla-del-57-festival-de-penas-de-villa-maria.jpg\" class=\"ff-og-image-inserted\"><\/div>\n<ul>\n<li><strong>La festividad se llevar\u00e1 a cabo del 7 al 11 de febrero.<\/strong><\/li>\n<li><strong><strong>Abel Pintos, Luck Ra, Luciano Pereyra, El Chaque\u00f1o Palavecino, Los Manseros Santiague\u00f1os, Jorge Rojas, son algunos de los artistas del Festival.<\/strong><\/strong><br \/>\n<hr>\n<\/li>\n<\/ul>\n<p>El intendente Daniel Passerini recibi\u00f3 a su par de Villa Mar\u00eda, Eduardo Accastello, quien present\u00f3 en nuestra ciudad la grilla oficial del 57\u00b0 Festival Internacional de Pe\u00f1as de Villa Mar\u00eda, uno de los eventos m\u00e1s importantes de la m\u00fasica y la cultura en Argentina.<\/p>\n<p>El festival se desarrollar\u00e1 del 7 al 11 de febrero en el Anfiteatro Municipal Centenario de Villa Mar\u00eda y contar\u00e1 con la presencia de m\u00e1s de 20 artistas, nacionales e internacionales.<\/p>\n<p><em>\u201cLo que implica el movimiento econ\u00f3mico, lo que implica la presencia de la ciudad en todo el mundo a partir de este festival, es un resultado que no fue producto de la casualidad, sino de una decisi\u00f3n pol\u00edtica\u201d<\/em>, defini\u00f3 el intendente Daniel Passerini, valorando adem\u00e1s el acompa\u00f1amiento del sector privado para el crecimiento de la ciudad.<\/p>\n<p><em>\u201cEste festival tiene todos los d\u00edas una oferta incre\u00edble de artistas de calidad, que no se pueden ver todos los d\u00edas y esta es la oportunidad de hacerlo\u201d<\/em>, destac\u00f3 Passerini.<\/p>\n<p>Entre ellos, se destacan Jos\u00e9 Luis \u201cEl Puma\u201d Rodr\u00edguez, Abel Pintos, Luciano Pereyra, El Chaque\u00f1o Palavecino, Los Manseros Santiague\u00f1os, Jorge Rojas, La K\u2019onga, Los Palmeras, La Delio Valdez, Luck Ra, \u00c1ngela Leiva, Sergio Galleguillo, Los Tekis, Q\u2019 Lokura, Euge Quevedo y la Banda de Carlitos, entre muchos otros.<\/p>\n<p>Por su parte, el intendente de Villa Mar\u00eda, Eduardo Accastello, expres\u00f3: <em>\u201cTodos los festivales de C\u00f3rdoba son maravillosos y nosotros estamos felices tambi\u00e9n del nuestro. Un festival que tiene 57 a\u00f1os, con la expresi\u00f3n de todos los g\u00e9neros musicales\u201d<\/em>.<\/p>\n<p>Acastello agradeci\u00f3 el acompa\u00f1amiento de la capital en la difusi\u00f3n del festival, a la que consider\u00f3 una \u201cciudad hermana\u201d, recordando a su vez el apoyo de la Universidad Nacional de C\u00f3rdoba al momento de crear su propia Casa de Altos Estudios.<\/p>\n<p>Adem\u00e1s de los espect\u00e1culos en el anfiteatro, el recorrido pe\u00f1ero ofrecer\u00e1 una variada propuesta musical y gastron\u00f3mica para que los asistentes disfruten de la tradici\u00f3n y la cultura local en un ambiente festivo.<\/p>\n<p>El Festival Internacional de Pe\u00f1as de Villa Mar\u00eda o Festival de Festivales, uno de los eventos m\u00e1s destacados en la Provincia de C\u00f3rdoba y toda Argentina.<\/p>\n<p>Desde la m\u00fasica folkl\u00f3rica hasta el rock, pasando por el cuarteto y otros estilos, el Festival de Villa Mar\u00eda ofrece una variada selecci\u00f3n de espect\u00e1culos que satisfacen los gustos m\u00e1s exigentes de su p\u00fablico.<\/p>\n","protected":false},"excerpt":{"rendered":"<p>La festividad se llevar\u00e1 a cabo del 7 al 11 de febrero. Abel Pintos, Luck Ra, Luciano Pereyra, El Chaque\u00f1o Palavecino, Los Manseros Santiague\u00f1os, Jorge Rojas, son algunos de los artistas del Festival. El intendente Daniel Passerini recibi\u00f3 a su par de Villa Mar\u00eda, Eduardo Accastello, quien present\u00f3 en nuestra ciudad la grilla oficial del [&hellip;]<\/p>\n","protected":false},"author":1,"featured_media":161669,"comment_status":"closed","ping_status":"closed","sticky":false,"template":"","format":"standard","meta":[],"categories":[44],"tags":[],"_links":{"self":[{"href":"http:\/\/cordobadirecto.com\/index.php\/wp-json\/wp\/v2\/posts\/161668"}],"collection":[{"href":"http:\/\/cordobadirecto.com\/index.php\/wp-json\/wp\/v2\/posts"}],"about":[{"href":"http:\/\/cordobadirecto.com\/index.php\/wp-json\/wp\/v2\/types\/post"}],"author":[{"embeddable":true,"href":"http:\/\/cordobadirecto.com\/index.php\/wp-json\/wp\/v2\/users\/1"}],"replies":[{"embeddable":true,"href":"http:\/\/cordobadirecto.com\/index.php\/wp-json\/wp\/v2\/comments?post=161668"}],"version-history":[{"count":0,"href":"http:\/\/cordobadirecto.com\/index.php\/wp-json\/wp\/v2\/posts\/161668\/revisions"}],"wp:featuredmedia":[{"embeddable":true,"href":"http:\/\/cordobadirecto.com\/index.php\/wp-json\/wp\/v2\/media\/161669"}],"wp:attachment":[{"href":"http:\/\/cordobadirecto.com\/index.php\/wp-json\/wp\/v2\/media?parent=161668"}],"wp:term":[{"taxonomy":"category","embeddable":true,"href":"http:\/\/cordobadirecto.com\/index.php\/wp-json\/wp\/v2\/categories?post=161668"},{"taxonomy":"post_tag","embeddable":true,"href":"http:\/\/cordobadirecto.com\/index.php\/wp-json\/wp\/v2\/tags?post=161668"}],"curies":[{"name":"wp","href":"https:\/\/api.w.org\/{rel}","templated":true}]}}