{"id":161707,"date":"2025-02-03T13:41:28","date_gmt":"2025-02-03T13:41:28","guid":{"rendered":"https:\/\/cordoba.gob.ar\/?p=71549"},"modified":"2025-02-03T13:41:28","modified_gmt":"2025-02-03T13:41:28","slug":"la-avenida-del-piamonte-ahora-es-un-corredor-que-fomenta-la-movilidad-sustentable-passerini-habilito-la-traza-que-une-el-jardin-botanico-con-el-parque-kempes","status":"publish","type":"post","link":"http:\/\/cordobadirecto.com\/index.php\/2025\/02\/03\/la-avenida-del-piamonte-ahora-es-un-corredor-que-fomenta-la-movilidad-sustentable-passerini-habilito-la-traza-que-une-el-jardin-botanico-con-el-parque-kempes\/","title":{"rendered":"La avenida Del Piamonte ahora es un corredor que fomenta la movilidad sustentable: Passerini habilit\u00f3 la traza que une el Jard\u00edn Bot\u00e1nico con el Parque Kempes"},"content":{"rendered":"<div><img src=\"http:\/\/cordobadirecto.com\/wp-content\/uploads\/2025\/02\/la-avenida-del-piamonte-ahora-es-un-corredor-que-fomenta-la-movilidad-sustentable-passerini-habilito-la-traza-que-une-el-jardin-botanico-con-el-parque-kempes.jpg\" class=\"ff-og-image-inserted\"><\/div>\n<ul>\n<li><strong>Junto a la 27 de Abril, es el segundo corredor inaugurado durante la presente gesti\u00f3n de gobierno municipal. Mejora la conectividad y circulaci\u00f3n de la zona noroeste.<\/strong><\/li>\n<li><strong><strong>Se rehabilit\u00f3 la totalidad de la calzada, ejecutaron cordones cuneta, instalaron luminarias LED y conformaron una flamante bicisenda.<\/strong><\/strong><br \/>\n<hr>\n<\/li>\n<\/ul>\n<p>La Av. Del Piamonte dej\u00f3 de ser solo una arteria de tr\u00e1nsito vehicular: tras la finalizaci\u00f3n de las obras ejecutadas por la Municipalidad de C\u00f3rdoba se transform\u00f3 en un corredor donde conviven conductores, ciclistas y peatones en una senda rehabilitada y completamente iluminada.<\/p>\n<p>En la jornada de hoy, el intendente de la ciudad de C\u00f3rdoba, Daniel Passerini, habilit\u00f3 el corredor de la Av. del Piamonte, acompa\u00f1ado por el secretario de Desarrollo Urbano, Diego Peralta.<\/p>\n<p>En materia vial, se trabaj\u00f3 en devolverle la vida \u00fatil a la calzada que se encontraba con altos niveles de deterioro. Se frez\u00f3 el asfalto existente y se coloc\u00f3 una nueva capa por donde ya transitan los conductores de la zona noroeste.<\/p>\n<p>Los cordones cuneta eran irregulares: conformados bajo diversas modalidades y, en algunos casos, ausentes. Las obras tambi\u00e9n se centraron en unificar la traza de cordones cuneta.<\/p>\n<p>La movilidad sustentable es una caracter\u00edstica particular de la Av. Del Piamonte. Su flamante bicisenda conecta la Costanera con el Parque Kempes y Bustos a trav\u00e9s de un sendero particular para los veh\u00edculos sobre dos ruedas.<\/p>\n<p>Para los peatones, los trabajos tuvieron como principal foco la seguridad de los j\u00f3venes y padres que concurren a las instituciones deportivas, educativas, recreativas ubicadas en la arteria y las residencias particulares.<\/p>\n<p>La arteria ahora tiene un cord\u00f3n premoldeado que divide ambos sentidos de circulaci\u00f3n, lo que impide los peligrosos giros que se tomaban para acceder a las diversas instituciones y calles perpendiculares.<\/p>\n<p>En el punto particular de ingreso de un colegio se coloc\u00f3 un sem\u00e1foro peatonal y un sendero por donde se puede arribar a destino con mayor precauci\u00f3n.<\/p>\n<p>Desde hoy, solo se podr\u00e1 cambiar de sentido de circulaci\u00f3n a trav\u00e9s de las rotondas que se encuentran a metros de la Av. Circunvalaci\u00f3n y del Jard\u00edn Bot\u00e1nico.<\/p>\n<p>Toda la traza est\u00e1 pintada y cuenta con nueva se\u00f1al\u00e9tica vertical y horizontal.<\/p>\n<p>Los 900 metros lineales del corredor, comprendido entre las rotondas mencionadas, est\u00e1n iluminadas de noche con artefactos LED. Para cubrir puntos a oscuras se instalaron 20 nuevos puntos de luz y se modernizaron 12 antiguas l\u00e1mparas con sus respectivas columnas.<\/p>\n<p>El corredor de la Av. Del Piamonte es el segundo inaugurado por el intendente Daniel Passerini. Al igual que su par de la calle 27 de Abril, fomenta la movilidad sustentable y la sana convivencia en la circulaci\u00f3n vial entre peatones, bicicletas y conductores de veh\u00edculos motorizados.<\/p>\n","protected":false},"excerpt":{"rendered":"<p>Junto a la 27 de Abril, es el segundo corredor inaugurado durante la presente gesti\u00f3n de gobierno municipal. Mejora la conectividad y circulaci\u00f3n de la zona noroeste. Se rehabilit\u00f3 la totalidad de la calzada, ejecutaron cordones cuneta, instalaron luminarias LED y conformaron una flamante bicisenda. La Av. Del Piamonte dej\u00f3 de ser solo una arteria [&hellip;]<\/p>\n","protected":false},"author":1,"featured_media":161708,"comment_status":"closed","ping_status":"closed","sticky":false,"template":"","format":"standard","meta":[],"categories":[44],"tags":[],"_links":{"self":[{"href":"http:\/\/cordobadirecto.com\/index.php\/wp-json\/wp\/v2\/posts\/161707"}],"collection":[{"href":"http:\/\/cordobadirecto.com\/index.php\/wp-json\/wp\/v2\/posts"}],"about":[{"href":"http:\/\/cordobadirecto.com\/index.php\/wp-json\/wp\/v2\/types\/post"}],"author":[{"embeddable":true,"href":"http:\/\/cordobadirecto.com\/index.php\/wp-json\/wp\/v2\/users\/1"}],"replies":[{"embeddable":true,"href":"http:\/\/cordobadirecto.com\/index.php\/wp-json\/wp\/v2\/comments?post=161707"}],"version-history":[{"count":0,"href":"http:\/\/cordobadirecto.com\/index.php\/wp-json\/wp\/v2\/posts\/161707\/revisions"}],"wp:featuredmedia":[{"embeddable":true,"href":"http:\/\/cordobadirecto.com\/index.php\/wp-json\/wp\/v2\/media\/161708"}],"wp:attachment":[{"href":"http:\/\/cordobadirecto.com\/index.php\/wp-json\/wp\/v2\/media?parent=161707"}],"wp:term":[{"taxonomy":"category","embeddable":true,"href":"http:\/\/cordobadirecto.com\/index.php\/wp-json\/wp\/v2\/categories?post=161707"},{"taxonomy":"post_tag","embeddable":true,"href":"http:\/\/cordobadirecto.com\/index.php\/wp-json\/wp\/v2\/tags?post=161707"}],"curies":[{"name":"wp","href":"https:\/\/api.w.org\/{rel}","templated":true}]}}