{"id":161711,"date":"2025-02-04T15:50:44","date_gmt":"2025-02-04T15:50:44","guid":{"rendered":"https:\/\/puntoapunto.com.ar\/?p=369739"},"modified":"2025-02-04T15:50:44","modified_gmt":"2025-02-04T15:50:44","slug":"milei-le-puso-fecha-a-la-salida-del-cepo-cambiario-1-de-enero-de-2026","status":"publish","type":"post","link":"http:\/\/cordobadirecto.com\/index.php\/2025\/02\/04\/milei-le-puso-fecha-a-la-salida-del-cepo-cambiario-1-de-enero-de-2026\/","title":{"rendered":"Milei le puso fecha a la salida del cepo cambiario: 1 de enero de 2026"},"content":{"rendered":"<p>&nbsp;<!-- \u00a1O bien no hay banners, estan desactivados o no estan programados para esta ubicaci\u00f3n! -->\n<\/p>\n<p>&nbsp;\n<\/p>\n<p>El presidente<strong> Javier Milei asegur\u00f3 que la salida del cepo ser\u00e1 el 1\u00b0 de enero de 2026<\/strong>, salvo que pueda adelantarse por un desembolso del Fondo Monetario Internacional (FMI). \u00ab<strong>El cepo va a dejar de existir. Ahora, si hay desembolso del Fondo, podemos hacerlo m\u00e1s r\u00e1pido<\/strong>. Hay que ver c\u00f3mo queda estructurado el programa\u201d, dijo el jefe de Estado.\n<\/p>\n<p>Igual, dijo tener la convicci\u00f3n de que \u00abpara que a la Argentina le vaya bien, depende solo de Argentina\u00bb. \u00abNuestra pol\u00edtica es dureza en lo fiscal, no negociar el d\u00e9ficit cero y mantener una pol\u00edtica monetaria dura. Si despu\u00e9s tenemos puentes financieros para acelerar, bienvenido sea\u00bb, explic\u00f3.\n<\/p>\n<p>Por otra parte, <strong>Milei anticip\u00f3 que los impuestos y las retenciones van a seguir bajando a medida que \u201cla econom\u00eda crezca\u00bb y el Gobierno \u00abse vea dotado de m\u00e1s recursos\u201d.&nbsp;<\/strong><!-- \u00a1O bien no hay banners, estan desactivados o no estan programados para esta ubicaci\u00f3n! -->\n<\/p>\n<p>Destac\u00f3 que desde<strong> su llegada a la Casa Rosada lograron la salida de \u201c10 millones de personas de la pobreza\u201d<\/strong> y asegur\u00f3 que \u201cel problema de la inflaci\u00f3n no esta resuelto\u201d y \u201chay que seguir trabajando para erradicarla\u201d.<\/p>\n<p>El presidente asegur\u00f3 que<strong> cumpli\u00f3 con el 78% de las promesas<\/strong> que hizo en campa\u00f1a y adelant\u00f3 que est\u00e1n trabajando en un nuevo mega DNU.\n<\/p>\n<p>\u201cTenemos pensado, por ejemplo, ir contra 50 organismos del Estado. Al 60% estamos buscando cerrarlos, mientras que el resto los transformaremos o fusionaremos. Otro tema important\u00edsimo. Argentina tiene 27 mil leyes vigentes, 70 mil decretos y 200.000 resoluciones. Vamos a aplicar el m\u00e9todo de Elon Musk. Vamos a pedirle a cada dependencia que haga una especie de desglose de las cosas que est\u00e1 usando. Una vez que ten\u00e9s lo que se est\u00e1 usando, el resto se va a derogar\u201d, se\u00f1al\u00f3 en una entrevista televisiva.\n<\/p>\n<div class=\"g g-38\">\n<div class=\"g-dyn a-12 c-1\"><a class=\"gofollow\" data-track=\"MTIsMzgsMSw2MA==\" href=\"https:\/\/hospitalprivado.com.ar\/blog\/institucional\/somos-la-primera-institucion-del-interior-del-pais-en-acreditar-joint-commission-international.html\" target=\"_blank\" rel=\"noopener\"><img src=\"http:\/\/cordobadirecto.com\/wp-content\/uploads\/2025\/02\/milei-le-puso-fecha-a-la-salida-del-cepo-cambiario-1-de-enero-de-2026.gif\" loading=\"lazy\"><\/a><\/div>\n<\/div>\n","protected":false},"excerpt":{"rendered":"<p>&nbsp; &nbsp; El presidente Javier Milei asegur\u00f3 que la salida del cepo ser\u00e1 el 1\u00b0 de enero de 2026, salvo que pueda adelantarse por un desembolso del Fondo Monetario Internacional (FMI). \u00abEl cepo va a dejar de existir. Ahora, si hay desembolso del Fondo, podemos hacerlo m\u00e1s r\u00e1pido. Hay que ver c\u00f3mo queda estructurado el [&hellip;]<\/p>\n","protected":false},"author":1,"featured_media":161712,"comment_status":"closed","ping_status":"closed","sticky":false,"template":"","format":"standard","meta":[],"categories":[25],"tags":[],"_links":{"self":[{"href":"http:\/\/cordobadirecto.com\/index.php\/wp-json\/wp\/v2\/posts\/161711"}],"collection":[{"href":"http:\/\/cordobadirecto.com\/index.php\/wp-json\/wp\/v2\/posts"}],"about":[{"href":"http:\/\/cordobadirecto.com\/index.php\/wp-json\/wp\/v2\/types\/post"}],"author":[{"embeddable":true,"href":"http:\/\/cordobadirecto.com\/index.php\/wp-json\/wp\/v2\/users\/1"}],"replies":[{"embeddable":true,"href":"http:\/\/cordobadirecto.com\/index.php\/wp-json\/wp\/v2\/comments?post=161711"}],"version-history":[{"count":0,"href":"http:\/\/cordobadirecto.com\/index.php\/wp-json\/wp\/v2\/posts\/161711\/revisions"}],"wp:featuredmedia":[{"embeddable":true,"href":"http:\/\/cordobadirecto.com\/index.php\/wp-json\/wp\/v2\/media\/161712"}],"wp:attachment":[{"href":"http:\/\/cordobadirecto.com\/index.php\/wp-json\/wp\/v2\/media?parent=161711"}],"wp:term":[{"taxonomy":"category","embeddable":true,"href":"http:\/\/cordobadirecto.com\/index.php\/wp-json\/wp\/v2\/categories?post=161711"},{"taxonomy":"post_tag","embeddable":true,"href":"http:\/\/cordobadirecto.com\/index.php\/wp-json\/wp\/v2\/tags?post=161711"}],"curies":[{"name":"wp","href":"https:\/\/api.w.org\/{rel}","templated":true}]}}