{"id":161716,"date":"2025-02-05T02:51:21","date_gmt":"2025-02-05T02:51:21","guid":{"rendered":"http:\/\/estaciontrip.com.ar\/?p=9895"},"modified":"2025-02-05T02:51:21","modified_gmt":"2025-02-05T02:51:21","slug":"aireuropa-elevara-a-cuatro-frecuencias-semanales-el-vuelo-directo-cordoba-madrid","status":"publish","type":"post","link":"http:\/\/cordobadirecto.com\/index.php\/2025\/02\/05\/aireuropa-elevara-a-cuatro-frecuencias-semanales-el-vuelo-directo-cordoba-madrid\/","title":{"rendered":"AirEuropa elevar\u00e1 a cuatro frecuencias semanales el vuelo directo C\u00f3rdoba-Madrid"},"content":{"rendered":"<p><em>Aplicar\u00e1 desde junio 2025; su oferta de plazas aumentar\u00e1 a cerca de 111.600 asientos. Las expectativas de crecimiento de esta ruta, que se cubre con la flota de aviones Dreamliner, prev\u00e9n una ocupaci\u00f3n del 90%.<\/em><\/p>\n<p>A partir de junio 2025, AirEuropa ampliar\u00e1 de tres a cuatro las frecuencias semanales los vuelos directos entre C\u00f3rdoba de Argentina y el aeropuerto de Barajas, Madrid. As\u00ed, la aerol\u00ednea refuerza la ruta que conecta la regi\u00f3n centro de Argentina con Europa para consolidarse como uno de sus destinos m\u00e1s din\u00e1micos en Latinoam\u00e9rica.<\/p>\n<p>El aumento del n\u00famero de vuelos semanales, que se llevar\u00e1n a cabo saliendo desde C\u00f3rdoba los lunes, mi\u00e9rcoles, jueves y s\u00e1bados, permitir\u00e1 ampliar la oferta a cerca de 111.600 asientos a lo largo del a\u00f1o. Esto supone un 13% m\u00e1s que en el a\u00f1o precedente. S\u00f3lo en 2024, AirEuropa transport\u00f3 a trav\u00e9s de esta ruta a m\u00e1s de 88.000 pasajeros, con \u00edndices de ocupaci\u00f3n que rondaron el 90%.<\/p>\n<p>La compa\u00f1\u00eda comenz\u00f3 su operativa con C\u00f3rdoba en diciembre de 2016. A lo largo de estos a\u00f1os, el servicio se prest\u00f3 en triangulaci\u00f3n con la capital paraguaya Asunci\u00f3n, hasta que el pasado invierno empez\u00f3 a operarse de manera directa con tres frecuencias a la semana.<\/p>\n<p><strong>\u201cEstamos muy satisfechos de elevar la conectividad de C\u00f3rdoba y, por ende, de Argentina, con el continente europeo. Queremos seguir siendo un aliado clave para unir ambos lados del Atl\u00e1ntico, respondiendo a la creciente demanda del mercado argentino. Lo hacemos a trav\u00e9s de una oferta que se caracteriza por la alta calidad de servicio y las crecientes posibilidades de conexi\u00f3n, desde Madrid, con otros destinos en Europa, incluyendo nuestra nueva ruta a Estambul\u201d,<\/strong>&nbsp;afirma Gonzalo Romero, Country Manager de Air Europa para Brasil y Argentina.<\/p>\n<p><strong><em>\u00abEste incremento en los vuelos de Air Europa es un paso significativo para fortalecer la conectividad entre Europa y C\u00f3rdoba y demuestra c\u00f3mo sigue creciendo el Hub C\u00f3rdoba como puerta de entrada al pa\u00eds. Seguimos trabajando junto a todos los actores del turismo para ampliar la conectividad y generar m\u00e1s oportunidades para el sector. Este anuncio en parte es el resultado de las gestiones realizadas en FITUR\u00bb<\/em>,&nbsp;<\/strong>destac\u00f3 Dar\u00edo Capitani, presidente de la Agencia C\u00f3rdoba Turismo.<\/p>\n<p>La ruta se cubre con aeronaves Boeing 787, el modelo m\u00e1s avanzado y eficiente de su categor\u00eda. La flota Dreamliner es una de las principales se\u00f1as de identidad de Air Europa. Este modelo es capaz de reducir el consumo y las emisiones hasta en un 25%, as\u00ed como de disminuir el impacto ac\u00fastico en un 60%. Su dise\u00f1o y tecnolog\u00eda permiten acortar hasta en 40 minutos los vuelos de largo radio. La disposici\u00f3n de su cabina, con techos m\u00e1s altos, ventanas un 30% m\u00e1s grandes y un innovador sistema de renovaci\u00f3n del aire, elevan a su vez el confort y el descanso de los pasajeros en los trayectos de larga distancia. Asimismo, los clientes pueden disfrutar de una clase Business \u00fanica, a la que es posible acceder tambi\u00e9n a trav\u00e9s de un sistema de pujas pensado para acercar a todos los usuarios una categor\u00eda superior de asiento a un precio mucho m\u00e1s accesible.<\/p>\n<figure class=\"wp-block-image size-full\"><a href=\"http:\/\/cordobadirecto.com\/wp-content\/uploads\/2025\/02\/aireuropa-elevara-a-cuatro-frecuencias-semanales-el-vuelo-directo-cordoba-madrid.jpg\"><img loading=\"lazy\" decoding=\"async\" width=\"680\" height=\"400\" src=\"http:\/\/cordobadirecto.com\/wp-content\/uploads\/2025\/02\/aireuropa-elevara-a-cuatro-frecuencias-semanales-el-vuelo-directo-cordoba-madrid.jpg\" alt class=\"wp-image-9896\" srcset=\"http:\/\/cordobadirecto.com\/wp-content\/uploads\/2025\/02\/aireuropa-elevara-a-cuatro-frecuencias-semanales-el-vuelo-directo-cordoba-madrid.jpg 680w, http:\/\/cordobadirecto.com\/wp-content\/uploads\/2025\/02\/aireuropa-elevara-a-cuatro-frecuencias-semanales-el-vuelo-directo-cordoba-madrid-1.jpg 300w\" sizes=\"(max-width: 680px) 100vw, 680px\"><\/a><\/figure>\n","protected":false},"excerpt":{"rendered":"<p>Aplicar\u00e1 desde junio 2025; su oferta de plazas aumentar\u00e1 a cerca de 111.600 asientos. Las expectativas de crecimiento de esta ruta, que se cubre con la flota de aviones Dreamliner, prev\u00e9n una ocupaci\u00f3n del 90%. A partir de junio 2025, AirEuropa ampliar\u00e1 de tres a cuatro las frecuencias semanales los vuelos directos entre C\u00f3rdoba de [&hellip;]<\/p>\n","protected":false},"author":1,"featured_media":161717,"comment_status":"closed","ping_status":"closed","sticky":false,"template":"","format":"standard","meta":[],"categories":[22],"tags":[],"_links":{"self":[{"href":"http:\/\/cordobadirecto.com\/index.php\/wp-json\/wp\/v2\/posts\/161716"}],"collection":[{"href":"http:\/\/cordobadirecto.com\/index.php\/wp-json\/wp\/v2\/posts"}],"about":[{"href":"http:\/\/cordobadirecto.com\/index.php\/wp-json\/wp\/v2\/types\/post"}],"author":[{"embeddable":true,"href":"http:\/\/cordobadirecto.com\/index.php\/wp-json\/wp\/v2\/users\/1"}],"replies":[{"embeddable":true,"href":"http:\/\/cordobadirecto.com\/index.php\/wp-json\/wp\/v2\/comments?post=161716"}],"version-history":[{"count":0,"href":"http:\/\/cordobadirecto.com\/index.php\/wp-json\/wp\/v2\/posts\/161716\/revisions"}],"wp:featuredmedia":[{"embeddable":true,"href":"http:\/\/cordobadirecto.com\/index.php\/wp-json\/wp\/v2\/media\/161717"}],"wp:attachment":[{"href":"http:\/\/cordobadirecto.com\/index.php\/wp-json\/wp\/v2\/media?parent=161716"}],"wp:term":[{"taxonomy":"category","embeddable":true,"href":"http:\/\/cordobadirecto.com\/index.php\/wp-json\/wp\/v2\/categories?post=161716"},{"taxonomy":"post_tag","embeddable":true,"href":"http:\/\/cordobadirecto.com\/index.php\/wp-json\/wp\/v2\/tags?post=161716"}],"curies":[{"name":"wp","href":"https:\/\/api.w.org\/{rel}","templated":true}]}}