{"id":161721,"date":"2025-02-04T20:16:06","date_gmt":"2025-02-04T20:16:06","guid":{"rendered":"https:\/\/cordoba.gob.ar\/?p=71873"},"modified":"2025-02-04T20:16:06","modified_gmt":"2025-02-04T20:16:06","slug":"mas-de-3500-docentes-municipales-ya-se-inscribieron-en-las-capacitaciones-de-verano","status":"publish","type":"post","link":"http:\/\/cordobadirecto.com\/index.php\/2025\/02\/04\/mas-de-3500-docentes-municipales-ya-se-inscribieron-en-las-capacitaciones-de-verano\/","title":{"rendered":"M\u00e1s de 3500 docentes municipales ya se inscribieron en las capacitaciones de verano"},"content":{"rendered":"<div><img src=\"http:\/\/cordobadirecto.com\/wp-content\/uploads\/2025\/02\/mas-de-3500-docentes-municipales-ya-se-inscribieron-en-las-capacitaciones-de-verano.jpg\" class=\"ff-og-image-inserted\"><\/div>\n<ul>\n<li data-pm-slice=\"1 1 [&quot;bulletList&quot;,null,&quot;listItem&quot;,null]\"><strong><strong>La modalidad contin\u00faa abierta hasta el 28 de febrero a trav\u00e9s del siguiente <a href=\"https:\/\/docs.google.com\/forms\/d\/e\/1FAIpQLSckXDwKw2LVHT80nK5Q3yHgKLSU3hbImDu0b37-GjSdic7ghw\/viewform\">link<\/a>.<\/strong><\/strong><br \/>\n<hr>\n<\/li>\n<\/ul>\n<p data-pm-slice=\"1 1 []\">Durante la \u00e9poca estival, la Secretar\u00eda de Educaci\u00f3n dio inicio al programa de formaci\u00f3n docente que ya tiene m\u00e1s de 3500 educadores, configurando un espacio clave para la actualizaci\u00f3n y el fortalecimiento de las pr\u00e1cticas pedag\u00f3gicas.<\/p>\n<p>El Ciclo de Verano 2025 se orienta a docentes, directivos y supervisores de jardines maternales, escuelas primarias, Parques Educativos y Centros de Encuentro Barrial, con el prop\u00f3sito de generar espacios de reflexi\u00f3n sobre los desaf\u00edos contempor\u00e1neos de la educaci\u00f3n.<\/p>\n<p>Esta propuesta busca promover el aprendizaje y la reflexi\u00f3n profesional a trav\u00e9s de lecturas, conferencias y pr\u00e1cticas que enriquezcan los saberes docentes y potencien las din\u00e1micas de ense\u00f1anza.<\/p>\n<p>Adem\u00e1s, fomenta el pensamiento cr\u00edtico mediante el an\u00e1lisis y la escucha activa de diversas voces, incentivando la reflexi\u00f3n colectiva sobre los desaf\u00edos educativos contempor\u00e1neos.<\/p>\n<p>El ciclo combina teor\u00eda y pr\u00e1ctica, ofreciendo una modalidad virtual y asincr\u00f3nica que se ajusta a las necesidades de los educadores. A partir de experiencias innovadoras, buenas pr\u00e1cticas y aportes de expertos e instituciones reconocidas, los participantes tendr\u00e1n la oportunidad de analizar y dialogar sobre nuevas formas de ense\u00f1anza y aprendizaje.<\/p>\n<p>Cada curso aprobado otorga certificaci\u00f3n oficial de 10 horas, garantizando formaci\u00f3n gratuita y de calidad.<\/p>\n<p>Las inscripciones contin\u00faan abiertas hasta el 28 de febrero de 2025, mientras que los cursos estar\u00e1n habilitados hasta el 31 de marzo. Las tem\u00e1ticas abarcan \u00e1reas fundamentales como Ciencias Sociales, Literatura, Ciencias Naturales, Educaci\u00f3n Digital, Programaci\u00f3n y Rob\u00f3tica.<\/p>\n<p>Para inscribirse, los interesados pueden completar el formulario disponible en el siguiente <a href=\"https:\/\/docs.google.com\/forms\/d\/e\/1FAIpQLSckXDwKw2LVHT80nK5Q3yHgKLSU3hbImDu0b37-GjSdic7ghw\/viewform\">link<\/a>.<\/p>\n","protected":false},"excerpt":{"rendered":"<p>La modalidad contin\u00faa abierta hasta el 28 de febrero a trav\u00e9s del siguiente link. Durante la \u00e9poca estival, la Secretar\u00eda de Educaci\u00f3n dio inicio al programa de formaci\u00f3n docente que ya tiene m\u00e1s de 3500 educadores, configurando un espacio clave para la actualizaci\u00f3n y el fortalecimiento de las pr\u00e1cticas pedag\u00f3gicas. El Ciclo de Verano 2025 [&hellip;]<\/p>\n","protected":false},"author":1,"featured_media":161722,"comment_status":"closed","ping_status":"closed","sticky":false,"template":"","format":"standard","meta":[],"categories":[44],"tags":[],"_links":{"self":[{"href":"http:\/\/cordobadirecto.com\/index.php\/wp-json\/wp\/v2\/posts\/161721"}],"collection":[{"href":"http:\/\/cordobadirecto.com\/index.php\/wp-json\/wp\/v2\/posts"}],"about":[{"href":"http:\/\/cordobadirecto.com\/index.php\/wp-json\/wp\/v2\/types\/post"}],"author":[{"embeddable":true,"href":"http:\/\/cordobadirecto.com\/index.php\/wp-json\/wp\/v2\/users\/1"}],"replies":[{"embeddable":true,"href":"http:\/\/cordobadirecto.com\/index.php\/wp-json\/wp\/v2\/comments?post=161721"}],"version-history":[{"count":0,"href":"http:\/\/cordobadirecto.com\/index.php\/wp-json\/wp\/v2\/posts\/161721\/revisions"}],"wp:featuredmedia":[{"embeddable":true,"href":"http:\/\/cordobadirecto.com\/index.php\/wp-json\/wp\/v2\/media\/161722"}],"wp:attachment":[{"href":"http:\/\/cordobadirecto.com\/index.php\/wp-json\/wp\/v2\/media?parent=161721"}],"wp:term":[{"taxonomy":"category","embeddable":true,"href":"http:\/\/cordobadirecto.com\/index.php\/wp-json\/wp\/v2\/categories?post=161721"},{"taxonomy":"post_tag","embeddable":true,"href":"http:\/\/cordobadirecto.com\/index.php\/wp-json\/wp\/v2\/tags?post=161721"}],"curies":[{"name":"wp","href":"https:\/\/api.w.org\/{rel}","templated":true}]}}