{"id":161743,"date":"2025-02-04T21:44:01","date_gmt":"2025-02-04T21:44:01","guid":{"rendered":"https:\/\/www.ole.com.ar\/autos\/confirmados-numeros-pilotos-formula-1-2025_0_vQwNMLJWtd.html"},"modified":"2025-02-04T21:44:01","modified_gmt":"2025-02-04T21:44:01","slug":"confirmado-cuales-son-los-numeros-que-usaran-los-pilotos-de-la-formula-1-en-2025","status":"publish","type":"post","link":"http:\/\/cordobadirecto.com\/index.php\/2025\/02\/04\/confirmado-cuales-son-los-numeros-que-usaran-los-pilotos-de-la-formula-1-en-2025\/","title":{"rendered":"Confirmado: cu\u00e1les son los n\u00fameros que usar\u00e1n los pilotos de la F\u00f3rmula 1 en 2025"},"content":{"rendered":"<p><span class=\"createDate\">04\/02\/2025 18:44hs.<\/span><time class=\"modificatedDate\" datetime=\"2025-02-04T18:53:34-03:00\"> Actualizado al 04\/02\/2025 18:53hs.<\/time><\/p>\n<div id=\"storyBody\">\n<div class=\"custom-text \" readability=\"38.149732620321\">\n<p>Cada informaci\u00f3n que existe de la <strong><a href=\"https:\/\/www.ole.com.ar\/tema\/formula-1.html\" title=\"F\u00f3rmula 1\" alt=\"F\u00f3rmula 1\" class=\"slug\">F\u00f3rmula 1<\/a><\/strong> va acercando el comienzo de la temporada, la cual se abrir\u00e1 en Melbourne, Australia, el tercer fin de semana de marzo, con <strong>la carrera a disputarse el domingo 16 a la 1 de la ma\u00f1ana de la Argentina<\/strong>. Desde este lado del planeta, naturalmente, deshojamos margaritas y elucubramos cu\u00e1n podr\u00eda debutar <strong><a href=\"https:\/\/www.ole.com.ar\/tema\/franco-colapinto.html\" title=\"Franco Colapinto\" alt=\"Franco Colapinto\" class=\"slug\">Franco Colapinto<\/a><\/strong> en <strong>Alpine<\/strong>.<\/p>\n<\/div>\n<div class=\"custom-text \" readability=\"39\">\n<p>Pero como el argentino arranca como suplente en la escuder\u00eda que antes era Renault, <strong>habr\u00e1 que esperar y ver a los 20 autos ocupados por otros conductores<\/strong>, mientras Fran observa las carreras desde el box de la escuder\u00eda. Quiz\u00e1 pasen cinco, seis GP, o qui\u00e9n sabe para que el pilarense se suba a la butaca. <\/p>\n<\/div>\n<div class=\"sc-e7b891c4-0 ifHnQL image-embed\"><img alt=\"Max Verstappen, el 1 (rojo).\" loading=\"lazy\" width=\"720\" height=\"100\" decoding=\"async\" data-nimg=\"1\" src=\"http:\/\/cordobadirecto.com\/wp-content\/uploads\/2025\/02\/confirmado-cuales-son-los-numeros-que-usaran-los-pilotos-de-la-formula-1-en-2025.jpg\"><span class=\"epigraphe\">Max Verstappen, el 1 (rojo).<\/span><\/div>\n<div class=\"custom-text \" readability=\"41\">\n<p>Por eso, mientras llega su momento, habr\u00e1 que disfrutar a los titulares, <strong>que ser\u00e1n presentados el 18 de febrero en el estadio O2 Arena de Londres<\/strong>, ya con sus n\u00fameros definidos. Si bien se conocen los d\u00edgitos de la mayor\u00eda, este a\u00f1o habr\u00e1 bastantes novatos que no arrastran cifra alguna, as\u00ed que no viene mal conocer con cu\u00e1l correr\u00e1n.<\/p>\n<\/div>\n<p><h2>Los n\u00fameros que llevar\u00e1n los pilotos de la F\u00f3rmula 1 2025<\/h2>\n<\/p>\n<div class=\"custom-text \" readability=\"40\">\n<p>Antes, los pilotos de F1 llevaban n\u00fameros dependiendo de als clasificaciones, pero desde el 2014 <strong>pueden elegirlo -siempre que no est\u00e9 ocupado- del 2 al 99<\/strong>, que les pertenece durante toda su carrera en el deporte. Si abandonan el automovilismo por cualquier motivo (ya sea por retiro o por cualquier otra raz\u00f3n), sus n\u00fameros se reservan para dos temporadas, lo que impide que los reci\u00e9n llegados lo elijan durante ese per\u00edodo.<\/p>\n<\/div>\n<div class=\"custom-text \" readability=\"42\">\n<p>El 1 est\u00e1 reservado para el campe\u00f3n, que puede usarlo o no. Por ejemplo, desde que gan\u00f3 el torneo en 2021, Max Verstappen dej\u00f3 su habitual 33, en contrario a Lewis Hamilton, que m\u00e1s all\u00e1 de los torneos ganados, se qued\u00f3 con el 44. <strong>Cuando debute Colapinto, lo har\u00e1 con el 43, que ya es suyo<\/strong>.<\/p>\n<\/div>\n<p><h3>Alpine<\/h3>\n<\/p>\n<div class=\"custom-text \" readability=\"32\">\n<p>7- Jack Doohan AUS (antes lo us\u00f3 Kimi Raikkonen)<\/p>\n<\/div>\n<div class=\"sc-e7b891c4-0 ifHnQL image-embed\"><img alt=\"Pierre Gasly corre con el 10.\" loading=\"lazy\" width=\"720\" height=\"100\" decoding=\"async\" data-nimg=\"1\" src=\"http:\/\/cordobadirecto.com\/wp-content\/uploads\/2025\/02\/confirmado-cuales-son-los-numeros-que-usaran-los-pilotos-de-la-formula-1-en-2025-1.jpg\"><span class=\"epigraphe\">Pierre Gasly corre con el 10.<\/span><\/div>\n<div class=\"custom-text \" readability=\"32\">\n<p>10 &#8211; Pierre Gasly\tFRA (Kamui Kobayashi)<\/p>\n<\/div>\n<p><h3>Aston Martin<\/h3>\n<\/p>\n<div class=\"custom-text \">\n<p>14 &#8211; Fernando Alonso ESP <\/p>\n<\/div>\n<div class=\"sc-e7b891c4-0 ifHnQL image-embed\"><img alt=\"Alonso y el 14.\" loading=\"lazy\" width=\"720\" height=\"100\" decoding=\"async\" data-nimg=\"1\" src=\"http:\/\/cordobadirecto.com\/wp-content\/uploads\/2025\/02\/confirmado-cuales-son-los-numeros-que-usaran-los-pilotos-de-la-formula-1-en-2025-2.jpg\"><span class=\"epigraphe\">Alonso y el 14.<\/span><\/div>\n<div class=\"custom-text \">\n<p>18 &#8211; Lance Stroll CAN<\/p>\n<\/div>\n<p><h3>Ferrari<\/h3>\n<\/p>\n<div class=\"custom-text \">\n<p>16 &#8211; Charles Leclerc MON<\/p>\n<\/div>\n<div class=\"sc-e7b891c4-0 ifHnQL image-embed\"><img alt=\"Hamilton lleva el 44 en su Ferrari.\" loading=\"lazy\" width=\"720\" height=\"100\" decoding=\"async\" data-nimg=\"1\" src=\"http:\/\/cordobadirecto.com\/wp-content\/uploads\/2025\/02\/confirmado-cuales-son-los-numeros-que-usaran-los-pilotos-de-la-formula-1-en-2025-3.jpg\"><span class=\"epigraphe\">Hamilton lleva el 44 en su Ferrari.<\/span><\/div>\n<div class=\"custom-text \">\n<p>44 &#8211; Lewis Hamilton GB<\/p>\n<\/div>\n<p><h3>Haas<\/h3>\n<\/p>\n<div class=\"custom-text \">\n<p>31 &#8211; Esteban Ocon FRA<\/p>\n<\/div>\n<div class=\"custom-text \">\n<p>87 &#8211; Oliver Bearman GB<\/p>\n<\/div>\n<p><h3>Kick Sauber<\/h3>\n<\/p>\n<div class=\"custom-text \" readability=\"32\">\n<p>5 &#8211; Gabriel Bortoleto BRA (Sebastian Vettel)<\/p>\n<\/div>\n<div class=\"custom-text \">\n<p>27 &#8211; Nico Hulkenberg ALE<\/p>\n<\/div>\n<p><h3>McLaren<\/h3>\n<\/p>\n<div class=\"custom-text \" readability=\"32\">\n<p>4 &#8211; Lando Norris\tGB (Max Chilton)<\/p>\n<\/div>\n<div class=\"custom-text \">\n<p>81 &#8211; Oscar Piastri AUS<\/p>\n<\/div>\n<p><h3>Mercedes<\/h3>\n<\/p>\n<div class=\"custom-text \" readability=\"32\">\n<p>12 &#8211; Andrea Kimi Antonelli ITA (Felipe Nasr)<\/p>\n<\/div>\n<div class=\"custom-text \">\n<p>63 &#8211; George Russell GB<\/p>\n<\/div>\n<p><h3>Racing Bulls<\/h3>\n<\/p>\n<div class=\"custom-text \" readability=\"33\">\n<p>6 &#8211; Isack Hadjar FRA (Nico Rosberg, Nicholas Latifi)<\/p>\n<\/div>\n<div class=\"custom-text \" readability=\"32\">\n<p>22 &#8211; Yuki Tsunoda JAP (Jenson Button)<\/p>\n<\/div>\n<p><h3>Red Bull<\/h3>\n<\/p>\n<div class=\"custom-text \" readability=\"32\">\n<p>1 &#8211; Max Verstappen\tNED (lo puede usar el campe\u00f3n)<\/p>\n<\/div>\n<div class=\"custom-text \" readability=\"32\">\n<p>30 &#8211; Liam Lawson NZ\t(Jolyon Palmer)<\/p>\n<\/div>\n<p><h3>Williams<\/h3>\n<\/p>\n<div class=\"custom-text \">\n<p>23 &#8211; Alex Albon TAI<\/p>\n<\/div>\n<div class=\"custom-text \">\n<p>55 &#8211; Carlos Sainz ESP<\/p>\n<\/div>\n<div class=\"sc-a7166897-0 eoLsBE\" readability=\"6\">\n<section readability=\"2\"><picture><img alt=\"El cambio secreto de Alpine en las pruebas de la F\u00f3rmula 1\" loading=\"lazy\" width=\"290\" height=\"290\" decoding=\"async\" data-nimg=\"1\" src=\"http:\/\/cordobadirecto.com\/wp-content\/uploads\/2025\/02\/confirmado-cuales-son-los-numeros-que-usaran-los-pilotos-de-la-formula-1-en-2025-4.jpg\"><\/picture>\n<p><span>Mir\u00e1 tambi\u00e9n<\/span><\/p>\n<hr>\n<h3>El cambio secreto de Alpine en las pruebas de la F\u00f3rmula 1<\/h3>\n<\/p>\n<\/section>\n<\/div>\n<div class=\"sc-a7166897-0 eoLsBE\" readability=\"6\">\n<section readability=\"2\"><picture><img alt=\"Ganaron el Dakar y festejaron como Franco Colapinto\" loading=\"lazy\" width=\"290\" height=\"290\" decoding=\"async\" data-nimg=\"1\" src=\"http:\/\/cordobadirecto.com\/wp-content\/uploads\/2025\/02\/confirmado-cuales-son-los-numeros-que-usaran-los-pilotos-de-la-formula-1-en-2025-5.jpg\"><\/picture>\n<p><span>Mir\u00e1 tambi\u00e9n<\/span><\/p>\n<hr>\n<h3>Ganaron el Dakar y festejaron como Franco Colapinto<\/h3>\n<\/p>\n<\/section>\n<\/div>\n<div class=\"sc-a7166897-0 eoLsBE\" readability=\"6\">\n<section readability=\"2\"><picture><img alt=\"Atento Colapinto: ya est\u00e1n los horarios de la F\u00f3rmula 1 en 2025\" loading=\"lazy\" width=\"290\" height=\"290\" decoding=\"async\" data-nimg=\"1\" src=\"http:\/\/cordobadirecto.com\/wp-content\/uploads\/2025\/02\/confirmado-cuales-son-los-numeros-que-usaran-los-pilotos-de-la-formula-1-en-2025-6.jpg\"><\/picture>\n<p><span>Mir\u00e1 tambi\u00e9n<\/span><\/p>\n<hr>\n<h3>Atento Colapinto: ya est\u00e1n los horarios de la F\u00f3rmula 1 en 2025<\/h3>\n<\/p>\n<\/section>\n<\/div>\n<\/div>\n","protected":false},"excerpt":{"rendered":"<p>04\/02\/2025 18:44hs. Actualizado al 04\/02\/2025 18:53hs. Cada informaci\u00f3n que existe de la F\u00f3rmula 1 va acercando el comienzo de la temporada, la cual se abrir\u00e1 en Melbourne, Australia, el tercer fin de semana de marzo, con la carrera a disputarse el domingo 16 a la 1 de la ma\u00f1ana de la Argentina. Desde este lado [&hellip;]<\/p>\n","protected":false},"author":1,"featured_media":161744,"comment_status":"closed","ping_status":"closed","sticky":false,"template":"","format":"standard","meta":[],"categories":[21],"tags":[],"_links":{"self":[{"href":"http:\/\/cordobadirecto.com\/index.php\/wp-json\/wp\/v2\/posts\/161743"}],"collection":[{"href":"http:\/\/cordobadirecto.com\/index.php\/wp-json\/wp\/v2\/posts"}],"about":[{"href":"http:\/\/cordobadirecto.com\/index.php\/wp-json\/wp\/v2\/types\/post"}],"author":[{"embeddable":true,"href":"http:\/\/cordobadirecto.com\/index.php\/wp-json\/wp\/v2\/users\/1"}],"replies":[{"embeddable":true,"href":"http:\/\/cordobadirecto.com\/index.php\/wp-json\/wp\/v2\/comments?post=161743"}],"version-history":[{"count":0,"href":"http:\/\/cordobadirecto.com\/index.php\/wp-json\/wp\/v2\/posts\/161743\/revisions"}],"wp:featuredmedia":[{"embeddable":true,"href":"http:\/\/cordobadirecto.com\/index.php\/wp-json\/wp\/v2\/media\/161744"}],"wp:attachment":[{"href":"http:\/\/cordobadirecto.com\/index.php\/wp-json\/wp\/v2\/media?parent=161743"}],"wp:term":[{"taxonomy":"category","embeddable":true,"href":"http:\/\/cordobadirecto.com\/index.php\/wp-json\/wp\/v2\/categories?post=161743"},{"taxonomy":"post_tag","embeddable":true,"href":"http:\/\/cordobadirecto.com\/index.php\/wp-json\/wp\/v2\/tags?post=161743"}],"curies":[{"name":"wp","href":"https:\/\/api.w.org\/{rel}","templated":true}]}}