{"id":161745,"date":"2025-02-04T21:14:32","date_gmt":"2025-02-04T21:14:32","guid":{"rendered":"https:\/\/www.ole.com.ar\/autos\/alpine-cambio-secreto-jack-doohan-formula-1-barcelona-franco-colapinto_0_ijcI8bgngQ.html"},"modified":"2025-02-04T21:14:32","modified_gmt":"2025-02-04T21:14:32","slug":"el-cambio-secreto-de-alpine-en-las-pruebas-de-la-formula-1","status":"publish","type":"post","link":"http:\/\/cordobadirecto.com\/index.php\/2025\/02\/04\/el-cambio-secreto-de-alpine-en-las-pruebas-de-la-formula-1\/","title":{"rendered":"El cambio secreto de Alpine en las pruebas de la F\u00f3rmula 1"},"content":{"rendered":"<p><time class=\"createDate\" datetime=\"2025-02-04T18:14:32-03:00\">04\/02\/2025 18:14hs.<\/time><\/p>\n<div id=\"storyBody\">\n<div class=\"custom-text \" readability=\"37.423263327948\">\n<p>Todav\u00eda falta para el <strong>Gran Premio de Australia<\/strong>, carrera que marcar\u00e1 el inicio de la temporada 2025 de la <strong><a href=\"https:\/\/www.ole.com.ar\/tema\/formula-1.html\" title=\"F\u00f3rmula 1\" alt=\"F\u00f3rmula 1\" class=\"slug\">F\u00f3rmula 1<\/a> <\/strong>(ser\u00e1 el 16\/3). Sin embargo, las escuder\u00edas no tienen tiempo que perder y ya est\u00e1n puliendo detalles para llegar preparadas al debut. En ese sentido, hay algunas haciendo pruebas en el tradicional Circuito de Barcelona, como es el caso de Ferrari, que volvi\u00f3 a girar <a href=\"https:\/\/www.ole.com.ar\/autos\/formula-1-lewis-hamilton-choco-test-privados-ferrari-barcelona_0_0XDgfQL17H.html\" target=\"_blank\" title=\"tras su accidente\" alt=\"tras su accidente\" rel=\"noopener\">tras el accidente que sufri\u00f3 Lewis Hamilton<\/a>, <strong>y nada menos que Alpine<\/strong>. El flamante equipo de Franco Colapinto<strong> <\/strong>subi\u00f3 a Jack Doohan al A523 en absoluto silencio y exhibi\u00f3<strong> un cambio notable<\/strong> que llam\u00f3 la atenci\u00f3n de los fierreros.<\/p>\n<\/div>\n<div class=\"custom-text \" readability=\"38\">\n<p>En las pruebas del equipo franc\u00e9s se pudo observar un detalle en <strong>el dise\u00f1o del monoplaza<\/strong>, que el a\u00f1o pasado ten\u00eda al rosa como color principal. El veh\u00edculo mostr\u00f3 una decoraci\u00f3n en la que <strong>el negro predomin\u00f3 en toda la carrocer\u00eda<\/strong>, a excepci\u00f3n del sponsor (BWT) en los costados del coche, que mantuvo el tono rosado que caracteriza a los de Enstone desde hace un tiempo.<\/p>\n<\/div>\n<div class=\"sc-e7b891c4-0 ifHnQL image-embed\"><img alt=\"El Alpine negro que gir\u00f3 en el circuito de Barcelona. (Foto: P. Ciccarone\/@Robertofunoat)\" loading=\"lazy\" width=\"720\" height=\"100\" decoding=\"async\" data-nimg=\"1\" src=\"http:\/\/cordobadirecto.com\/wp-content\/uploads\/2025\/02\/el-cambio-secreto-de-alpine-en-las-pruebas-de-la-formula-1.jpg\"><span class=\"epigraphe\">El Alpine negro que gir\u00f3 en el circuito de Barcelona. (Foto: P. Ciccarone\/@Robertofunoat)<\/span><\/div>\n<div class=\"custom-text \" readability=\"39\">\n<p>No obstante, <strong>este no es el dise\u00f1o que se utilizar\u00e1 durante el 2025.<\/strong> La versi\u00f3n final del monoplaza, o al menos el aspecto visual que tendr\u00e1 (se prev\u00e9 que los equipos no muestren todas sus cartas hasta el inicio del campeonato) ser\u00e1 presentada <strong>el 18 de febrero en el O2 Arena<\/strong> <strong>de Londres<\/strong>, escenario que albergar\u00e1 lo que la propia F\u00f3rmula 1 llam\u00f3 &#8220;el evento de lanzamiento m\u00e1s grande&#8221; hasta la fecha. En dicho acontecimiento, <strong>todas las escuder\u00edas presentar\u00e1n sus modelos<\/strong> y se celebrar\u00e1 el 75\u00b0 aniversario de la primera temporada de la M\u00e1xima.<\/p>\n<\/div>\n<div class=\"sc-734b4696-1 kFfZtB\">\n<div class=\"sc-d00d9e74-0 hnHYbk\" type=\"embed\">\n<div class=\"sc-d00d9e74-1 iKVbz videoText\" id=\"contentTitleembedUoxDYSTV\" type=\"embed\"><svg fill=\"#ffffff\"><symbol id=\"play\" viewBox=\"0 0 512 512\"><path d=\"M512 256C512 397.4 397.4 512 256 512C114.6 512 0 397.4 0 256C0 114.6 114.6 0 256 0C397.4 0 512 114.6 512 256zM176 168V344C176 352.7 180.7 360.7 188.3 364.9C195.8 369.2 205.1 369 212.5 364.5L356.5 276.5C363.6 272.1 368 264.4 368 256C368 247.6 363.6 239.9 356.5 235.5L212.5 147.5C205.1 142.1 195.8 142.8 188.3 147.1C180.7 151.3 176 159.3 176 168V168z\" \/><\/symbol><use xlink:href=\"#play\" \/><\/svg><\/p>\n<div class=\"right\">\n<p>Alpine<!-- --> &#8211; <span>&nbsp;<\/span><\/p>\n<h2 class=\"title-vid\">Con un cambio de dise\u00f1o, Alpine gir\u00f3 en el circuito de Barcelona<\/h2>\n<\/div>\n<\/div>\n<p><span class=\"back\" id=\"spanBackembedUoxDYSTV\"><\/span><\/div>\n<div class=\"JWvideoNota_title\">\n<p>Cr\u00e9dito: @RmcMotori<\/p>\n<\/div>\n<\/div>\n<p><h2><strong>Los horarios de todos las carreras de la F\u00f3rmula 1 en 2025<\/strong><\/h2>\n<\/p>\n<div class=\"custom-text \">\n<ul>\n<li>Australia: 16 de marzo a la 1hs<\/li>\n<li>China: 23 de marzo a las 4hs<\/li>\n<li>Jap\u00f3n: 6 de abril a las 2hs<\/li>\n<li>Bahrein: 13 de abril a las 12hs<\/li>\n<li>Arabia Saudita: 20 de abril a las 14hs<\/li>\n<li>Miami: 4 de mayo a las 17hs<\/li>\n<li>Emilia Roma\u00f1a: 18 de mayo a las 10hs<\/li>\n<li>M\u00f3naco: 25 de mayo a las 10hs<\/li>\n<li>Espa\u00f1a: 1 de junio a las 10hs<\/li>\n<li>Canad\u00e1: 15 de junio a las 15hs<\/li>\n<li>Austria: 29 de junio a las 10hs<\/li>\n<li>Gran Breta\u00f1a: 6 de julio a las 11hs<\/li>\n<li>B\u00e9lgica: 27 de julio a las 10hs<\/li>\n<li>Hungr\u00eda: 3 de agosto a las 10hs<\/li>\n<li>Pa\u00edses Bajos: 31 de agosto a las 10hs<\/li>\n<li>Italia: 7 de septiembre a las 10hs<\/li>\n<li>Azerbaiy\u00e1n: 21 de septiembre a las 8hs<\/li>\n<li>Singapur: 5 de octubre a las 9hs<\/li>\n<li>Austin: 19 de octubre a las 16hs<\/li>\n<li>M\u00e9xico: 26 de octubre a las 17hs<\/li>\n<li>Brasil: 9 de noviembre a las 14hs<\/li>\n<li>Las Vegas: 22 de noviembre a la 1hs<\/li>\n<li>Qatar: 30 de noviembre a las 13hs<\/li>\n<li>Abu Dhabi: 7 de diciembre a las 10hs<\/li>\n<\/ul>\n<\/div>\n<div class=\"sc-a7166897-0 eoLsBE\" readability=\"6.5\">\n<section readability=\"3\"><picture><img alt=\"Sin rastros de Doohan, Franco Colapinto estuvo jugando al p\u00e1del con Pierre Gasly\" loading=\"lazy\" width=\"290\" height=\"290\" decoding=\"async\" data-nimg=\"1\" src=\"http:\/\/cordobadirecto.com\/wp-content\/uploads\/2025\/02\/el-cambio-secreto-de-alpine-en-las-pruebas-de-la-formula-1-1.jpg\"><\/picture>\n<p><span>Mir\u00e1 tambi\u00e9n<\/span><\/p>\n<hr>\n<h3>Sin rastros de Doohan, Franco Colapinto estuvo jugando al p\u00e1del con Pierre Gasly<\/h3>\n<\/p>\n<\/section>\n<\/div>\n<div class=\"sc-a7166897-0 eoLsBE\" readability=\"6.5\">\n<section readability=\"3\"><picture><img alt=\"Un Mercedes que manej\u00f3 Fangio se transform\u00f3 en la venta m\u00e1s cara de la historia entre autos de carrera\" loading=\"lazy\" width=\"290\" height=\"290\" decoding=\"async\" data-nimg=\"1\" src=\"http:\/\/cordobadirecto.com\/wp-content\/uploads\/2025\/02\/el-cambio-secreto-de-alpine-en-las-pruebas-de-la-formula-1-2.jpg\"><\/picture>\n<p><span>Mir\u00e1 tambi\u00e9n<\/span><\/p>\n<hr>\n<h3>Un Mercedes que manej\u00f3 Fangio se transform\u00f3 en la venta m\u00e1s cara de la historia entre autos de carrera<\/h3>\n<\/p>\n<\/section>\n<\/div>\n<div class=\"sc-a7166897-0 eoLsBE\" readability=\"6.5\">\n<section readability=\"3\"><picture><img alt=\"Atento Colapinto: habl\u00f3 Doohan y dijo que espera tener muchos a\u00f1os exitosos en&nbsp;la&nbsp;F\u00f3rmula&nbsp;1\" loading=\"lazy\" width=\"290\" height=\"290\" decoding=\"async\" data-nimg=\"1\" src=\"http:\/\/cordobadirecto.com\/wp-content\/uploads\/2025\/02\/el-cambio-secreto-de-alpine-en-las-pruebas-de-la-formula-1-3.jpg\"><\/picture>\n<p><span>Mir\u00e1 tambi\u00e9n<\/span><\/p>\n<hr>\n<h3>Atento Colapinto: habl\u00f3 Doohan y dijo que espera tener muchos a\u00f1os exitosos en&nbsp;la&nbsp;F\u00f3rmula&nbsp;1<\/h3>\n<\/p>\n<\/section>\n<\/div>\n<\/div>\n","protected":false},"excerpt":{"rendered":"<p>04\/02\/2025 18:14hs. Todav\u00eda falta para el Gran Premio de Australia, carrera que marcar\u00e1 el inicio de la temporada 2025 de la F\u00f3rmula 1 (ser\u00e1 el 16\/3). Sin embargo, las escuder\u00edas no tienen tiempo que perder y ya est\u00e1n puliendo detalles para llegar preparadas al debut. En ese sentido, hay algunas haciendo pruebas en el tradicional [&hellip;]<\/p>\n","protected":false},"author":1,"featured_media":161746,"comment_status":"closed","ping_status":"closed","sticky":false,"template":"","format":"standard","meta":[],"categories":[21],"tags":[],"_links":{"self":[{"href":"http:\/\/cordobadirecto.com\/index.php\/wp-json\/wp\/v2\/posts\/161745"}],"collection":[{"href":"http:\/\/cordobadirecto.com\/index.php\/wp-json\/wp\/v2\/posts"}],"about":[{"href":"http:\/\/cordobadirecto.com\/index.php\/wp-json\/wp\/v2\/types\/post"}],"author":[{"embeddable":true,"href":"http:\/\/cordobadirecto.com\/index.php\/wp-json\/wp\/v2\/users\/1"}],"replies":[{"embeddable":true,"href":"http:\/\/cordobadirecto.com\/index.php\/wp-json\/wp\/v2\/comments?post=161745"}],"version-history":[{"count":0,"href":"http:\/\/cordobadirecto.com\/index.php\/wp-json\/wp\/v2\/posts\/161745\/revisions"}],"wp:featuredmedia":[{"embeddable":true,"href":"http:\/\/cordobadirecto.com\/index.php\/wp-json\/wp\/v2\/media\/161746"}],"wp:attachment":[{"href":"http:\/\/cordobadirecto.com\/index.php\/wp-json\/wp\/v2\/media?parent=161745"}],"wp:term":[{"taxonomy":"category","embeddable":true,"href":"http:\/\/cordobadirecto.com\/index.php\/wp-json\/wp\/v2\/categories?post=161745"},{"taxonomy":"post_tag","embeddable":true,"href":"http:\/\/cordobadirecto.com\/index.php\/wp-json\/wp\/v2\/tags?post=161745"}],"curies":[{"name":"wp","href":"https:\/\/api.w.org\/{rel}","templated":true}]}}