{"id":161753,"date":"2025-02-05T10:12:09","date_gmt":"2025-02-05T10:12:09","guid":{"rendered":"https:\/\/puntoapunto.com.ar\/?p=369746"},"modified":"2025-02-05T10:12:09","modified_gmt":"2025-02-05T10:12:09","slug":"edicion-semanal-el-momento-de-los-negocios","status":"publish","type":"post","link":"http:\/\/cordobadirecto.com\/index.php\/2025\/02\/05\/edicion-semanal-el-momento-de-los-negocios\/","title":{"rendered":"Edici\u00f3n semanal: El momento de los negocios"},"content":{"rendered":"<p>&nbsp;<!-- \u00a1O bien no hay banners, estan desactivados o no estan programados para esta ubicaci\u00f3n! -->\n<\/p>\n<p>&nbsp;\n<\/p>\n<p>E<strong>l panorama de negocios en Argentina para 2025 muestra signos de recuperaci\u00f3n t<\/strong>ras un 2024 complejo, con menor inflaci\u00f3n y tasas de inter\u00e9s m\u00e1s bajas. <strong>Sectores como miner\u00eda y energ\u00eda atraer\u00e1n inversiones<\/strong>, mientras que las exportaciones de servicios y la construcci\u00f3n enfrentar\u00e1n desaf\u00edos.\n<\/p>\n<p><strong>Le\u00e9 la revista en tu dispositivo favorito<\/strong>\n<\/p>\n<p><a href=\"https:\/\/indd.adobe.com\/view\/b2d9bb86-72f5-4890-966a-6e1727c4fa85\" target=\"_blank\" rel=\"noopener\"><img decoding=\"async\" class=\"alignleft wp-image-341569 size-full\" src=\"http:\/\/cordobadirecto.com\/wp-content\/uploads\/2025\/02\/edicion-semanal-el-momento-de-los-negocios.jpg\" alt width=\"300\" height=\"80\" loading=\"lazy\"><\/a><img loading=\"lazy\" decoding=\"async\" class=\"size-full wp-image-341570 alignleft\" src=\"http:\/\/cordobadirecto.com\/wp-content\/uploads\/2025\/02\/edicion-semanal-el-momento-de-los-negocios-1.jpg\" alt width=\"300\" height=\"80\"><!-- \u00a1O bien no hay banners, estan desactivados o no estan programados para esta ubicaci\u00f3n! -->\n<\/p>\n<p>&nbsp;\n<\/p>\n<p>&nbsp;\n<\/p>\n<p><strong>Adem\u00e1s:<\/strong>\n<\/p>\n<ul>\n<li><strong>El pulso de la econom\u00eda en C\u00f3rdoba: industria, comercio e inmuebles frente a 2025<\/strong><\/li>\n<\/ul>\n<p>Mientras el sector industrial proyecta crecimiento con desaf\u00edos en competitividad, el mercado inmobiliario se estabiliza tras cambios normativos y el <a href=\"https:\/\/puntoapunto.com.ar\/enero-dejo-un-balance-mixto-para-el-comercio-leve-alza-interanual-pero-fuerte-caida-mensual\/\">comercio<\/a> enfrenta un consumidor m\u00e1s racional y digital. La macroeconom\u00eda y el acceso al cr\u00e9dito ser\u00e1n claves en la evoluci\u00f3n de cada sector.\n<\/p>\n<ul>\n<li><strong><a href=\"https:\/\/puntoapunto.com.ar\/orfeo-distrito-salud-como-es-el-fondo-que-creo-bugliotti-para-que-pequenos-y-medianos-inversores-ingresen-al-proyecto\/\">Bugliotti<\/a> invierte fuerte en la generaci\u00f3n energ\u00eda: US$ 30 millones y prepara mega proyecto<\/strong><\/li>\n<\/ul>\n<p>La inversi\u00f3n se concreta a seis kil\u00f3metros de De\u00e1n Funes y le permitir\u00e1 generar 36 megas, con lo que lograr\u00e1 abastecer el 100% de sus unidades de negocio. \u201cEstamos construyendo tres parques\u201d, confirma el empresario. Guardado bajo siete llaves, en breve anuncia mega proyecto que ingresar\u00e1 a trav\u00e9s del RIGI.\n<\/p>\n<ul>\n<li><strong>La pelea entre Juez y De Loredo tiene un solo ganador: Llaryora<\/strong><\/li>\n<\/ul>\n<p>Los hasta ahora socios pol\u00edticos que intentan desalojar al peronismo del poder provincial, atraviesan un momento m\u00e1s que delicado de su relaci\u00f3n pol\u00edtica. El claro conflicto de intereses los divide, ya que los dos se sienten con derecho a calzarse el traje de candidato a gobernador en 2027.\n<\/p>\n<ul>\n<li><strong>Quimexur y Holcim: la alianza que transform\u00f3 una pyme familiar en un jugador clave del mercado<\/strong><\/li>\n<\/ul>\n<p>Tras ser adquirida por Holcim, <a href=\"https:\/\/quimexur.com.ar\/\">Quimexur<\/a> super\u00f3 las expectativas de crecimiento. La marca fortaleci\u00f3 su presencia en el mercado y proyecta un crecimiento del 25-30% para este a\u00f1o.\n<\/p>\n<ul>\n<li><strong>Trump redobla su apuesta comercial con aranceles que sacuden la econom\u00eda global<\/strong><\/li>\n<\/ul>\n<p>En el inicio de su segundo mandato, el presidente de Estados Unidos impone nuevas tarifas a <a href=\"https:\/\/puntoapunto.com.ar\/impacto-global-los-mercados-caen-tras-la-guerra-comercial-de-trump\/\">Canad\u00e1, M\u00e9xico y China,<\/a> avivando tensiones comerciales y desatando amenazas de represalias. La incertidumbre crece en los mercados y Argentina no est\u00e1 exenta de los efectos colaterales.\n<\/p>\n<div class=\"g g-38\">\n<div class=\"g-dyn a-12 c-1\"><a class=\"gofollow\" data-track=\"MTIsMzgsMSw2MA==\" href=\"https:\/\/hospitalprivado.com.ar\/blog\/institucional\/somos-la-primera-institucion-del-interior-del-pais-en-acreditar-joint-commission-international.html\" target=\"_blank\" rel=\"noopener\"><img src=\"http:\/\/cordobadirecto.com\/wp-content\/uploads\/2025\/02\/edicion-semanal-el-momento-de-los-negocios.gif\" loading=\"lazy\"><\/a><\/div>\n<\/div>\n","protected":false},"excerpt":{"rendered":"<p>&nbsp; &nbsp; El panorama de negocios en Argentina para 2025 muestra signos de recuperaci\u00f3n tras un 2024 complejo, con menor inflaci\u00f3n y tasas de inter\u00e9s m\u00e1s bajas. Sectores como miner\u00eda y energ\u00eda atraer\u00e1n inversiones, mientras que las exportaciones de servicios y la construcci\u00f3n enfrentar\u00e1n desaf\u00edos. Le\u00e9 la revista en tu dispositivo favorito &nbsp; &nbsp; Adem\u00e1s: [&hellip;]<\/p>\n","protected":false},"author":1,"featured_media":161754,"comment_status":"closed","ping_status":"closed","sticky":false,"template":"","format":"standard","meta":[],"categories":[25],"tags":[],"_links":{"self":[{"href":"http:\/\/cordobadirecto.com\/index.php\/wp-json\/wp\/v2\/posts\/161753"}],"collection":[{"href":"http:\/\/cordobadirecto.com\/index.php\/wp-json\/wp\/v2\/posts"}],"about":[{"href":"http:\/\/cordobadirecto.com\/index.php\/wp-json\/wp\/v2\/types\/post"}],"author":[{"embeddable":true,"href":"http:\/\/cordobadirecto.com\/index.php\/wp-json\/wp\/v2\/users\/1"}],"replies":[{"embeddable":true,"href":"http:\/\/cordobadirecto.com\/index.php\/wp-json\/wp\/v2\/comments?post=161753"}],"version-history":[{"count":0,"href":"http:\/\/cordobadirecto.com\/index.php\/wp-json\/wp\/v2\/posts\/161753\/revisions"}],"wp:featuredmedia":[{"embeddable":true,"href":"http:\/\/cordobadirecto.com\/index.php\/wp-json\/wp\/v2\/media\/161754"}],"wp:attachment":[{"href":"http:\/\/cordobadirecto.com\/index.php\/wp-json\/wp\/v2\/media?parent=161753"}],"wp:term":[{"taxonomy":"category","embeddable":true,"href":"http:\/\/cordobadirecto.com\/index.php\/wp-json\/wp\/v2\/categories?post=161753"},{"taxonomy":"post_tag","embeddable":true,"href":"http:\/\/cordobadirecto.com\/index.php\/wp-json\/wp\/v2\/tags?post=161753"}],"curies":[{"name":"wp","href":"https:\/\/api.w.org\/{rel}","templated":true}]}}