{"id":161760,"date":"2025-02-05T13:29:22","date_gmt":"2025-02-05T13:29:22","guid":{"rendered":"https:\/\/cordoba.gob.ar\/?p=71905"},"modified":"2025-02-05T13:29:22","modified_gmt":"2025-02-05T13:29:22","slug":"un-mes-y-23-escenarios-este-fin-de-semana-inician-los-carnavales-barriales-2025","status":"publish","type":"post","link":"http:\/\/cordobadirecto.com\/index.php\/2025\/02\/05\/un-mes-y-23-escenarios-este-fin-de-semana-inician-los-carnavales-barriales-2025\/","title":{"rendered":"Un mes y 23 escenarios: este fin de semana inician los Carnavales Barriales 2025"},"content":{"rendered":"<div><img src=\"http:\/\/cordobadirecto.com\/wp-content\/uploads\/2025\/02\/un-mes-y-23-escenarios-este-fin-de-semana-inician-los-carnavales-barriales-2025.jpg\" class=\"ff-og-image-inserted\"><\/div>\n<ul>\n<li><strong>Es la festividad popular m\u00e1s esperada por las familias cordobesas, que dar\u00e1n color y alegr\u00eda en las calles de C\u00f3rdoba Capital.<\/strong><\/li>\n<li><strong><strong>Del 8 de febrero y hasta el 3 de marzo, con presencia en 23 barrios de la ciudad: habr\u00e1 murgas, comparsas, kerm\u00e9s, mucho m\u00e1s con acceso libre y gratuito.<\/strong><\/strong><br \/>\n<hr>\n<\/li>\n<\/ul>\n<p>La Municipalidad de C\u00f3rdoba abre la edici\u00f3n 2025 de los Carnavales Barriales: inician este s\u00e1bado 8 de febrero y tendr\u00e1n duraci\u00f3n hasta el 3 de marzo, con escenarios en 23 barrios de la ciudad.<\/p>\n<p>Es as\u00ed, que la Capital se prepara para recibir cada celebraci\u00f3n barrial acompa\u00f1ada de color y al ritmo de murgas, batucadas y comparsas para el disfrute de toda la comunidad, con acceso libre y gratuito.<\/p>\n<p>La edici\u00f3n 2025 inicia este s\u00e1bado en San Vicente con la presentaci\u00f3n del carnaval \u201cSan Vicente es un carnaval\u201d. El domingo llega el turno de \u201cLa Murga Vientos del Sur\u201d en Villa el Libertador.<\/p>\n<p>La programaci\u00f3n general surge de una convocatoria p\u00fablica. Y cada fecha es organizada por diferentes agrupaciones que despliegan un vasto recorrido en esta celebraci\u00f3n popular y trabajo sostenido por generaciones de familias que trabajan cada a\u00f1o para mantener viva la tradici\u00f3n de esta festividad.<\/p>\n<p>En este sentido, fortalecer el trabajo comunitario y colaborativo en los diferentes barrios de nuestra ciudad.<\/p>\n<p>La programaci\u00f3n completa de los Carnavales Comunitarios 2025 se puede consultar desde <a href=\"https:\/\/cultura.cordoba.gob.ar\/agenda\/?Carnavales=\" target=\"_blank\" rel=\"noopener\">aqu\u00ed<\/a>.<\/p>\n<p><strong>Tradici\u00f3n cultural e inclusi\u00f3n comunitaria<\/strong><\/p>\n<p>El entramado de esta festividad es m\u00e1s que una expresi\u00f3n cultural, de ritmo, colores, danzas, murgas y batucadas, tambi\u00e9n atraviesa la fibra sensitiva de toda una comunidad, desde la tradici\u00f3n cultural e inclusi\u00f3n comunitaria en cada barrio.<\/p>\n<p>Es un trabajo colaborativo que se realiza durante todo el a\u00f1o y se transforma en una de las celebraciones m\u00e1s esperadas y es as\u00ed que cada barrio presenta sus historias, costumbres e identidad.<\/p>\n<p>Por ejemplo, el carnaval popular de Villa El Libertador, que organizan hace 20 a\u00f1os instituciones barriales, vecinos y que este a\u00f1o definieron entre sus principales objetivos la cohesi\u00f3n comunitaria y el sentido de pertenencia barrial, como un aporte a la convivencia y la solidaridad.<\/p>\n<p>Con su tradicional \u201cMurga Vientos del Sur\u201d, mantiene una de las mayores convocatorias, con una participaci\u00f3n de alrededor de 25 mil personas, en un evento de desfile callejero de agrupaciones art\u00edsticas carnavaleras de distintos g\u00e9neros.<\/p>\n<p>En otro sector de la ciudad nos encontramos con \u201cLos Dragones de Villa Urquiza\u201d, un carnaval comunitario organizado por instituciones del barrio, agrupaciones, vecinos y vecinas, con el objetivo de profundizar estrategias identitarias barriales y fortalecer a la cultura y la econom\u00eda popular, a trav\u00e9s de la confecci\u00f3n de los trajes, la ense\u00f1anza de ritmos y bailes para consolidar en un espacio de encuentro para las infancias, adolescencias y juventudes, desde una perspectiva inclusiva que encuentran en la murga un espacio de contenci\u00f3n y desarrollo<\/p>\n<p>Y Granadero Pringles por segundo a\u00f1o consecutivo acompa\u00f1an el \u00abCorso inclusivo\u00bb que brinda un espacio para la inclusi\u00f3n social, con un abordaje desde la diversidad cultural, la discapacidad, el g\u00e9nero y las distintas colectividades. Este trabajo lo realizan diferentes asociaciones e instituciones del barrio y all\u00ed se puede apreciar desde grupos de cuarteto de barrio, batucadas, y una comparsa representando la bandera de la diversidad. El lema de este a\u00f1o es \u201cDiscriminaci\u00f3n cero\u201d.<\/p>\n<p>Cada barrio es una historia y una trama particular donde podemos apreciar el compromiso vecinal y la participaci\u00f3n comunitaria para mantener viva las tradiciones y construir los puentes para la expresi\u00f3n de las nuevas generaciones y manifestaciones culturales, que forjan nuestra identidad colectiva.<\/p>\n","protected":false},"excerpt":{"rendered":"<p>Es la festividad popular m\u00e1s esperada por las familias cordobesas, que dar\u00e1n color y alegr\u00eda en las calles de C\u00f3rdoba Capital. Del 8 de febrero y hasta el 3 de marzo, con presencia en 23 barrios de la ciudad: habr\u00e1 murgas, comparsas, kerm\u00e9s, mucho m\u00e1s con acceso libre y gratuito. La Municipalidad de C\u00f3rdoba abre [&hellip;]<\/p>\n","protected":false},"author":1,"featured_media":161761,"comment_status":"closed","ping_status":"closed","sticky":false,"template":"","format":"standard","meta":[],"categories":[44],"tags":[],"_links":{"self":[{"href":"http:\/\/cordobadirecto.com\/index.php\/wp-json\/wp\/v2\/posts\/161760"}],"collection":[{"href":"http:\/\/cordobadirecto.com\/index.php\/wp-json\/wp\/v2\/posts"}],"about":[{"href":"http:\/\/cordobadirecto.com\/index.php\/wp-json\/wp\/v2\/types\/post"}],"author":[{"embeddable":true,"href":"http:\/\/cordobadirecto.com\/index.php\/wp-json\/wp\/v2\/users\/1"}],"replies":[{"embeddable":true,"href":"http:\/\/cordobadirecto.com\/index.php\/wp-json\/wp\/v2\/comments?post=161760"}],"version-history":[{"count":0,"href":"http:\/\/cordobadirecto.com\/index.php\/wp-json\/wp\/v2\/posts\/161760\/revisions"}],"wp:featuredmedia":[{"embeddable":true,"href":"http:\/\/cordobadirecto.com\/index.php\/wp-json\/wp\/v2\/media\/161761"}],"wp:attachment":[{"href":"http:\/\/cordobadirecto.com\/index.php\/wp-json\/wp\/v2\/media?parent=161760"}],"wp:term":[{"taxonomy":"category","embeddable":true,"href":"http:\/\/cordobadirecto.com\/index.php\/wp-json\/wp\/v2\/categories?post=161760"},{"taxonomy":"post_tag","embeddable":true,"href":"http:\/\/cordobadirecto.com\/index.php\/wp-json\/wp\/v2\/tags?post=161760"}],"curies":[{"name":"wp","href":"https:\/\/api.w.org\/{rel}","templated":true}]}}