{"id":161874,"date":"2025-02-07T20:33:26","date_gmt":"2025-02-07T20:33:26","guid":{"rendered":"https:\/\/cordoba.gob.ar\/?p=73168"},"modified":"2025-02-07T20:33:26","modified_gmt":"2025-02-07T20:33:26","slug":"passerini-participo-en-la-ceremonia-de-asuncion-de-las-nuevas-autoridades-del-tribunal-superior-de-justicia","status":"publish","type":"post","link":"http:\/\/cordobadirecto.com\/index.php\/2025\/02\/07\/passerini-participo-en-la-ceremonia-de-asuncion-de-las-nuevas-autoridades-del-tribunal-superior-de-justicia\/","title":{"rendered":"Passerini particip\u00f3 en la ceremonia de asunci\u00f3n de las nuevas autoridades del Tribunal Superior de Justicia"},"content":{"rendered":"<div><img src=\"http:\/\/cordobadirecto.com\/wp-content\/uploads\/2025\/02\/passerini-participo-en-la-ceremonia-de-asuncion-de-las-nuevas-autoridades-del-tribunal-superior-de-justicia.jpg\" class=\"ff-og-image-inserted\"><\/div>\n<ul>\n<li><strong><strong>El evento tuvo lugar en el Sal\u00f3n de los Pasos Perdidos del Palacio de Justicia I.<\/strong><\/strong><br \/>\n<hr>\n<\/li>\n<\/ul>\n<p>Este viernes, el intendente Daniel Passerini particip\u00f3 de la ceremonia de asunci\u00f3n de las nuevas autoridades del Tribunal Superior de Justicia de C\u00f3rdoba.<\/p>\n<p>El acto tuvo lugar en el Sal\u00f3n de los Pasos Perdidos del Palacio de Justicia I, en la ciudad de C\u00f3rdoba, y cont\u00f3 con la presencia de diversas autoridades judiciales y gubernamentales.<\/p>\n<p>El evento fue encabezado por el presidente del TSJ, Luis Eugenio Angulo, quien junto a los dem\u00e1s vocales del Alto Cuerpo acompa\u00f1\u00f3 la toma de juramento de las nuevas autoridades.<\/p>\n<p>Durante la ceremonia, J\u00e9ssica Valentini asumi\u00f3 como vocal del Tribunal Superior de Justicia, Pablo Bustos Fierro lo hizo como defensor General, Pablo Pupich y N\u00e9stor G\u00f3mez, juraron en el cargo de defensores Adjuntos, mientras que Guadalupe Garc\u00eda Petrini, se incorpor\u00f3 en su rol de defensora Adjunta en Ni\u00f1ez, Adolescencia, Violencia Familiar y de G\u00e9nero. A su turno, Alejandro P\u00e9rez Moreno asumi\u00f3 como fiscal Adjunto.<\/p>\n","protected":false},"excerpt":{"rendered":"<p>El evento tuvo lugar en el Sal\u00f3n de los Pasos Perdidos del Palacio de Justicia I. Este viernes, el intendente Daniel Passerini particip\u00f3 de la ceremonia de asunci\u00f3n de las nuevas autoridades del Tribunal Superior de Justicia de C\u00f3rdoba. El acto tuvo lugar en el Sal\u00f3n de los Pasos Perdidos del Palacio de Justicia I, [&hellip;]<\/p>\n","protected":false},"author":1,"featured_media":161875,"comment_status":"closed","ping_status":"closed","sticky":false,"template":"","format":"standard","meta":[],"categories":[44],"tags":[],"_links":{"self":[{"href":"http:\/\/cordobadirecto.com\/index.php\/wp-json\/wp\/v2\/posts\/161874"}],"collection":[{"href":"http:\/\/cordobadirecto.com\/index.php\/wp-json\/wp\/v2\/posts"}],"about":[{"href":"http:\/\/cordobadirecto.com\/index.php\/wp-json\/wp\/v2\/types\/post"}],"author":[{"embeddable":true,"href":"http:\/\/cordobadirecto.com\/index.php\/wp-json\/wp\/v2\/users\/1"}],"replies":[{"embeddable":true,"href":"http:\/\/cordobadirecto.com\/index.php\/wp-json\/wp\/v2\/comments?post=161874"}],"version-history":[{"count":0,"href":"http:\/\/cordobadirecto.com\/index.php\/wp-json\/wp\/v2\/posts\/161874\/revisions"}],"wp:featuredmedia":[{"embeddable":true,"href":"http:\/\/cordobadirecto.com\/index.php\/wp-json\/wp\/v2\/media\/161875"}],"wp:attachment":[{"href":"http:\/\/cordobadirecto.com\/index.php\/wp-json\/wp\/v2\/media?parent=161874"}],"wp:term":[{"taxonomy":"category","embeddable":true,"href":"http:\/\/cordobadirecto.com\/index.php\/wp-json\/wp\/v2\/categories?post=161874"},{"taxonomy":"post_tag","embeddable":true,"href":"http:\/\/cordobadirecto.com\/index.php\/wp-json\/wp\/v2\/tags?post=161874"}],"curies":[{"name":"wp","href":"https:\/\/api.w.org\/{rel}","templated":true}]}}