{"id":161880,"date":"2025-02-07T18:45:46","date_gmt":"2025-02-07T18:45:46","guid":{"rendered":"https:\/\/www.ole.com.ar\/poli\/jorgemartin-motogp-malasia-operacion_0_MEmqyGII0a.html"},"modified":"2025-02-07T18:45:46","modified_gmt":"2025-02-07T18:45:46","slug":"jorge-martin-fue-operado-tras-el-terrible-accidente-cuando-vuelve","status":"publish","type":"post","link":"http:\/\/cordobadirecto.com\/index.php\/2025\/02\/07\/jorge-martin-fue-operado-tras-el-terrible-accidente-cuando-vuelve\/","title":{"rendered":"Jorge Mart\u00edn fue operado tras el terrible accidente: \u00bfcu\u00e1ndo vuelve?"},"content":{"rendered":"<p><span class=\"createDate\">07\/02\/2025 15:45hs.<\/span><time class=\"modificatedDate\" datetime=\"2025-02-07T15:49:02-03:00\"> Actualizado al 07\/02\/2025 15:49hs.<\/time><\/p>\n<div id=\"storyBody\">\n<div class=\"custom-text \" readability=\"36.113372093023\">\n<p>Dos d\u00edas despu\u00e9s del<a href=\"https:\/\/www.ole.com.ar\/autos\/motogp-jorge-martin-caida_0_Lt5JkGhLYk.html\" target=\"_self\" title=\" terrible accidente que sufri\u00f3 en Malasia\" alt=\" terrible accidente que sufri\u00f3 en Malasia\" rel=\"noopener\"> terrible accidente que sufri\u00f3 en Malasia<\/a>, el vigente campe\u00f3n del mundo de MotoGP, <strong>Jorge Mart\u00edn<\/strong>, fue operado con \u00e9xito de la mano derecha, este viernes en Barcelona, inform\u00f3 su equipo.<strong> &#8220;El equipo m\u00e9dico de la cl\u00ednica Dexeus de Barcelona confirm\u00f3 el resultado positivo&#8221;, explic\u00f3 el equipo Aprilia en un comunicado.<\/strong><\/p>\n<\/div>\n<div class=\"custom-text \" readability=\"34\">\n<p> &#8220;Las fracturas en el pie izquierdo no requirieron intervenci\u00f3n quir\u00fargica. La duraci\u00f3n de su indisponibilidad se evaluar\u00e1 en los pr\u00f3ximos d\u00edas&#8221;, agreg\u00f3 el fabricante italiano. <\/p>\n<\/div>\n<div class=\"custom-text \" readability=\"39\">\n<p> Mart\u00edn se lesion\u00f3 el mi\u00e9rcoles durante el primer d\u00eda de pruebas de pretemporada en el circuito de Sepang, en Malasia, en una terrible ca\u00edda: sali\u00f3 despedido de su moto y gir\u00f3 en el aire antes de caer sobre la pista. Su cabeza golpe\u00f3 violentamente el suelo, hasta el punto de arrancar la visera de su casco, lo que hizo temer una conmoci\u00f3n cerebral. <\/p>\n<\/div>\n<div class=\"sc-e7b891c4-0 ifHnQL image-embed\"><img alt=\"Jorge Mart\u00edn tras la operaci\u00f3n de este viernes. Manos vendadas.\" loading=\"lazy\" width=\"720\" height=\"100\" decoding=\"async\" data-nimg=\"1\" src=\"http:\/\/cordobadirecto.com\/wp-content\/uploads\/2025\/02\/jorge-martin-fue-operado-tras-el-terrible-accidente-cuando-vuelve.jpg\"><span class=\"epigraphe\">Jorge Mart\u00edn tras la operaci\u00f3n de este viernes. Manos vendadas.<\/span><\/div>\n<div class=\"custom-text \" readability=\"37\">\n<p> El madrile\u00f1o de 27 a\u00f1os fue llevado primero al centro m\u00e9dico del circuito, antes de ser trasladado a un hospital cercano donde se diagnosticaron fracturas de la cabeza del quinto metacarpo de la mano derecha y del tercer, cuarto y quinto metatarsiano del pie izquierdo. Pero la conmoci\u00f3n fue descartada. <\/p>\n<\/div>\n<div class=\"custom-text \" readability=\"33\">\n<p> Mart\u00edn gan\u00f3 en noviembre su primer t\u00edtulo de campe\u00f3n del mundo de MotoGP a los mandos de una Ducati del equipo sat\u00e9lite Pramac y fich\u00f3 por Aprilia esta temporada. <\/p>\n<\/div>\n<div class=\"custom-text \" readability=\"39\">\n<p>El espa\u00f1ol faltar\u00e1 a la segunda tanda de pruebas, la pr\u00f3xima semana en el circuito tailand\u00e9s de Buriram, y <strong>su participaci\u00f3n en el primer Gran Premio de la temporada 2025, programado para el 2 de marzo, tambi\u00e9n en Tailandia, est\u00e1 en el aire.<\/strong><\/p>\n<\/div>\n<p><h2><strong>Mir\u00e1 el accidente<\/strong><\/h2>\n<\/p>\n<div class=\"sc-734b4696-1 kFfZtB\" readability=\"6\">\n<div class=\"sc-d00d9e74-0 hnHYbk\" type=\"embed\">\n<div class=\"sc-d00d9e74-1 iKVbz videoText\" id=\"contentTitleembedOPvKXoga\" type=\"embed\"><svg fill=\"#ffffff\"><symbol id=\"play\" viewBox=\"0 0 512 512\"><path d=\"M512 256C512 397.4 397.4 512 256 512C114.6 512 0 397.4 0 256C0 114.6 114.6 0 256 0C397.4 0 512 114.6 512 256zM176 168V344C176 352.7 180.7 360.7 188.3 364.9C195.8 369.2 205.1 369 212.5 364.5L356.5 276.5C363.6 272.1 368 264.4 368 256C368 247.6 363.6 239.9 356.5 235.5L212.5 147.5C205.1 142.1 195.8 142.8 188.3 147.1C180.7 151.3 176 159.3 176 168V168z\" \/><\/symbol><use xlink:href=\"#play\" \/><\/svg><\/p>\n<div class=\"right\">\n<p>MotoGP<!-- --> &#8211; <span>&nbsp;<\/span><\/p>\n<h2 class=\"title-vid\">Jorge Mart\u00edn y una terrible ca\u00edda en su moto<\/h2>\n<\/div>\n<\/div>\n<p><span class=\"back\" id=\"spanBackembedOPvKXoga\"><\/span><\/div>\n<div class=\"JWvideoNota_title\" readability=\"7\">\n<p>El campe\u00f3n del mundo de MotoGP se cay\u00f3 en los entrenamientos en Sepang. Cr\u00e9dito: Sportscenter<\/p>\n<\/div>\n<\/div>\n<div class=\"sc-e7b891c4-0 ifHnQL image-embed\"><img alt=\"Un accidente anterior de Jorge Mart\u00edn: en 2022, en Italia.\" loading=\"lazy\" width=\"720\" height=\"100\" decoding=\"async\" data-nimg=\"1\" src=\"http:\/\/cordobadirecto.com\/wp-content\/uploads\/2025\/02\/jorge-martin-fue-operado-tras-el-terrible-accidente-cuando-vuelve-1.jpg\"><span class=\"epigraphe\">Un accidente anterior de Jorge Mart\u00edn: en 2022, en Italia.<\/span><\/div>\n<div class=\"sc-a7166897-0 eoLsBE\" readability=\"6\">\n<section readability=\"2\"><picture><img alt=\"\u00bfPor qu\u00e9 Richard Carapaz y su equipo se retiran de la Etoile de Bess\u00e8ges?\" loading=\"lazy\" width=\"290\" height=\"290\" decoding=\"async\" data-nimg=\"1\" src=\"http:\/\/cordobadirecto.com\/wp-content\/uploads\/2025\/02\/jorge-martin-fue-operado-tras-el-terrible-accidente-cuando-vuelve-2.jpg\"><\/picture>\n<p><span>Mir\u00e1 tambi\u00e9n<\/span><\/p>\n<hr>\n<h3>\u00bfPor qu\u00e9 Richard Carapaz y su equipo se retiran de la Etoile de Bess\u00e8ges?<\/h3>\n<\/p>\n<\/section>\n<\/div>\n<div class=\"sc-a7166897-0 eoLsBE\" readability=\"6\">\n<section readability=\"2\"><picture><img alt=\"Qu\u00e9 dijo Valentina Cervantes sobre su reconciliaci\u00f3n con Enzo Fern\u00e1ndez\" loading=\"lazy\" width=\"290\" height=\"290\" decoding=\"async\" data-nimg=\"1\" src=\"http:\/\/cordobadirecto.com\/wp-content\/uploads\/2025\/02\/jorge-martin-fue-operado-tras-el-terrible-accidente-cuando-vuelve-3.jpg\"><\/picture>\n<p><span>Mir\u00e1 tambi\u00e9n<\/span><\/p>\n<hr>\n<h3>Qu\u00e9 dijo Valentina Cervantes sobre su reconciliaci\u00f3n con Enzo Fern\u00e1ndez<\/h3>\n<\/p>\n<\/section>\n<\/div>\n<\/div>\n","protected":false},"excerpt":{"rendered":"<p>07\/02\/2025 15:45hs. Actualizado al 07\/02\/2025 15:49hs. Dos d\u00edas despu\u00e9s del terrible accidente que sufri\u00f3 en Malasia, el vigente campe\u00f3n del mundo de MotoGP, Jorge Mart\u00edn, fue operado con \u00e9xito de la mano derecha, este viernes en Barcelona, inform\u00f3 su equipo. &#8220;El equipo m\u00e9dico de la cl\u00ednica Dexeus de Barcelona confirm\u00f3 el resultado positivo&#8221;, explic\u00f3 el [&hellip;]<\/p>\n","protected":false},"author":1,"featured_media":161881,"comment_status":"closed","ping_status":"closed","sticky":false,"template":"","format":"standard","meta":[],"categories":[21],"tags":[],"_links":{"self":[{"href":"http:\/\/cordobadirecto.com\/index.php\/wp-json\/wp\/v2\/posts\/161880"}],"collection":[{"href":"http:\/\/cordobadirecto.com\/index.php\/wp-json\/wp\/v2\/posts"}],"about":[{"href":"http:\/\/cordobadirecto.com\/index.php\/wp-json\/wp\/v2\/types\/post"}],"author":[{"embeddable":true,"href":"http:\/\/cordobadirecto.com\/index.php\/wp-json\/wp\/v2\/users\/1"}],"replies":[{"embeddable":true,"href":"http:\/\/cordobadirecto.com\/index.php\/wp-json\/wp\/v2\/comments?post=161880"}],"version-history":[{"count":0,"href":"http:\/\/cordobadirecto.com\/index.php\/wp-json\/wp\/v2\/posts\/161880\/revisions"}],"wp:featuredmedia":[{"embeddable":true,"href":"http:\/\/cordobadirecto.com\/index.php\/wp-json\/wp\/v2\/media\/161881"}],"wp:attachment":[{"href":"http:\/\/cordobadirecto.com\/index.php\/wp-json\/wp\/v2\/media?parent=161880"}],"wp:term":[{"taxonomy":"category","embeddable":true,"href":"http:\/\/cordobadirecto.com\/index.php\/wp-json\/wp\/v2\/categories?post=161880"},{"taxonomy":"post_tag","embeddable":true,"href":"http:\/\/cordobadirecto.com\/index.php\/wp-json\/wp\/v2\/tags?post=161880"}],"curies":[{"name":"wp","href":"https:\/\/api.w.org\/{rel}","templated":true}]}}