{"id":161890,"date":"2025-02-08T11:50:32","date_gmt":"2025-02-08T11:50:32","guid":{"rendered":"https:\/\/puntoapunto.com.ar\/?p=369907"},"modified":"2025-02-08T11:50:32","modified_gmt":"2025-02-08T11:50:32","slug":"debate-abierto-el-gobierno-impulsa-la-desregulacion-inmobiliaria-y-profesionales-del-sector-advierten-sobre-riesgos","status":"publish","type":"post","link":"http:\/\/cordobadirecto.com\/index.php\/2025\/02\/08\/debate-abierto-el-gobierno-impulsa-la-desregulacion-inmobiliaria-y-profesionales-del-sector-advierten-sobre-riesgos\/","title":{"rendered":"Debate abierto: el Gobierno impulsa la desregulaci\u00f3n inmobiliaria y profesionales del sector advierten sobre riesgos"},"content":{"rendered":"<p>&nbsp;<!-- \u00a1O bien no hay banners, estan desactivados o no estan programados para esta ubicaci\u00f3n! -->\n<\/p>\n<p>&nbsp;\n<\/p>\n<p>El Gobierno de <strong>Javier Milei trabaja en una reforma para desregular la actividad inmobiliaria, lo que ha generado preocupaci\u00f3n en el Consejo Federal de Colegios Inmobiliarios de la Rep\u00fablica Argentina<\/strong> (<a href=\"https:\/\/cofeci.com.ar\/\">COFECI<\/a>). Seg\u00fan trascendidos, el ministro de Desregulaci\u00f3n y Transformaci\u00f3n del Estado, Federico Sturzenegger, ha mantenido reuniones en la Casa Rosada para avanzar en los cambios, que podr\u00edan oficializarse en los pr\u00f3ximos 45 d\u00edas mediante un Decreto de Necesidad y Urgencia (DNU).\n<\/p>\n<p>Si bien a\u00fan no hay detalles definitivos,<strong> el foco de la reforma estar\u00eda en eliminar la obligatoriedad de estar colegiado para ejercer como corredor <a href=\"https:\/\/puntoapunto.com.ar\/el-pulso-de-la-economia-en-cordoba-industria-comercio-e-inmuebles-frente-a-2025\/\">inmobiliario<\/a><\/strong>. La intenci\u00f3n del Gobierno es<strong> permitir que existan nuevos agentes dedicados a la actividad, quienes deber\u00e1n completar una capacitaci\u00f3n,<\/strong> pero sin necesidad de matricularse en los colegios profesionales. La iniciativa busca<strong> incentivar la competencia y reducir costos en las operaciones inmobiliarias.<\/strong>\n<\/p>\n<p>Desde COFECI expresaron su<strong> preocupaci\u00f3n por el impacto que esta medida podr\u00eda tener en el mercado.<\/strong> En un comunicado, advirtieron que<strong> la eliminaci\u00f3n de la matriculaci\u00f3n obligatoria podr\u00eda derivar en una menor oferta de alquileres y un aumento en los valores locativos.<\/strong> Adem\u00e1s, remarcaron que la regulaci\u00f3n de la profesi\u00f3n es potestad exclusiva de las provincias, seg\u00fan lo establece la Constituci\u00f3n Nacional, y rechazaron cualquier intento de modificar este esquema.<!-- \u00a1O bien no hay banners, estan desactivados o no estan programados para esta ubicaci\u00f3n! -->\n<\/p>\n<p><img decoding=\"async\" class=\"aligncenter size-full wp-image-353469\" src=\"http:\/\/cordobadirecto.com\/wp-content\/uploads\/2025\/02\/debate-abierto-el-gobierno-impulsa-la-desregulacion-inmobiliaria-y-profesionales-del-sector-advierten-sobre-riesgos.jpg\" alt width=\"1280\" height=\"960\" srcset=\"http:\/\/cordobadirecto.com\/wp-content\/uploads\/2025\/02\/debate-abierto-el-gobierno-impulsa-la-desregulacion-inmobiliaria-y-profesionales-del-sector-advierten-sobre-riesgos.jpg 1280w, http:\/\/cordobadirecto.com\/wp-content\/uploads\/2025\/02\/debate-abierto-el-gobierno-impulsa-la-desregulacion-inmobiliaria-y-profesionales-del-sector-advierten-sobre-riesgos-1.jpg 300w, http:\/\/cordobadirecto.com\/wp-content\/uploads\/2025\/02\/debate-abierto-el-gobierno-impulsa-la-desregulacion-inmobiliaria-y-profesionales-del-sector-advierten-sobre-riesgos-2.jpg 1024w, http:\/\/cordobadirecto.com\/wp-content\/uploads\/2025\/02\/debate-abierto-el-gobierno-impulsa-la-desregulacion-inmobiliaria-y-profesionales-del-sector-advierten-sobre-riesgos-3.jpg 768w, http:\/\/cordobadirecto.com\/wp-content\/uploads\/2025\/02\/debate-abierto-el-gobierno-impulsa-la-desregulacion-inmobiliaria-y-profesionales-del-sector-advierten-sobre-riesgos-4.jpg 750w, http:\/\/cordobadirecto.com\/wp-content\/uploads\/2025\/02\/debate-abierto-el-gobierno-impulsa-la-desregulacion-inmobiliaria-y-profesionales-del-sector-advierten-sobre-riesgos-5.jpg 1140w\" sizes=\"(max-width: 1280px) 100vw, 1280px\" loading=\"lazy\"><\/p>\n<p>\u201c<strong>El mercado inmobiliario argentino siempre ha estado desregulado en cuanto a la libre circulaci\u00f3n de inmuebles, por lo que no existe necesidad de medidas que atenten contra la seguridad jur\u00eddica del sector<\/strong>\u201d, se\u00f1alaron. Tambi\u00e9n destacaron que la actividad inmobiliaria es una profesi\u00f3n liberal que requiere t\u00edtulo universitario y colegiaci\u00f3n para garantizar transparencia y confianza en las operaciones.\n<\/p>\n<p>COFECI subray\u00f3 que, lejos de necesitar nuevas medidas de desregulaci\u00f3n, el mercado ha mostrado signos de recuperaci\u00f3n gracias a la derogaci\u00f3n de la Ley de Alquileres, la estabilidad del tipo de cambio y el acceso a nuevas l\u00edneas de cr\u00e9dito.\n<\/p>\n<p>\u201cLos Colegios Profesionales cumplen un rol fundamental en el control de la matr\u00edcula y la \u00e9tica profesional, asegurando que los negocios inmobiliarios se desarrollen con transparencia\u201d, afirmaron.\n<\/p>\n<div class=\"g g-38\">\n<div class=\"g-dyn a-12 c-1\"><a class=\"gofollow\" data-track=\"MTIsMzgsMSw2MA==\" href=\"https:\/\/hospitalprivado.com.ar\/blog\/institucional\/somos-la-primera-institucion-del-interior-del-pais-en-acreditar-joint-commission-international.html\" target=\"_blank\" rel=\"noopener\"><img src=\"http:\/\/cordobadirecto.com\/wp-content\/uploads\/2025\/02\/debate-abierto-el-gobierno-impulsa-la-desregulacion-inmobiliaria-y-profesionales-del-sector-advierten-sobre-riesgos.gif\" loading=\"lazy\"><\/a><\/div>\n<\/div>\n","protected":false},"excerpt":{"rendered":"<p>&nbsp; &nbsp; El Gobierno de Javier Milei trabaja en una reforma para desregular la actividad inmobiliaria, lo que ha generado preocupaci\u00f3n en el Consejo Federal de Colegios Inmobiliarios de la Rep\u00fablica Argentina (COFECI). Seg\u00fan trascendidos, el ministro de Desregulaci\u00f3n y Transformaci\u00f3n del Estado, Federico Sturzenegger, ha mantenido reuniones en la Casa Rosada para avanzar en [&hellip;]<\/p>\n","protected":false},"author":1,"featured_media":161891,"comment_status":"closed","ping_status":"closed","sticky":false,"template":"","format":"standard","meta":[],"categories":[25],"tags":[],"_links":{"self":[{"href":"http:\/\/cordobadirecto.com\/index.php\/wp-json\/wp\/v2\/posts\/161890"}],"collection":[{"href":"http:\/\/cordobadirecto.com\/index.php\/wp-json\/wp\/v2\/posts"}],"about":[{"href":"http:\/\/cordobadirecto.com\/index.php\/wp-json\/wp\/v2\/types\/post"}],"author":[{"embeddable":true,"href":"http:\/\/cordobadirecto.com\/index.php\/wp-json\/wp\/v2\/users\/1"}],"replies":[{"embeddable":true,"href":"http:\/\/cordobadirecto.com\/index.php\/wp-json\/wp\/v2\/comments?post=161890"}],"version-history":[{"count":0,"href":"http:\/\/cordobadirecto.com\/index.php\/wp-json\/wp\/v2\/posts\/161890\/revisions"}],"wp:featuredmedia":[{"embeddable":true,"href":"http:\/\/cordobadirecto.com\/index.php\/wp-json\/wp\/v2\/media\/161891"}],"wp:attachment":[{"href":"http:\/\/cordobadirecto.com\/index.php\/wp-json\/wp\/v2\/media?parent=161890"}],"wp:term":[{"taxonomy":"category","embeddable":true,"href":"http:\/\/cordobadirecto.com\/index.php\/wp-json\/wp\/v2\/categories?post=161890"},{"taxonomy":"post_tag","embeddable":true,"href":"http:\/\/cordobadirecto.com\/index.php\/wp-json\/wp\/v2\/tags?post=161890"}],"curies":[{"name":"wp","href":"https:\/\/api.w.org\/{rel}","templated":true}]}}