{"id":161892,"date":"2025-02-08T04:18:27","date_gmt":"2025-02-08T04:18:27","guid":{"rendered":"http:\/\/cordobadirecto.com\/index.php\/2025\/02\/08\/nestle-se-suma-a-la-crisis-de-las-alimenticias-y-peligran-empleos-en-frigorificos-y-un-gigante-del-agro\/"},"modified":"2025-02-08T04:18:27","modified_gmt":"2025-02-08T04:18:27","slug":"nestle-se-suma-a-la-crisis-de-las-alimenticias-y-peligran-empleos-en-frigorificos-y-un-gigante-del-agro","status":"publish","type":"post","link":"http:\/\/cordobadirecto.com\/index.php\/2025\/02\/08\/nestle-se-suma-a-la-crisis-de-las-alimenticias-y-peligran-empleos-en-frigorificos-y-un-gigante-del-agro\/","title":{"rendered":"Nestl\u00e9 se suma a la crisis de las alimenticias y peligran empleos en frigor\u00edficos y un gigante del agro"},"content":{"rendered":"<p>Nestl\u00e9 dispuso vacaciones obligatorias para sus empleados en Villa <b>Nueva<\/b>, <b>C\u00f3rdoba<\/b>. Argument\u00f3 &quot;sobrestock&quot; por ca\u00edda en el consumo y menor expo&#8230; <\/p>\n","protected":false},"excerpt":{"rendered":"<p>Nestl\u00e9 dispuso vacaciones obligatorias para sus empleados en Villa Nueva, C\u00f3rdoba. Argument\u00f3 &quot;sobrestock&quot; por ca\u00edda en el consumo y menor expo&#8230;<\/p>\n","protected":false},"author":1,"featured_media":0,"comment_status":"closed","ping_status":"closed","sticky":false,"template":"","format":"standard","meta":[],"categories":[40],"tags":[],"_links":{"self":[{"href":"http:\/\/cordobadirecto.com\/index.php\/wp-json\/wp\/v2\/posts\/161892"}],"collection":[{"href":"http:\/\/cordobadirecto.com\/index.php\/wp-json\/wp\/v2\/posts"}],"about":[{"href":"http:\/\/cordobadirecto.com\/index.php\/wp-json\/wp\/v2\/types\/post"}],"author":[{"embeddable":true,"href":"http:\/\/cordobadirecto.com\/index.php\/wp-json\/wp\/v2\/users\/1"}],"replies":[{"embeddable":true,"href":"http:\/\/cordobadirecto.com\/index.php\/wp-json\/wp\/v2\/comments?post=161892"}],"version-history":[{"count":0,"href":"http:\/\/cordobadirecto.com\/index.php\/wp-json\/wp\/v2\/posts\/161892\/revisions"}],"wp:attachment":[{"href":"http:\/\/cordobadirecto.com\/index.php\/wp-json\/wp\/v2\/media?parent=161892"}],"wp:term":[{"taxonomy":"category","embeddable":true,"href":"http:\/\/cordobadirecto.com\/index.php\/wp-json\/wp\/v2\/categories?post=161892"},{"taxonomy":"post_tag","embeddable":true,"href":"http:\/\/cordobadirecto.com\/index.php\/wp-json\/wp\/v2\/tags?post=161892"}],"curies":[{"name":"wp","href":"https:\/\/api.w.org\/{rel}","templated":true}]}}