{"id":161896,"date":"2025-02-08T13:22:19","date_gmt":"2025-02-08T13:22:19","guid":{"rendered":"https:\/\/cordoba.gob.ar\/?p=71369"},"modified":"2025-02-08T13:22:19","modified_gmt":"2025-02-08T13:22:19","slug":"la-avenida-deodora-roca-un-museo-a-cielo-abierto","status":"publish","type":"post","link":"http:\/\/cordobadirecto.com\/index.php\/2025\/02\/08\/la-avenida-deodora-roca-un-museo-a-cielo-abierto\/","title":{"rendered":"La avenida Deodora Roca, un museo a cielo abierto"},"content":{"rendered":"<div><img src=\"http:\/\/cordobadirecto.com\/wp-content\/uploads\/2025\/02\/la-avenida-deodora-roca-un-museo-a-cielo-abierto.jpg\" class=\"ff-og-image-inserted\"><\/div>\n<p>La avenida Deodoro Roca re\u00fane caracter\u00edsticas paisaj\u00edsticas y escult\u00f3ricas \u00fanicas. Atraviesa de este a oeste el Parque Sarmiento, testigo del paso del tiempo con su hist\u00f3rico rosedal, recientemente revalorizado y culpable silencioso de generaciones de cordobeses enamorados.<\/p>\n<p>Parece por momentos un museo de arte a cielo abierto; y esto es as\u00ed porque recorrerla es encontrarnos con esculturas y monumentos por doquier.<\/p>\n<p>Quiz\u00e1s su obra m\u00e1s emblem\u00e1tica sea la del monumento del Dante Alighieri que la colectividad italiana ofrend\u00f3 a la ciudad el 20 de abril de 1930, realizado en m\u00e1rmol por Francisco Petriti. La misma incluye una estrofa del autor de la \u201cDivina Comedia\u201d. Se encuentra ubicada en el extremo final de la Av. Deodoro Roca.<\/p>\n<p>Por su ic\u00f3nico emplazamiento, es que los cordobeses caratulan a la avenida como \u201cLa del Dante\u201d.<\/p>\n<p>En su corto trazo, que une la Plaza Espa\u00f1a con barrio Crisol encontramos \u201cLa Leona\u201d, escultura fundida en bronce del artista Felipe Bellini.<\/p>\n<p>Ubicada dentro del ic\u00f3nico Rosedal, hay fuentes y estatuas, entre ellas la de \u201cVenus\u201d, la diosa romana del amor y protectora de los jardines.<\/p>\n<p>Sobre el inicio de Deodoro Roca y frente a Plaza Espa\u00f1a, la estatua de Ana Frank data del a\u00f1o 1995. Fue creada en homenaje a la colectividad jud\u00eda&nbsp;de C\u00f3rdoba, realizada por el escultor Carlos Belvedere.<\/p>\n<p>En el tramo final yendo hacia el este est\u00e1 la estatua del General Manuel Belgrano, en la intersecci\u00f3n de la Av. Deodoro Roca con Avenida Amadeo Sabattini. El monumento, obra del escultor Mario Carlos Rosso, fue inaugurado en el aniversario del fallecimiento del pr\u00f3cer, en 1986.<\/p>\n<p>Otra escultura m\u00e1s, obvio tambi\u00e9n en nuestra querida avenida, es \u201cEl rapto de las sabinas\u201d, que refiere un episodio mitol\u00f3gico que describe el secuestro de mujeres de la tribu de los sabinos por parte de los fundadores de Roma.<\/p>\n<p>El trayecto se galardona con la laguna del Parque Sarmiento de fondo, en etapa de recuperaci\u00f3n y puesta en valor, y recientemente convertida en escenario para la pr\u00e1ctica de canotaje, entre dem\u00e1s actividades paisaj\u00edsticas y recreativas que ofrece el hist\u00f3rico espejo de agua.<\/p>\n<p>Cuando vuelvas a visitar el patio de todos los cordobeses, te invitamos a detener el tiempo contemplando su belleza.<\/p>\n<p><strong>\u00bfQui\u00e9n fue Deodoro Roca?<\/strong><\/p>\n<p>Naci\u00f3 el 2 de julio de 1890 en la ciudad de C\u00f3rdoba. De profesi\u00f3n abogado, fue un destacado dirigente universitario reformista.<\/p>\n<p>Deodoro estudi\u00f3 en el Colegio Nacional de Monserrat. Fue el redactor del manifiesto liminar de la Reforma Universitaria de 1918, durante la primera presidencia del radical Hip\u00f3lito Yrigoyen. La historia sabe que esta gesta universitaria nace en el s\u00f3tano de su casa de calle Rivera Indarte 544, en la ciudad de C\u00f3rdoba.<\/p>\n<p>Por su \u201cfamoso s\u00f3tano\u201d de calle Rivera Indarte 544, en la ciudad de C\u00f3rdoba, pasaron figuras relevantes de la \u00e9poca, como Ortega y Gasset, Jos\u00e9 Ingenieros, Alfredo Palacios, Rafael Alberti, Alfredo Palacios, y hasta el mism\u00edsimo Pablo Neruda, entre tantos m\u00e1s.<\/p>\n<p>Adem\u00e1s de referente de la cultura y el progresismo de C\u00f3rdoba y Argentina entre las d\u00e9cadas del 1920 y del 1930, fue periodista y militante de los derechos humanos.<\/p>\n<p>El 7 de junio de 1942 muri\u00f3 este referente del movimiento reformista, hijo de Deodoro y su madre Felisa Allende, perteneciente a una familia tradicional cordobesa.<\/p>\n<p>Su ciudad lo recuerda y rinde homenaje todos los d\u00edas cuando miramos la Universidad Nacional de C\u00f3rdoba y su Facultad de Derecho; el querido Colegio Monserrat. Lugares que lo vieron iniciar como estudiante.<\/p>\n","protected":false},"excerpt":{"rendered":"<p>La avenida Deodoro Roca re\u00fane caracter\u00edsticas paisaj\u00edsticas y escult\u00f3ricas \u00fanicas. Atraviesa de este a oeste el Parque Sarmiento, testigo del paso del tiempo con su hist\u00f3rico rosedal, recientemente revalorizado y culpable silencioso de generaciones de cordobeses enamorados. Parece por momentos un museo de arte a cielo abierto; y esto es as\u00ed porque recorrerla es encontrarnos [&hellip;]<\/p>\n","protected":false},"author":1,"featured_media":161897,"comment_status":"closed","ping_status":"closed","sticky":false,"template":"","format":"standard","meta":[],"categories":[44],"tags":[],"_links":{"self":[{"href":"http:\/\/cordobadirecto.com\/index.php\/wp-json\/wp\/v2\/posts\/161896"}],"collection":[{"href":"http:\/\/cordobadirecto.com\/index.php\/wp-json\/wp\/v2\/posts"}],"about":[{"href":"http:\/\/cordobadirecto.com\/index.php\/wp-json\/wp\/v2\/types\/post"}],"author":[{"embeddable":true,"href":"http:\/\/cordobadirecto.com\/index.php\/wp-json\/wp\/v2\/users\/1"}],"replies":[{"embeddable":true,"href":"http:\/\/cordobadirecto.com\/index.php\/wp-json\/wp\/v2\/comments?post=161896"}],"version-history":[{"count":0,"href":"http:\/\/cordobadirecto.com\/index.php\/wp-json\/wp\/v2\/posts\/161896\/revisions"}],"wp:featuredmedia":[{"embeddable":true,"href":"http:\/\/cordobadirecto.com\/index.php\/wp-json\/wp\/v2\/media\/161897"}],"wp:attachment":[{"href":"http:\/\/cordobadirecto.com\/index.php\/wp-json\/wp\/v2\/media?parent=161896"}],"wp:term":[{"taxonomy":"category","embeddable":true,"href":"http:\/\/cordobadirecto.com\/index.php\/wp-json\/wp\/v2\/categories?post=161896"},{"taxonomy":"post_tag","embeddable":true,"href":"http:\/\/cordobadirecto.com\/index.php\/wp-json\/wp\/v2\/tags?post=161896"}],"curies":[{"name":"wp","href":"https:\/\/api.w.org\/{rel}","templated":true}]}}