{"id":161898,"date":"2025-02-08T23:34:58","date_gmt":"2025-02-08T23:34:58","guid":{"rendered":"http:\/\/cordobadirecto.com\/index.php\/2025\/02\/08\/hesar-sobre-la-nueva-area-de-desarrollo-economico-es-un-tema-relevante-y-como-entidad\/"},"modified":"2025-02-08T23:34:58","modified_gmt":"2025-02-08T23:34:58","slug":"hesar-sobre-la-nueva-area-de-desarrollo-economico-es-un-tema-relevante-y-como-entidad","status":"publish","type":"post","link":"http:\/\/cordobadirecto.com\/index.php\/2025\/02\/08\/hesar-sobre-la-nueva-area-de-desarrollo-economico-es-un-tema-relevante-y-como-entidad\/","title":{"rendered":"Hesar sobre la <b>nueva<\/b> \u00e1rea de Desarrollo Econ\u00f3mico: \u201cEs un tema relevante y como entidad &#8230;"},"content":{"rendered":"<p>El presidente del Centro Comercial, Industrial, de Servicios y Agropecuario de R\u00edo Tercero, Agust\u00edn Hesar, celebr\u00f3 el anuncio sobre la creaci\u00f3n de&nbsp;&#8230; <\/p>\n","protected":false},"excerpt":{"rendered":"<p>El presidente del Centro Comercial, Industrial, de Servicios y Agropecuario de R\u00edo Tercero, Agust\u00edn Hesar, celebr\u00f3 el anuncio sobre la creaci\u00f3n de&nbsp;&#8230;<\/p>\n","protected":false},"author":1,"featured_media":0,"comment_status":"closed","ping_status":"closed","sticky":false,"template":"","format":"standard","meta":[],"categories":[40],"tags":[],"_links":{"self":[{"href":"http:\/\/cordobadirecto.com\/index.php\/wp-json\/wp\/v2\/posts\/161898"}],"collection":[{"href":"http:\/\/cordobadirecto.com\/index.php\/wp-json\/wp\/v2\/posts"}],"about":[{"href":"http:\/\/cordobadirecto.com\/index.php\/wp-json\/wp\/v2\/types\/post"}],"author":[{"embeddable":true,"href":"http:\/\/cordobadirecto.com\/index.php\/wp-json\/wp\/v2\/users\/1"}],"replies":[{"embeddable":true,"href":"http:\/\/cordobadirecto.com\/index.php\/wp-json\/wp\/v2\/comments?post=161898"}],"version-history":[{"count":0,"href":"http:\/\/cordobadirecto.com\/index.php\/wp-json\/wp\/v2\/posts\/161898\/revisions"}],"wp:attachment":[{"href":"http:\/\/cordobadirecto.com\/index.php\/wp-json\/wp\/v2\/media?parent=161898"}],"wp:term":[{"taxonomy":"category","embeddable":true,"href":"http:\/\/cordobadirecto.com\/index.php\/wp-json\/wp\/v2\/categories?post=161898"},{"taxonomy":"post_tag","embeddable":true,"href":"http:\/\/cordobadirecto.com\/index.php\/wp-json\/wp\/v2\/tags?post=161898"}],"curies":[{"name":"wp","href":"https:\/\/api.w.org\/{rel}","templated":true}]}}