{"id":161901,"date":"2025-02-09T06:13:05","date_gmt":"2025-02-09T06:13:05","guid":{"rendered":"https:\/\/puntoapunto.com.ar\/?p=369895"},"modified":"2025-02-09T06:13:05","modified_gmt":"2025-02-09T06:13:05","slug":"nestle-paraliza-su-planta-de-villa-nueva-en-marzo-vacaciones-forzadas-para-sus-empleados","status":"publish","type":"post","link":"http:\/\/cordobadirecto.com\/index.php\/2025\/02\/09\/nestle-paraliza-su-planta-de-villa-nueva-en-marzo-vacaciones-forzadas-para-sus-empleados\/","title":{"rendered":"Nestl\u00e9 paraliza su planta de Villa Nueva en marzo: \u00abvacaciones forzadas\u00bb para sus empleados"},"content":{"rendered":"<p>&nbsp;<!-- \u00a1O bien no hay banners, estan desactivados o no estan programados para esta ubicaci\u00f3n! -->\n<\/p>\n<p>&nbsp;\n<\/p>\n<p><em>Por Jos\u00e9 P\u00e9rez.<\/em> La empresa <strong>Nestl\u00e9<\/strong>&nbsp;paralizar\u00e1 la producci\u00f3n de la planta de Villa Nueva durante el mes de marzo por lo que otorgar\u00e1 \u00abvacaciones forzadas\u00bb a todos sus empleados.\n<\/p>\n<p>\u201c<strong>La semana pasada nos desayunamos con la noticia de que la f\u00e1brica de Nestl\u00e9 Villa Nueva en marzo va a estar parada, por ende le van a dar vacaciones a todos los trabajadores<\/strong>\u201d, confirm\u00f3 Fernando Mart\u00edn P\u00e1ez, secretario general del Sindicato de Trabajadores de la Industria de la Alimentaci\u00f3n (STIA), Seccional Villa Mar\u00eda.\n<\/p>\n<p>\u201cSiempre el ajuste lo pagan los trabajadores, y es que&nbsp;<strong>seg\u00fan ellos paran porque est\u00e1n sobrestockeados de productos<\/strong>, pero bueno, si es as\u00ed, les dir\u00eda que salgan a venderlo m\u00e1s barato, no s\u00e9, pero siempre el ajuste lo pagan los trabajadores\u00bb, cuestion\u00f3 en declaraciones a&nbsp;<em>El Diario<\/em>&nbsp;de Villa Mar\u00eda.<!-- \u00a1O bien no hay banners, estan desactivados o no estan programados para esta ubicaci\u00f3n! -->\n<\/p>\n<p>Adem\u00e1s aclar\u00f3 que \u201cpor ahora\u201d no habr\u00e1 despidos, aunque es una medida que \u201c<strong>causa incomodidad y miedo en los trabajadores<\/strong>\u201d.<\/p>\n<p>\u201cDicen que van a aprovechar para darle mantenimiento a la f\u00e1brica, que estaba programada para julio\u201d, agreg\u00f3 P\u00e1ez.\n<\/p>\n<p><strong>Preocupaci\u00f3n<\/strong>\n<\/p>\n<p>El gremialista cuestion\u00f3 que les hayan hecho \u00abfirmar las vacaciones a todos los trabajadores\u00bb y que estos no tengan \u00abla posibilidad de decir cu\u00e1ndo quieren hacerlo\u201d.\n<\/p>\n<p>\u00abA ra\u00edz de todo esto, se crea una psicosis colectiva, y el trabajador tiene miedo\u00bb, reiter\u00f3 P\u00e1ez al referirse a la situaci\u00f3n de la planta que elabora productos de las marcas Nido y Nesquik.\n<\/p>\n<p>\u201c<strong>Aunque no ha habido despidos, en un contexto econ\u00f3mico como el que se vive, con una desocupaci\u00f3n creciente, la posibilidad de que los haya no parecer\u00eda lejana<\/strong>\u201d, advirti\u00f3.\n<\/p>\n<p>Las negociaciones entre las partes continuar\u00e1n la semana pr\u00f3xima en el Ministerio de Trabajo.\n<\/p>\n<div class=\"g g-38\">\n<div class=\"g-dyn a-12 c-1\"><a class=\"gofollow\" data-track=\"MTIsMzgsMSw2MA==\" href=\"https:\/\/hospitalprivado.com.ar\/blog\/institucional\/somos-la-primera-institucion-del-interior-del-pais-en-acreditar-joint-commission-international.html\" target=\"_blank\" rel=\"noopener\"><img src=\"http:\/\/cordobadirecto.com\/wp-content\/uploads\/2025\/02\/nestle-paraliza-su-planta-de-villa-nueva-en-marzo-vacaciones-forzadas-para-sus-empleados.gif\" loading=\"lazy\"><\/a><\/div>\n<\/div>\n","protected":false},"excerpt":{"rendered":"<p>&nbsp; &nbsp; Por Jos\u00e9 P\u00e9rez. La empresa Nestl\u00e9&nbsp;paralizar\u00e1 la producci\u00f3n de la planta de Villa Nueva durante el mes de marzo por lo que otorgar\u00e1 \u00abvacaciones forzadas\u00bb a todos sus empleados. \u201cLa semana pasada nos desayunamos con la noticia de que la f\u00e1brica de Nestl\u00e9 Villa Nueva en marzo va a estar parada, por ende [&hellip;]<\/p>\n","protected":false},"author":1,"featured_media":161902,"comment_status":"closed","ping_status":"closed","sticky":false,"template":"","format":"standard","meta":[],"categories":[25],"tags":[],"_links":{"self":[{"href":"http:\/\/cordobadirecto.com\/index.php\/wp-json\/wp\/v2\/posts\/161901"}],"collection":[{"href":"http:\/\/cordobadirecto.com\/index.php\/wp-json\/wp\/v2\/posts"}],"about":[{"href":"http:\/\/cordobadirecto.com\/index.php\/wp-json\/wp\/v2\/types\/post"}],"author":[{"embeddable":true,"href":"http:\/\/cordobadirecto.com\/index.php\/wp-json\/wp\/v2\/users\/1"}],"replies":[{"embeddable":true,"href":"http:\/\/cordobadirecto.com\/index.php\/wp-json\/wp\/v2\/comments?post=161901"}],"version-history":[{"count":0,"href":"http:\/\/cordobadirecto.com\/index.php\/wp-json\/wp\/v2\/posts\/161901\/revisions"}],"wp:featuredmedia":[{"embeddable":true,"href":"http:\/\/cordobadirecto.com\/index.php\/wp-json\/wp\/v2\/media\/161902"}],"wp:attachment":[{"href":"http:\/\/cordobadirecto.com\/index.php\/wp-json\/wp\/v2\/media?parent=161901"}],"wp:term":[{"taxonomy":"category","embeddable":true,"href":"http:\/\/cordobadirecto.com\/index.php\/wp-json\/wp\/v2\/categories?post=161901"},{"taxonomy":"post_tag","embeddable":true,"href":"http:\/\/cordobadirecto.com\/index.php\/wp-json\/wp\/v2\/tags?post=161901"}],"curies":[{"name":"wp","href":"https:\/\/api.w.org\/{rel}","templated":true}]}}