{"id":161921,"date":"2025-02-07T14:42:55","date_gmt":"2025-02-07T14:42:55","guid":{"rendered":"https:\/\/www.ole.com.ar\/autos\/companero-franco-colapinto-fulmino-altura-roman-rusinov_0_n0xXuS7fNL.html"},"modified":"2025-02-07T14:42:55","modified_gmt":"2025-02-07T14:42:55","slug":"fue-companero-de-colapinto-y-lo-fulmino-nunca-estuvo-a-la-altura","status":"publish","type":"post","link":"http:\/\/cordobadirecto.com\/index.php\/2025\/02\/07\/fue-companero-de-colapinto-y-lo-fulmino-nunca-estuvo-a-la-altura\/","title":{"rendered":"Fue compa\u00f1ero de Colapinto y lo fulmin\u00f3: &#8220;Nunca estuvo a la altura&#8221;"},"content":{"rendered":"<p><time class=\"createDate\" datetime=\"2025-02-07T11:42:55-03:00\">07\/02\/2025 11:42hs.<\/time><\/p>\n<div id=\"storyBody\">\n<div class=\"custom-text \" readability=\"39.62443438914\">\n<p>En un momento b\u00e1rbaro para <strong>Franco Colapinto<\/strong>, porque disip\u00f3 las dudas en torno a su futuro en la F\u00f3rmula 1, consigui\u00f3 hacerse un lugar en Alpine y <a href=\"https:\/\/www.ole.com.ar\/autos\/franco-colapinto-pruebas-alpine-barcelona_0_dPT0lj0v6T.html\" target=\"_self\" title=\"ya tuvo su primera prueba\" alt=\"ya tuvo su primera prueba\" rel=\"noopener\">ya tuvo su primera prueba<\/a> (encima, a la par de Jack Doohan, al que esperar\u00e1 arrebatarle el asiento), lleg\u00f3 un palito inesperado. <strong>Roman Rusinov<\/strong>, con quien comparti\u00f3 auto en su breve paso por las carreras de resistencia, fulmin\u00f3 al argentino: <strong>&#8220;Nunca estuvo a la altura de las expectativas&#8221;<\/strong>.<\/p>\n<\/div>\n<div class=\"custom-text \" readability=\"40\">\n<p><strong>El ruso de 43 a\u00f1os form\u00f3 un trinomio con Colapinto y Nyck de Vries, otro con paso por la F\u00f3rmula 1, en 2021<\/strong>. Recordando la \u00fanica temporada que compartieron, en la que compitieron en carreras como las 24 Horas de Le Mans -una de las m\u00e1s prestigiosas del mundo-, y trazando un paralelismo con su actualidad en la M\u00e1xima, no hubo muchas palabras de aliento&#8230;<\/p>\n<\/div>\n<div class=\"custom-text \" readability=\"40\">\n<p>&#8220;<strong>Para m\u00ed, Franco Colapinto no destac\u00f3 en la F\u00f3rmula 1<\/strong>. Ten\u00eda dos opciones: conducir con cuidado, pero entonces corr\u00eda el riesgo de no ser reconocido, o apretar al m\u00e1ximo, lo cual lo llev\u00f3 a sufrir constantes accidentes. En Williams hizo exactamente lo mismo que en G-Drive&#8221;, expres\u00f3 Rusinov en di\u00e1logo con Nextgen-Auto. <\/p>\n<\/div>\n<div class=\"sc-e7b891c4-0 ifHnQL image-embed\"><img alt=\"Roman Rusinov (izquierda), Nyck de Vries (a su lado) y Colapinto sacando la lengua. (G-Drive Racing)\" loading=\"lazy\" width=\"720\" height=\"100\" decoding=\"async\" data-nimg=\"1\" src=\"http:\/\/cordobadirecto.com\/wp-content\/uploads\/2025\/02\/fue-companero-de-colapinto-y-lo-fulmino-nunca-estuvo-a-la-altura.jpg\"><span class=\"epigraphe\">Roman Rusinov (izquierda), Nyck de Vries (a su lado) y Colapinto sacando la lengua. (G-Drive Racing)<\/span><\/div>\n<p><h2><strong>El palazo de Rusinov a Colapinto: &#8220;Nunca estuvo a la altura de las expectativas&#8221;<\/strong><\/h2>\n<\/p>\n<div class=\"custom-text \" readability=\"39\">\n<p>\u00bfA qu\u00e9 se refiri\u00f3 con que el pilarense hizo lo mismo? De acuerdo al moscovita, &#8220;<strong>sigue intentando demostrar que es el m\u00e1s r\u00e1pido y comete muchos errores<\/strong>. Por desgracia, no parece aprender de ello. En las seis carreras que corri\u00f3 para nosotros, cometi\u00f3 cinco errores. <strong>En la \u00fanica carrera en la que Colapinto no cometi\u00f3 ning\u00fan error, ganamos<\/strong>&#8220;. <\/p>\n<\/div>\n<div class=\"custom-text \" readability=\"42\">\n<p>Como si fuera poco, el piloto que toc\u00f3 la puerta de la F\u00f3rmula 1 y no lleg\u00f3 a abrirla (fue probador de Midland en 2006, pero jam\u00e1s debut\u00f3) asegur\u00f3 que &#8220;Franco es un buen piloto en cuanto a tiempos por vuelta, <strong>pero en cuanto a resultados nunca estuvo a la altura de las expectativas<\/strong>&#8220;. Entre tantos palazos, hubo algo de reconocimiento al novato sensaci\u00f3n del 2024: &#8220;Es un buen piloto y bastante r\u00e1pido, pero todav\u00eda es un ni\u00f1o. La velocidad por s\u00ed sola no es suficiente. <strong>Me gusta mucho, es un gran tipo, pero normalmente todo el bombo que se le da no est\u00e1 justificado por el resultado final<\/strong>&#8220;.<\/p>\n<\/div>\n<div class=\"sc-e7b891c4-0 ifHnQL image-embed\"><img alt=\"Mientras Rusinov opina, Colapinto hace sus primeras pruebas en Alpine. (@AlpineF1Team)\" loading=\"lazy\" width=\"720\" height=\"100\" decoding=\"async\" data-nimg=\"1\" src=\"http:\/\/cordobadirecto.com\/wp-content\/uploads\/2025\/02\/fue-companero-de-colapinto-y-lo-fulmino-nunca-estuvo-a-la-altura-1.jpg\"><span class=\"epigraphe\">Mientras Rusinov opina, Colapinto hace sus primeras pruebas en Alpine. (@AlpineF1Team)<\/span><\/div>\n<div class=\"sc-a7166897-0 eoLsBE\" readability=\"6\">\n<section readability=\"2\"><picture><img alt=\"Alpine bien argento: mostr\u00f3 a Colapinto tomando mate en la f\u00e1brica\" loading=\"lazy\" width=\"290\" height=\"290\" decoding=\"async\" data-nimg=\"1\" src=\"http:\/\/cordobadirecto.com\/wp-content\/uploads\/2025\/02\/fue-companero-de-colapinto-y-lo-fulmino-nunca-estuvo-a-la-altura-2.jpg\"><\/picture>\n<p><span>Mir\u00e1 tambi\u00e9n<\/span><\/p>\n<hr>\n<h3>Alpine bien argento: mostr\u00f3 a Colapinto tomando mate en la f\u00e1brica<\/h3>\n<\/p>\n<\/section>\n<\/div>\n<div class=\"sc-a7166897-0 eoLsBE\" readability=\"6\">\n<section readability=\"2\"><picture><img alt=\"La primera vez en Alpine: Colapinto ya manej\u00f3 para su nueva escuder\u00eda\" loading=\"lazy\" width=\"290\" height=\"290\" decoding=\"async\" data-nimg=\"1\" src=\"http:\/\/cordobadirecto.com\/wp-content\/uploads\/2025\/02\/fue-companero-de-colapinto-y-lo-fulmino-nunca-estuvo-a-la-altura-3.jpg\"><\/picture>\n<p><span>Mir\u00e1 tambi\u00e9n<\/span><\/p>\n<hr>\n<h3>La primera vez en Alpine: Colapinto ya manej\u00f3 para su nueva escuder\u00eda<\/h3>\n<\/p>\n<\/section>\n<\/div>\n<div class=\"sc-a7166897-0 eoLsBE\" readability=\"6\">\n<section readability=\"2\"><picture><img alt=\"\u00bfCu\u00e1nto sale el reloj de millonario que Alpine le dio a Colapinto?\" loading=\"lazy\" width=\"290\" height=\"290\" decoding=\"async\" data-nimg=\"1\" src=\"http:\/\/cordobadirecto.com\/wp-content\/uploads\/2025\/02\/fue-companero-de-colapinto-y-lo-fulmino-nunca-estuvo-a-la-altura-4.jpg\"><\/picture>\n<p><span>Mir\u00e1 tambi\u00e9n<\/span><\/p>\n<hr>\n<h3>\u00bfCu\u00e1nto sale el reloj de millonario que Alpine le dio a Colapinto?<\/h3>\n<\/p>\n<\/section>\n<\/div>\n<div class=\"sc-a7166897-0 eoLsBE\" readability=\"7\">\n<section readability=\"4\"><picture><img alt=\"Colapinto, en modo p\u00e1del: jug\u00f3 con una figura argentina y tom\u00f3 mate con Belastegu\u00edn\" loading=\"lazy\" width=\"290\" height=\"290\" decoding=\"async\" data-nimg=\"1\" src=\"http:\/\/cordobadirecto.com\/wp-content\/uploads\/2025\/02\/fue-companero-de-colapinto-y-lo-fulmino-nunca-estuvo-a-la-altura-5.jpg\"><\/picture>\n<p><span>Mir\u00e1 tambi\u00e9n<\/span><\/p>\n<hr>\n<h3>Colapinto, en modo p\u00e1del: jug\u00f3 con una figura argentina y tom\u00f3 mate con Belastegu\u00edn<\/h3>\n<\/p>\n<\/section>\n<\/div>\n<div class=\"sc-a7166897-0 eoLsBE\" readability=\"6\">\n<section readability=\"2\"><picture><img alt=\"Corri\u00f3 tres temporadas en la F1 y ahora fich\u00f3 por Ferrari\" loading=\"lazy\" width=\"290\" height=\"290\" decoding=\"async\" data-nimg=\"1\" src=\"http:\/\/cordobadirecto.com\/wp-content\/uploads\/2025\/02\/fue-companero-de-colapinto-y-lo-fulmino-nunca-estuvo-a-la-altura-6.jpg\"><\/picture>\n<p><span>Mir\u00e1 tambi\u00e9n<\/span><\/p>\n<hr>\n<h3>Corri\u00f3 tres temporadas en la F1 y ahora fich\u00f3 por Ferrari<\/h3>\n<\/p>\n<\/section>\n<\/div>\n<\/div>\n","protected":false},"excerpt":{"rendered":"<p>07\/02\/2025 11:42hs. En un momento b\u00e1rbaro para Franco Colapinto, porque disip\u00f3 las dudas en torno a su futuro en la F\u00f3rmula 1, consigui\u00f3 hacerse un lugar en Alpine y ya tuvo su primera prueba (encima, a la par de Jack Doohan, al que esperar\u00e1 arrebatarle el asiento), lleg\u00f3 un palito inesperado. Roman Rusinov, con quien [&hellip;]<\/p>\n","protected":false},"author":1,"featured_media":161922,"comment_status":"closed","ping_status":"closed","sticky":false,"template":"","format":"standard","meta":[],"categories":[21],"tags":[],"_links":{"self":[{"href":"http:\/\/cordobadirecto.com\/index.php\/wp-json\/wp\/v2\/posts\/161921"}],"collection":[{"href":"http:\/\/cordobadirecto.com\/index.php\/wp-json\/wp\/v2\/posts"}],"about":[{"href":"http:\/\/cordobadirecto.com\/index.php\/wp-json\/wp\/v2\/types\/post"}],"author":[{"embeddable":true,"href":"http:\/\/cordobadirecto.com\/index.php\/wp-json\/wp\/v2\/users\/1"}],"replies":[{"embeddable":true,"href":"http:\/\/cordobadirecto.com\/index.php\/wp-json\/wp\/v2\/comments?post=161921"}],"version-history":[{"count":0,"href":"http:\/\/cordobadirecto.com\/index.php\/wp-json\/wp\/v2\/posts\/161921\/revisions"}],"wp:featuredmedia":[{"embeddable":true,"href":"http:\/\/cordobadirecto.com\/index.php\/wp-json\/wp\/v2\/media\/161922"}],"wp:attachment":[{"href":"http:\/\/cordobadirecto.com\/index.php\/wp-json\/wp\/v2\/media?parent=161921"}],"wp:term":[{"taxonomy":"category","embeddable":true,"href":"http:\/\/cordobadirecto.com\/index.php\/wp-json\/wp\/v2\/categories?post=161921"},{"taxonomy":"post_tag","embeddable":true,"href":"http:\/\/cordobadirecto.com\/index.php\/wp-json\/wp\/v2\/tags?post=161921"}],"curies":[{"name":"wp","href":"https:\/\/api.w.org\/{rel}","templated":true}]}}