{"id":161935,"date":"2025-02-07T20:01:54","date_gmt":"2025-02-07T20:01:54","guid":{"rendered":"https:\/\/cordoba.gob.ar\/?p=73164"},"modified":"2025-02-07T20:01:54","modified_gmt":"2025-02-07T20:01:54","slug":"passerini-visito-el-xxxvi-encuentro-de-colectividades-de-alta-gracia-este-evento-que-es-popular-fortalece-profundamente-nuestras-raices","status":"publish","type":"post","link":"http:\/\/cordobadirecto.com\/index.php\/2025\/02\/07\/passerini-visito-el-xxxvi-encuentro-de-colectividades-de-alta-gracia-este-evento-que-es-popular-fortalece-profundamente-nuestras-raices\/","title":{"rendered":"Passerini visit\u00f3 el XXXVI Encuentro de Colectividades de Alta Gracia: \u201cEste evento, que es popular, fortalece profundamente nuestras ra\u00edces\u201d"},"content":{"rendered":"<div><img src=\"http:\/\/cordobadirecto.com\/wp-content\/uploads\/2025\/02\/passerini-visito-el-xxxvi-encuentro-de-colectividades-de-alta-gracia-este-evento-que-es-popular-fortalece-profundamente-nuestras-raices.jpg\" class=\"ff-og-image-inserted\"><\/div>\n<ul>\n<li><strong>El evento, que comenz\u00f3 este 5 de febrero, se extender\u00e1 hasta el 9 inclusive.<\/strong><\/li>\n<li><strong><strong>A lo largo de 5 d\u00edas diversas colectividades tienen la oportunidad de mostrar sus tradiciones, comida, m\u00fasica y danzas t\u00edpicas.<\/strong><\/strong><br \/>\n<hr>\n<\/li>\n<\/ul>\n<p>El intendente de la ciudad de C\u00f3rdoba, Daniel Passerini, estuvo presente en el Encuentro de Colectividades que se lleva a cabo en la ciudad de Alta Gracia.<\/p>\n<p>El evento, que comenz\u00f3 el 5 de febrero y se extender\u00e1 hasta el 9 de febrero inclusive, re\u00fane a personas de diferentes or\u00edgenes culturales y \u00e9tnicos para celebrar la multiculturalidad. All\u00ed, las distintas colectividades participantes tienen la oportunidad de mostrar sus tradiciones, comida, m\u00fasica y danzas t\u00edpicas.<\/p>\n<p>En la visita, Passerini expres\u00f3: \u201c<em>En tiempos de crisis, estas fiestas populares mejoran, no solamente el \u00e1nimo de la gente, mejoran la posibilidad de interactuar, de conectarnos, de estar bien, escuchando m\u00fasica, comiendo algo rico y sobre todo conociendo mucho de nuestra cultura, porque la Argentina es una cultura que toma de muchas otras culturas\u201d<\/em>.<\/p>\n<p><em>\u201cEstoy orgulloso de que nosotros tengamos esta diversidad en nuestra formaci\u00f3n y nuestra conformaci\u00f3n. Ser diverso nos hace m\u00e1s rico y por eso Argentina es tan especial y somos tan especiales los argentinos\u201d<\/em>, puntualiz\u00f3 el jefe del municipio capitalino.<\/p>\n<p>En la ocasi\u00f3n, Passerini entreg\u00f3 una placa conmemorativa a la comisi\u00f3n organizadora por los 36 a\u00f1os del festival que promueve la cultura, el turismo y la integraci\u00f3n de los pueblos.<\/p>\n<p>Con su par de Alta Gracia, Marcos Torres, Passerini visit\u00f3 cada uno de los stands que las diversas colectividades tienen instalados en el sitio, adem\u00e1s de probar las comidas t\u00edpicas que all\u00ed se ofrecen.<\/p>\n<p>Passerini se mostr\u00f3 muy contento de poder participar en este evento a trav\u00e9s del cual se celebra la diversidad cultural, se fomenta la tolerancia y el respeto hacia las diferencias, lo que contribuye a crear una sociedad m\u00e1s inclusiva y solidaria.<\/p>\n<p>En todo su recorrido, el intendente estuvo acompa\u00f1ado por el secretario de Integraci\u00f3n Regional y Vinculaci\u00f3n Institucional, Alberto Ambrosio.<\/p>\n<p>El festival es uno de los eventos m\u00e1s importantes de la ciudad y punto de encuentro para la comunidad local y los turistas que visitan Alta Gracia.<\/p>\n<p>Cuenta con un Espacio Cultural que se convirti\u00f3 en uno de los ingredientes principales de este evento, ofreciendo a los asistentes la posibilidad de recorrer los stands, dialogar con los referentes de las colectividades, escuchar charlas y sumergirse en la cultura de diversos pa\u00edses.<\/p>\n<p>En el evento, que se realiza en el predio de Colectividades sobre la Av. Hip\u00f3lito Yrigoyen, estuvieron tambi\u00e9n presentes el concejal Mart\u00edn Simonian y el secretario de Gobierno Abierto y Modernizaci\u00f3n de R\u00edo Cuarto, Guillermo De Rivas.<\/p>\n<p><strong>La Municipalidad de C\u00f3rdoba dice presente<\/strong><\/p>\n<p>Por primera vez, el Centro de Atenci\u00f3n a Migrantes y Refugiados de la Municipalidad de C\u00f3rdoba (CAPeM) forma parte XXXVI del Encuentro Anual de Colectividades de Alta Gracia.<\/p>\n<p>En el lugar, se dispuso un stand en donde un equipo dependiente de la Secretar\u00eda de Integraci\u00f3n Regional y Vinculaci\u00f3n Institucional, brinda asesoramiento y orientaci\u00f3n migratoria, laboral y legal, a quienes lo necesiten y que se encuentren visitando dicho encuentro.<\/p>\n","protected":false},"excerpt":{"rendered":"<p>El evento, que comenz\u00f3 este 5 de febrero, se extender\u00e1 hasta el 9 inclusive. A lo largo de 5 d\u00edas diversas colectividades tienen la oportunidad de mostrar sus tradiciones, comida, m\u00fasica y danzas t\u00edpicas. El intendente de la ciudad de C\u00f3rdoba, Daniel Passerini, estuvo presente en el Encuentro de Colectividades que se lleva a cabo [&hellip;]<\/p>\n","protected":false},"author":1,"featured_media":161936,"comment_status":"closed","ping_status":"closed","sticky":false,"template":"","format":"standard","meta":[],"categories":[44],"tags":[],"_links":{"self":[{"href":"http:\/\/cordobadirecto.com\/index.php\/wp-json\/wp\/v2\/posts\/161935"}],"collection":[{"href":"http:\/\/cordobadirecto.com\/index.php\/wp-json\/wp\/v2\/posts"}],"about":[{"href":"http:\/\/cordobadirecto.com\/index.php\/wp-json\/wp\/v2\/types\/post"}],"author":[{"embeddable":true,"href":"http:\/\/cordobadirecto.com\/index.php\/wp-json\/wp\/v2\/users\/1"}],"replies":[{"embeddable":true,"href":"http:\/\/cordobadirecto.com\/index.php\/wp-json\/wp\/v2\/comments?post=161935"}],"version-history":[{"count":0,"href":"http:\/\/cordobadirecto.com\/index.php\/wp-json\/wp\/v2\/posts\/161935\/revisions"}],"wp:featuredmedia":[{"embeddable":true,"href":"http:\/\/cordobadirecto.com\/index.php\/wp-json\/wp\/v2\/media\/161936"}],"wp:attachment":[{"href":"http:\/\/cordobadirecto.com\/index.php\/wp-json\/wp\/v2\/media?parent=161935"}],"wp:term":[{"taxonomy":"category","embeddable":true,"href":"http:\/\/cordobadirecto.com\/index.php\/wp-json\/wp\/v2\/categories?post=161935"},{"taxonomy":"post_tag","embeddable":true,"href":"http:\/\/cordobadirecto.com\/index.php\/wp-json\/wp\/v2\/tags?post=161935"}],"curies":[{"name":"wp","href":"https:\/\/api.w.org\/{rel}","templated":true}]}}