{"id":161943,"date":"2025-02-09T23:31:50","date_gmt":"2025-02-09T23:31:50","guid":{"rendered":"http:\/\/estaciontrip.com.ar\/?p=9902"},"modified":"2025-02-09T23:31:50","modified_gmt":"2025-02-09T23:31:50","slug":"crece-la-conectividad-de-cordoba-regresa-el-vuelo-a-san-pablo-mediante-gol","status":"publish","type":"post","link":"http:\/\/cordobadirecto.com\/index.php\/2025\/02\/09\/crece-la-conectividad-de-cordoba-regresa-el-vuelo-a-san-pablo-mediante-gol\/","title":{"rendered":"Crece la conectividad de C\u00f3rdoba: regresa el vuelo a San Pablo mediante GOL"},"content":{"rendered":"<div><img src=\"http:\/\/cordobadirecto.com\/wp-content\/uploads\/2025\/02\/crece-la-conectividad-de-cordoba-regresa-el-vuelo-a-san-pablo-mediante-gol.jpg\" class=\"ff-og-image-inserted\"><\/div>\n<p><em>Adem\u00e1s, la ruta C\u00f3rdoba\u2013R\u00edo de Janeiro ofrecer\u00e1 vuelos diarios. Se proyectan otras conexiones hacia mitad de a\u00f1o.<\/em><\/p>\n<p>GOL Linhas A\u00e9reas anunci\u00f3 nuevas rutas que refuerzan la conectividad entre C\u00f3rdoba y Brasil, consolidando los lazos tur\u00edsticos y comerciales entre ambos pa\u00edses. A partir del 2 de abril de 2025, la aerol\u00ednea reanudar\u00e1 los vuelos entre C\u00f3rdoba y San Pablo (Guarulhos), con tres frecuencias semanales. <\/p>\n<p>Adem\u00e1s, la ruta C\u00f3rdoba\u2013R\u00edo de Janeiro ofrecer\u00e1 vuelos diarios.<\/p>\n<p>El presidente de la Agencia C\u00f3rdoba Turismo, Dar\u00edo Capitani, destac\u00f3 la importancia de estas nuevas frecuencias: \u201cCada nueva ruta y cada frecuencia que se suma fortalece la conectividad de nuestra provincia, abriendo nuevas oportunidades tanto para el turismo como para los negocios. Brasil es un mercado estrat\u00e9gico, y estas conexiones impulsan el intercambio entre ambos pa\u00edses.\u00bb<\/p>\n<p>Adem\u00e1s, GOL operar\u00eda nuevas rutas hacia Recife en invierno ampliando a\u00fan m\u00e1s las opciones de conectividad para los viajeros cordobeses y brasile\u00f1os. Estas novedades reflejan el compromiso de GOL con el crecimiento de la conectividad a\u00e9rea y el turismo entre Brasil y C\u00f3rdoba, contribuyendo al fortalecimiento del sector y al desarrollo de nuevas oportunidades comerciales.<\/p>\n<p>Con la incorporaci\u00f3n de estas frecuencias y rutas, C\u00f3rdoba sigue consolid\u00e1ndose como un destino clave en la regi\u00f3n, con vuelos directos a importantes ciudades de Brasil, y reafirmando su posici\u00f3n en el mapa internacional.&nbsp;<\/p>\n","protected":false},"excerpt":{"rendered":"<p>Adem\u00e1s, la ruta C\u00f3rdoba\u2013R\u00edo de Janeiro ofrecer\u00e1 vuelos diarios. Se proyectan otras conexiones hacia mitad de a\u00f1o. GOL Linhas A\u00e9reas anunci\u00f3 nuevas rutas que refuerzan la conectividad entre C\u00f3rdoba y Brasil, consolidando los lazos tur\u00edsticos y comerciales entre ambos pa\u00edses. A partir del 2 de abril de 2025, la aerol\u00ednea reanudar\u00e1 los vuelos entre C\u00f3rdoba [&hellip;]<\/p>\n","protected":false},"author":1,"featured_media":161944,"comment_status":"closed","ping_status":"closed","sticky":false,"template":"","format":"standard","meta":[],"categories":[22],"tags":[],"_links":{"self":[{"href":"http:\/\/cordobadirecto.com\/index.php\/wp-json\/wp\/v2\/posts\/161943"}],"collection":[{"href":"http:\/\/cordobadirecto.com\/index.php\/wp-json\/wp\/v2\/posts"}],"about":[{"href":"http:\/\/cordobadirecto.com\/index.php\/wp-json\/wp\/v2\/types\/post"}],"author":[{"embeddable":true,"href":"http:\/\/cordobadirecto.com\/index.php\/wp-json\/wp\/v2\/users\/1"}],"replies":[{"embeddable":true,"href":"http:\/\/cordobadirecto.com\/index.php\/wp-json\/wp\/v2\/comments?post=161943"}],"version-history":[{"count":0,"href":"http:\/\/cordobadirecto.com\/index.php\/wp-json\/wp\/v2\/posts\/161943\/revisions"}],"wp:featuredmedia":[{"embeddable":true,"href":"http:\/\/cordobadirecto.com\/index.php\/wp-json\/wp\/v2\/media\/161944"}],"wp:attachment":[{"href":"http:\/\/cordobadirecto.com\/index.php\/wp-json\/wp\/v2\/media?parent=161943"}],"wp:term":[{"taxonomy":"category","embeddable":true,"href":"http:\/\/cordobadirecto.com\/index.php\/wp-json\/wp\/v2\/categories?post=161943"},{"taxonomy":"post_tag","embeddable":true,"href":"http:\/\/cordobadirecto.com\/index.php\/wp-json\/wp\/v2\/tags?post=161943"}],"curies":[{"name":"wp","href":"https:\/\/api.w.org\/{rel}","templated":true}]}}