{"id":161948,"date":"2025-02-09T21:30:10","date_gmt":"2025-02-09T21:30:10","guid":{"rendered":"https:\/\/cordoba.gob.ar\/?p=73180"},"modified":"2025-02-09T21:30:10","modified_gmt":"2025-02-09T21:30:10","slug":"mas-de-1200-ninos-y-ninas-disfrutan-de-las-escuelas-de-verano-en-los-parques-educativos-de-la-ciudad","status":"publish","type":"post","link":"http:\/\/cordobadirecto.com\/index.php\/2025\/02\/09\/mas-de-1200-ninos-y-ninas-disfrutan-de-las-escuelas-de-verano-en-los-parques-educativos-de-la-ciudad\/","title":{"rendered":"M\u00e1s de 1200 ni\u00f1os y ni\u00f1as disfrutan de las Escuelas de Verano en los Parques Educativos de la ciudad"},"content":{"rendered":"<div><img src=\"http:\/\/cordobadirecto.com\/wp-content\/uploads\/2025\/02\/mas-de-1200-ninos-y-ninas-disfrutan-de-las-escuelas-de-verano-en-los-parques-educativos-de-la-ciudad.jpg\" class=\"ff-og-image-inserted\"><\/div>\n<p dir=\"auto\">Durante el verano, m\u00e1s de 1200 ni\u00f1os y ni\u00f1as participan de las Escuelas de Verano que se llevan a cabo en los diferentes Parques Educativos de la ciudad<\/p>\n<p dir=\"auto\">Entre las principales actividades, se destacan los talleres recreativos, art\u00edsticos y las propuestas acu\u00e1ticas que se desarrollan en las piletas de los parques educativos y los polideportivos municipales, brindando a los ni\u00f1os y ni\u00f1as la oportunidad de disfrutar del verano mientras se divierten y aprenden.<\/p>\n<p dir=\"auto\">Tambi\u00e9n participan en actividades deportivas y de recreaci\u00f3n con hockey, v\u00f3ley, b\u00e1squet, f\u00fatbol, fortaleciendo sus habilidades f\u00edsicas y sociales. Adem\u00e1s se llevan adelante talleres de producci\u00f3n y realizaci\u00f3n audiovisual, rob\u00f3tica, programaci\u00f3n, impresi\u00f3n 3D y artes visuales con materiales reciclados.<\/p>\n<p dir=\"auto\">El programa tambi\u00e9n desarrolla proyectos vinculados a la ciencia y la tecnolog\u00eda, con visitas semanales a la Plaza Cielo Tierra, donde los estudiantes experimentan jornadas educativas \u00fanicas que ampl\u00edan sus horizontes de conocimiento.<\/p>\n<p dir=\"auto\">En los Parques Educativos Este, Sur y Estaci\u00f3n Flores se promueven proyectos de educaci\u00f3n ambiental, cultura digital y ciencias, incentivando desde edades tempranas el cuidado del ambiente y despertando la curiosidad cient\u00edfica.<\/p>\n<p dir=\"auto\">Esta iniciativa tiene como objetivo brindar espacios de encuentro, aprendizaje y recreaci\u00f3n para la comunidad, promoviendo valores como la integraci\u00f3n, el trabajo en equipo y el desarrollo saludable.<\/p>\n<p dir=\"auto\">Para inscribirse, deber\u00e1n acercarse a cada espacio con fotocopia del CUS vigente del ni\u00f1o o ni\u00f1a a anotar, fotocopia de su DNI, declaraci\u00f3n jurada y la revisaci\u00f3n m\u00e9dica para pileta.<\/p>\n<p dir=\"auto\">\u201cLa educaci\u00f3n social tiene un poder transformador al enfocarse en el desarrollo integral de las personas y comunidades, promoviendo la participaci\u00f3n activa, el pensamiento cr\u00edtico y la solidaridad\u201d, expres\u00f3 la secretaria de Educaci\u00f3n, Alicia La Terza.<\/p>\n<p dir=\"auto\">Por su parte, la subsecretaria de Educaci\u00f3n Social, Cient\u00edfica y Tecnol\u00f3gica Eugenia Rotondi, mencion\u00f3: \u201clas escuelas de verano de los Parques Educativos son un espacio de aprendizaje, recreaci\u00f3n y disfrute para los m\u00e1s chicos, fundamental para garantizar el derecho al verano de nuestros vecinos y vecinas\u201d.<\/p>\n","protected":false},"excerpt":{"rendered":"<p>Durante el verano, m\u00e1s de 1200 ni\u00f1os y ni\u00f1as participan de las Escuelas de Verano que se llevan a cabo en los diferentes Parques Educativos de la ciudad Entre las principales actividades, se destacan los talleres recreativos, art\u00edsticos y las propuestas acu\u00e1ticas que se desarrollan en las piletas de los parques educativos y los polideportivos [&hellip;]<\/p>\n","protected":false},"author":1,"featured_media":161949,"comment_status":"closed","ping_status":"closed","sticky":false,"template":"","format":"standard","meta":[],"categories":[44],"tags":[],"_links":{"self":[{"href":"http:\/\/cordobadirecto.com\/index.php\/wp-json\/wp\/v2\/posts\/161948"}],"collection":[{"href":"http:\/\/cordobadirecto.com\/index.php\/wp-json\/wp\/v2\/posts"}],"about":[{"href":"http:\/\/cordobadirecto.com\/index.php\/wp-json\/wp\/v2\/types\/post"}],"author":[{"embeddable":true,"href":"http:\/\/cordobadirecto.com\/index.php\/wp-json\/wp\/v2\/users\/1"}],"replies":[{"embeddable":true,"href":"http:\/\/cordobadirecto.com\/index.php\/wp-json\/wp\/v2\/comments?post=161948"}],"version-history":[{"count":0,"href":"http:\/\/cordobadirecto.com\/index.php\/wp-json\/wp\/v2\/posts\/161948\/revisions"}],"wp:featuredmedia":[{"embeddable":true,"href":"http:\/\/cordobadirecto.com\/index.php\/wp-json\/wp\/v2\/media\/161949"}],"wp:attachment":[{"href":"http:\/\/cordobadirecto.com\/index.php\/wp-json\/wp\/v2\/media?parent=161948"}],"wp:term":[{"taxonomy":"category","embeddable":true,"href":"http:\/\/cordobadirecto.com\/index.php\/wp-json\/wp\/v2\/categories?post=161948"},{"taxonomy":"post_tag","embeddable":true,"href":"http:\/\/cordobadirecto.com\/index.php\/wp-json\/wp\/v2\/tags?post=161948"}],"curies":[{"name":"wp","href":"https:\/\/api.w.org\/{rel}","templated":true}]}}