{"id":161968,"date":"2025-02-09T21:29:22","date_gmt":"2025-02-09T21:29:22","guid":{"rendered":"https:\/\/www.ole.com.ar\/autos\/colapinto-alpine-renault-latinoamerica_0_O9zJ2gLgQJ.html"},"modified":"2025-02-09T21:29:22","modified_gmt":"2025-02-09T21:29:22","slug":"el-nuevo-rol-que-renault-preparo-para-colapinto-en-latinoamerica","status":"publish","type":"post","link":"http:\/\/cordobadirecto.com\/index.php\/2025\/02\/09\/el-nuevo-rol-que-renault-preparo-para-colapinto-en-latinoamerica\/","title":{"rendered":"El nuevo rol que Renault prepar\u00f3 para Colapinto en Latinoam\u00e9rica"},"content":{"rendered":"<p><time class=\"createDate\" datetime=\"2025-02-09T18:29:22-03:00\">09\/02\/2025 18:29hs.<\/time><\/p>\n<div id=\"storyBody\">\n<div class=\"custom-text \" readability=\"34.686648501362\">\n<p>La llegada de <strong><a href=\"https:\/\/www.ole.com.ar\/tema\/franco-colapinto.html\" title=\"Franco Colapinto\" alt=\"Franco Colapinto\" class=\"slug\">Franco Colapinto<\/a> <\/strong>a <a href=\"https:\/\/www.ole.com.ar\/tema\/alpine.html\" title=\"Alpine\" alt=\"Alpine\" class=\"slug\">Alpine<\/a> tuvo impacto en la <a href=\"https:\/\/www.ole.com.ar\/tema\/formula-1.html\" title=\"F\u00f3rmula 1\" alt=\"F\u00f3rmula 1\" class=\"slug\">F\u00f3rmula 1<\/a>, luego del paso del pilarense por Williams. La escuder\u00eda francesa busca explotar la exposici\u00f3n y se revel\u00f3 un rol del piloto en la compa\u00f1\u00eda. El vicepresidente global de Marketing de Renault Group, Arnaud Belloni, <strong>revel\u00f3 que el argentino ser\u00e1 embajador de Alpine y Renault en Latinoam\u00e9rica.<\/strong><\/p>\n<\/div>\n<div class=\"custom-text \" readability=\"38\">\n<p>\u201cAlpine se convertir\u00e1 en una marca global, no solo europea<strong>. Colapinto ser\u00e1 embajador de Renault y de Alpine en Latinoam\u00e9rica, ser\u00e1 un boost para la marca\u201d<\/strong>, afirm\u00f3 el empresario al ser entrevistado por el periodista Diego Zorrero, durante su visita a la Argentina.<\/p>\n<\/div>\n<div class=\"custom-text \" readability=\"35\">\n<p>Alpine tambi\u00e9n valora una nueva sesi\u00f3n de pruebas comparativas entre Colapinto y el australiano Jack Doohan en Bahrein, entre el 26 y 28 de febrero. La escuder\u00eda busca definir su futuro alineamiento en la m\u00e1xima categor\u00eda del automovilismo mundial.<\/p>\n<\/div>\n<div class=\"sc-e7b891c4-0 ifHnQL image-embed\"><img alt=\"Belloni, vicepresidente de marketing de Renault.\" loading=\"lazy\" width=\"720\" height=\"100\" decoding=\"async\" data-nimg=\"1\" src=\"http:\/\/cordobadirecto.com\/wp-content\/uploads\/2025\/02\/el-nuevo-rol-que-renault-preparo-para-colapinto-en-latinoamerica.jpg\"><span class=\"epigraphe\">Belloni, vicepresidente de marketing de Renault.<\/span><\/div>\n<p><h2><strong>Nuevo proyecto<\/strong><\/h2>\n<\/p>\n<div class=\"custom-text \" readability=\"39\">\n<p>Adem\u00e1s, Colapinto sorprendi\u00f3 a sus seguidores con una publicaci\u00f3n en su Instagram con la leyenda \u201ccoming soon\u201d(llegando prondo) que mostr\u00f3 la sigla FC43. El n\u00famero, recordar, es el que ten\u00eda en el auto de Williams durante las carreras de 2024. Las especulaciones son varias, desde un posible anuncio sobre su carrera deportiva o un lanzamiento comercial. A esperar la explicaci\u00f3n de Franco&#8230;<\/p>\n<\/div>\n<div class=\"sc-a7166897-0 eoLsBE\" readability=\"6\">\n<section readability=\"2\"><picture><img alt=\"Fue compa\u00f1ero de Colapinto y lo fulmin\u00f3: &quot;Nunca estuvo a la altura&quot;\" loading=\"lazy\" width=\"290\" height=\"290\" decoding=\"async\" data-nimg=\"1\" src=\"http:\/\/cordobadirecto.com\/wp-content\/uploads\/2025\/02\/el-nuevo-rol-que-renault-preparo-para-colapinto-en-latinoamerica-1.jpg\"><\/picture>\n<p><span>Mir\u00e1 tambi\u00e9n<\/span><\/p>\n<hr>\n<h3>Fue compa\u00f1ero de Colapinto y lo fulmin\u00f3: &#8220;Nunca estuvo a la altura&#8221;<\/h3>\n<\/p>\n<\/section>\n<\/div>\n<div class=\"sc-a7166897-0 eoLsBE\" readability=\"6.5\">\n<section readability=\"3\"><picture><img alt=\"Con Colapinto presente, Drive to Survive ya tiene fecha de estreno en Netflix\" loading=\"lazy\" width=\"290\" height=\"290\" decoding=\"async\" data-nimg=\"1\" src=\"http:\/\/cordobadirecto.com\/wp-content\/uploads\/2025\/02\/el-nuevo-rol-que-renault-preparo-para-colapinto-en-latinoamerica-2.jpg\"><\/picture>\n<p><span>Mir\u00e1 tambi\u00e9n<\/span><\/p>\n<hr>\n<h3>Con Colapinto presente, Drive to Survive ya tiene fecha de estreno en Netflix<\/h3>\n<\/p>\n<\/section>\n<\/div>\n<\/div>\n","protected":false},"excerpt":{"rendered":"<p>09\/02\/2025 18:29hs. La llegada de Franco Colapinto a Alpine tuvo impacto en la F\u00f3rmula 1, luego del paso del pilarense por Williams. La escuder\u00eda francesa busca explotar la exposici\u00f3n y se revel\u00f3 un rol del piloto en la compa\u00f1\u00eda. El vicepresidente global de Marketing de Renault Group, Arnaud Belloni, revel\u00f3 que el argentino ser\u00e1 embajador [&hellip;]<\/p>\n","protected":false},"author":1,"featured_media":161969,"comment_status":"closed","ping_status":"closed","sticky":false,"template":"","format":"standard","meta":[],"categories":[21],"tags":[],"_links":{"self":[{"href":"http:\/\/cordobadirecto.com\/index.php\/wp-json\/wp\/v2\/posts\/161968"}],"collection":[{"href":"http:\/\/cordobadirecto.com\/index.php\/wp-json\/wp\/v2\/posts"}],"about":[{"href":"http:\/\/cordobadirecto.com\/index.php\/wp-json\/wp\/v2\/types\/post"}],"author":[{"embeddable":true,"href":"http:\/\/cordobadirecto.com\/index.php\/wp-json\/wp\/v2\/users\/1"}],"replies":[{"embeddable":true,"href":"http:\/\/cordobadirecto.com\/index.php\/wp-json\/wp\/v2\/comments?post=161968"}],"version-history":[{"count":0,"href":"http:\/\/cordobadirecto.com\/index.php\/wp-json\/wp\/v2\/posts\/161968\/revisions"}],"wp:featuredmedia":[{"embeddable":true,"href":"http:\/\/cordobadirecto.com\/index.php\/wp-json\/wp\/v2\/media\/161969"}],"wp:attachment":[{"href":"http:\/\/cordobadirecto.com\/index.php\/wp-json\/wp\/v2\/media?parent=161968"}],"wp:term":[{"taxonomy":"category","embeddable":true,"href":"http:\/\/cordobadirecto.com\/index.php\/wp-json\/wp\/v2\/categories?post=161968"},{"taxonomy":"post_tag","embeddable":true,"href":"http:\/\/cordobadirecto.com\/index.php\/wp-json\/wp\/v2\/tags?post=161968"}],"curies":[{"name":"wp","href":"https:\/\/api.w.org\/{rel}","templated":true}]}}