{"id":161970,"date":"2025-02-09T18:26:58","date_gmt":"2025-02-09T18:26:58","guid":{"rendered":"https:\/\/www.ole.com.ar\/autos\/hermano-dibu-martinez-gano-carrera-actc-mouras-adrian-martinez_0_Q8CDHuzZKp.html"},"modified":"2025-02-09T18:26:58","modified_gmt":"2025-02-09T18:26:58","slug":"es-de-familia-el-hermano-del-dibu-martinez-gano-la-segunda-fecha-del-tc-pista-mouras","status":"publish","type":"post","link":"http:\/\/cordobadirecto.com\/index.php\/2025\/02\/09\/es-de-familia-el-hermano-del-dibu-martinez-gano-la-segunda-fecha-del-tc-pista-mouras\/","title":{"rendered":"Es de familia: el hermano del Dibu Mart\u00ednez gan\u00f3 la segunda fecha del TC Pista Mouras"},"content":{"rendered":"<p><time class=\"createDate\" datetime=\"2025-02-09T15:26:58-03:00\">09\/02\/2025 15:26hs.<\/time><\/p>\n<div id=\"storyBody\">\n<div class=\"custom-text \" readability=\"35.59620596206\">\n<p>Es sabido que el <strong><a href=\"https:\/\/www.ole.com.ar\/tema\/damian-emiliano-martinez.html\" title=\"Dami\u00e1n Emiliano Mart\u00ednez\" alt=\"Dami\u00e1n Emiliano Mart\u00ednez\" class=\"slug\">Dibu Mart\u00ednez<\/a><\/strong> es una bestia competitiva. A pesar de haber ganado el Mundial y dos Copas Am\u00e9rica con la Selecci\u00f3n, el arquero ya dijo varias veces que quiere ir por m\u00e1s, mostrando acaso su gen competitivo.<strong> Pero lo cierto es que esta caracter\u00edstica no es solo suya ya que un familiar suyo tambi\u00e9n se destac\u00f3 pero en otro deporte: el automovilismo.<\/strong><\/p>\n<\/div>\n<div class=\"custom-text \" readability=\"33.348051948052\">\n<p><strong>Y es que<a href=\"https:\/\/www.ole.com.ar\/tema\/alejandro-martinez.html\" title=\"Alejandro Mart\u00ednez\" alt=\"Alejandro Mart\u00ednez\" class=\"slug\"> Alejandro Mart\u00ednez<\/a> -hermano del Dibu- obtuvo su primera victoria en la <a href=\"https:\/\/www.ole.com.ar\/tema\/actc.html\" title=\"ACTC\" alt=\"ACTC\" class=\"slug\">ACTC<\/a> al haberse quedado con la segunda fecha del <a href=\"https:\/\/www.ole.com.ar\/tema\/tc-pista-mouras.html\" title=\"TC Pista Mouras\" alt=\"TC Pista Mouras\" class=\"slug\">TC Pista Mouras<\/a><\/strong>, la cual se llev\u00f3 a cabo de en el circuito de La Plata. El pariente de Emiliano fue claramente el mejor de la carrera, en la cual larg\u00f3 primero debido al gran rendimiento que tuvo el d\u00eda anterior en la clasificaci\u00f3n con su Ford Falcon.<\/p>\n<\/div>\n<div class=\"custom-text \" readability=\"42\">\n<p><strong>Es as\u00ed que Alejandro pudo liderar la carrera de punta a punta<\/strong> y, a pesar de que tuvo la presi\u00f3n de Nicol\u00e1s Jaime y Juan Pablo Alberti -segundo y tercero, respectivamente-, Jaime se pas\u00f3 en una chicana en la vuelta ocho y, al querer regresar a la pista, estorb\u00f3 a Alberti, <strong>permiti\u00e9ndole as\u00ed a Mart\u00ednez sacar una mayor ventaja que lo llev\u00f3 a conseguir su primer t\u00edtulo en la categor\u00eda junto a Abdala Racing, su equipo.<\/strong><\/p>\n<\/div>\n<div class=\"sc-e7b891c4-0 ifHnQL image-embed\"><img alt=\"Alejandro Mart\u00ednez, hermano del Dibu, gan\u00f3 su primera carrera en el TC Pista Mouras (Foto: ACTC)\" loading=\"lazy\" width=\"720\" height=\"100\" decoding=\"async\" data-nimg=\"1\" src=\"http:\/\/cordobadirecto.com\/wp-content\/uploads\/2025\/02\/es-de-familia-el-hermano-del-dibu-martinez-gano-la-segunda-fecha-del-tc-pista-mouras.jpg\"><span class=\"epigraphe\">Alejandro Mart\u00ednez, hermano del Dibu, gan\u00f3 su primera carrera en el TC Pista Mouras (Foto: ACTC)<\/span><\/div>\n<p><h2><strong>El automovilismo, la otra pasi\u00f3n de la familia Mart\u00ednez<\/strong><\/h2>\n<\/p>\n<div class=\"custom-text \" readability=\"31.330935251799\">\n<p>M\u00e1s all\u00e1 del f\u00fatbol, que inevitablemente atraviesa a la familia del Dibu Mart\u00ednez,<strong> los fierros son la otra pasi\u00f3n que tienen sus parientes y de la cual el arquero tampoco est\u00e1 exento. <\/strong><a href=\"https:\/\/www.ole.com.ar\/seleccion\/dibu-martinez-fierrero-hermano-piloto-turismo-nacionalautodromo-concordia-seleccion-argentina_0_gPNiyVxnYt.html\" target=\"_self\" title=\"Varias veces se lo ha visto en los aut\u00f3dromos del pa\u00eds acompa\u00f1ando a su hermano\" alt=\"Varias veces se lo ha visto en los aut\u00f3dromos del pa\u00eds acompa\u00f1ando a su hermano\" rel=\"noopener\">Varias veces se lo ha visto en los aut\u00f3dromos del pa\u00eds acompa\u00f1ando a su hermano<\/a>, como as\u00ed tambi\u00e9n en su garage guarda varios autos de colecci\u00f3n como un Corvette modelo 2015, una Ferrari California y una Ford F-150 Lariat.<\/p>\n<\/div>\n<div class=\"custom-text \" readability=\"44\">\n<p>Adem\u00e1s, en Mar del Plata es m\u00e1s que conocida esta pasi\u00f3n por los fierros que tienen los Mart\u00ednez. Sin ir m\u00e1s lejos, el mismo Alejandro es el director del MartinEZ Team, un equipo especializado en picadas, y all\u00ed<strong> el Dibu, cada vez que puede, pasa para dar una mano o despuntar el vicio con los integrantes del equipo. <\/strong>De hecho, en 2024 al arquero tambi\u00e9n se lo vio acompa\u00f1ando a su hermano en Concordia, cuando corr\u00eda en Clase 2, la segunda categor\u00eda del Turismo Nacional. <\/p>\n<\/div>\n<div class=\"custom-text \" readability=\"38\">\n<p>Pero lo cierto es que Adri\u00e1n ahora cambi\u00f3 de divisi\u00f3n y corre en el TC Pista Mouras. Es por su participaci\u00f3n en MartinEZ Team que Alejandro pas\u00f3 a esta categor\u00eda, que la cuarta de la ACTC, en donde participan pilotos j\u00f3venes provenientes del karting y tambi\u00e9n experimentados que se desarrollaron en categor\u00edas zonales -siendo este \u00faltimo el caso del hermano del Dibu- que tienen la oportunidad de ir subiendo hasta llegar al Turismo Carretera. Y lo cierto es que Alejandro ya demostr\u00f3 que tiene calidad de sobra al quedarse con la segunda fecha y<strong> apuesta a ir escalando hasta alcanzar el sue\u00f1o de llegar al TC.<\/strong> Y es que s\u00ed, el gen competitivo es parte de la familia Mart\u00ednez.<\/p>\n<\/div>\n<div class=\"sc-e7b891c4-0 ifHnQL image-embed\"><img alt=\"El Dibu Mart\u00ednez comparte con su hermano la pasi\u00f3n por los fierros.\" loading=\"lazy\" width=\"720\" height=\"100\" decoding=\"async\" data-nimg=\"1\" src=\"http:\/\/cordobadirecto.com\/wp-content\/uploads\/2025\/02\/es-de-familia-el-hermano-del-dibu-martinez-gano-la-segunda-fecha-del-tc-pista-mouras-1.jpg\"><span class=\"epigraphe\">El Dibu Mart\u00ednez comparte con su hermano la pasi\u00f3n por los fierros.<\/span><\/div>\n<div class=\"sc-734b4696-1 kFfZtB\" readability=\"6.5\">\n<div class=\"sc-d00d9e74-0 hnHYbk\" type=\"embed\">\n<div class=\"sc-d00d9e74-1 iKVbz videoText\" id=\"contentTitleembedKWCeuxzh\" type=\"embed\" readability=\"56\"><svg fill=\"#ffffff\"><symbol id=\"play\" viewBox=\"0 0 512 512\"><path d=\"M512 256C512 397.4 397.4 512 256 512C114.6 512 0 397.4 0 256C0 114.6 114.6 0 256 0C397.4 0 512 114.6 512 256zM176 168V344C176 352.7 180.7 360.7 188.3 364.9C195.8 369.2 205.1 369 212.5 364.5L356.5 276.5C363.6 272.1 368 264.4 368 256C368 247.6 363.6 239.9 356.5 235.5L212.5 147.5C205.1 142.1 195.8 142.8 188.3 147.1C180.7 151.3 176 159.3 176 168V168z\" \/><\/symbol><use xlink:href=\"#play\" \/><\/svg><\/p>\n<div class=\"right\" readability=\"7\">\n<p>Dami\u00e1n Emiliano Mart\u00ednez<!-- --> &#8211; <span>&nbsp;<\/span><\/p>\n<h2 class=\"title-vid\">Dibu Mart\u00ednez en el aut\u00f3dromo de Concordia<\/h2>\n<\/div>\n<\/div>\n<p><span class=\"back\" id=\"spanBackembedKWCeuxzh\"><\/span><\/div>\n<div class=\"JWvideoNota_title\" readability=\"8\">\n<p>El arquero de la Selecci\u00f3n fue a ver a su hermano Alejandro en el Turismo Nacional (autodromoconcordiaoficial).<\/p>\n<\/div>\n<\/div>\n<p><h2><strong>C\u00f3mo sigue el TC Pista Mouras<\/strong><\/h2>\n<\/p>\n<div class=\"custom-text \" readability=\"37\">\n<p><strong>La pr\u00f3xima fecha en la que competir\u00e1 Alejandro Mart\u00ednez comenzar\u00e1 el fin de semana del 28 de febrero, continuando el 1 y 2 de marzo. <\/strong>La acci\u00f3n se desarrollar\u00e1 nuevamente en el Aut\u00f3dromo de La Plata y el hermano del Dibu buscar\u00e1 seguir progresando dentro del mundo del automovilismo, ese que tanto moviliza a toda la familia.<\/p>\n<\/div>\n<div class=\"sc-e7b891c4-0 ifHnQL image-embed\"><img alt=\"Dibu Mart\u00ednez en el aut\u00f3dromo de Concordia con su hermano y amigos.\" loading=\"lazy\" width=\"720\" height=\"100\" decoding=\"async\" data-nimg=\"1\" src=\"http:\/\/cordobadirecto.com\/wp-content\/uploads\/2025\/02\/es-de-familia-el-hermano-del-dibu-martinez-gano-la-segunda-fecha-del-tc-pista-mouras-2.jpg\"><span class=\"epigraphe\">Dibu Mart\u00ednez en el aut\u00f3dromo de Concordia con su hermano y amigos.<\/span><\/div>\n<div class=\"sc-a7166897-0 eoLsBE\" readability=\"7\">\n<section readability=\"4\"><picture><img alt=\"Con un atajad\u00f3n y una volada del Dibu Mart\u00ednez, el Aston Villa elimin\u00f3 al Tottenham de la FA Cup\" loading=\"lazy\" width=\"290\" height=\"290\" decoding=\"async\" data-nimg=\"1\" src=\"http:\/\/cordobadirecto.com\/wp-content\/uploads\/2025\/02\/es-de-familia-el-hermano-del-dibu-martinez-gano-la-segunda-fecha-del-tc-pista-mouras-3.jpg\"><\/picture>\n<p><span>Mir\u00e1 tambi\u00e9n<\/span><\/p>\n<hr>\n<h3>Con un atajad\u00f3n y una volada del Dibu Mart\u00ednez, el Aston Villa elimin\u00f3 al Tottenham de la FA Cup<\/h3>\n<\/p>\n<\/section>\n<\/div>\n<div class=\"sc-a7166897-0 eoLsBE\" readability=\"6.5\">\n<section readability=\"3\"><picture><img alt=\"Milton Casco, una valiosa opci\u00f3n siempre a mano para Gallardo \" loading=\"lazy\" width=\"290\" height=\"290\" decoding=\"async\" data-nimg=\"1\" src=\"http:\/\/cordobadirecto.com\/wp-content\/uploads\/2025\/02\/es-de-familia-el-hermano-del-dibu-martinez-gano-la-segunda-fecha-del-tc-pista-mouras-4.jpg\"><\/picture>\n<p><span>Mir\u00e1 tambi\u00e9n<\/span><\/p>\n<hr>\n<h3>Milton Casco, una valiosa opci\u00f3n siempre a mano para Gallardo <\/h3>\n<\/p>\n<\/section>\n<\/div>\n<div class=\"sc-a7166897-0 eoLsBE\" readability=\"6.5\">\n<section readability=\"3\"><picture><img alt=\"El sentido recuerdo de Alvarado al hincha que fue asesinado por la polic\u00eda en Mar del Plata\" loading=\"lazy\" width=\"290\" height=\"290\" decoding=\"async\" data-nimg=\"1\" src=\"http:\/\/cordobadirecto.com\/wp-content\/uploads\/2025\/02\/es-de-familia-el-hermano-del-dibu-martinez-gano-la-segunda-fecha-del-tc-pista-mouras-5.jpg\"><\/picture>\n<p><span>Mir\u00e1 tambi\u00e9n<\/span><\/p>\n<hr>\n<h3>El sentido recuerdo de Alvarado al hincha que fue asesinado por la polic\u00eda en Mar del Plata<\/h3>\n<\/p>\n<\/section>\n<\/div>\n<div class=\"sc-a7166897-0 eoLsBE\" readability=\"6\">\n<section readability=\"2\"><picture><img alt=\"El feliz cumplea\u00f1os de Driussi tras su regreso a River\" loading=\"lazy\" width=\"290\" height=\"290\" decoding=\"async\" data-nimg=\"1\" src=\"http:\/\/cordobadirecto.com\/wp-content\/uploads\/2025\/02\/es-de-familia-el-hermano-del-dibu-martinez-gano-la-segunda-fecha-del-tc-pista-mouras-6.jpg\"><\/picture>\n<p><span>Mir\u00e1 tambi\u00e9n<\/span><\/p>\n<hr>\n<h3>El feliz cumplea\u00f1os de Driussi tras su regreso a River<\/h3>\n<\/p>\n<\/section>\n<\/div>\n<\/div>\n","protected":false},"excerpt":{"rendered":"<p>09\/02\/2025 15:26hs. Es sabido que el Dibu Mart\u00ednez es una bestia competitiva. A pesar de haber ganado el Mundial y dos Copas Am\u00e9rica con la Selecci\u00f3n, el arquero ya dijo varias veces que quiere ir por m\u00e1s, mostrando acaso su gen competitivo. Pero lo cierto es que esta caracter\u00edstica no es solo suya ya que [&hellip;]<\/p>\n","protected":false},"author":1,"featured_media":161971,"comment_status":"closed","ping_status":"closed","sticky":false,"template":"","format":"standard","meta":[],"categories":[21],"tags":[],"_links":{"self":[{"href":"http:\/\/cordobadirecto.com\/index.php\/wp-json\/wp\/v2\/posts\/161970"}],"collection":[{"href":"http:\/\/cordobadirecto.com\/index.php\/wp-json\/wp\/v2\/posts"}],"about":[{"href":"http:\/\/cordobadirecto.com\/index.php\/wp-json\/wp\/v2\/types\/post"}],"author":[{"embeddable":true,"href":"http:\/\/cordobadirecto.com\/index.php\/wp-json\/wp\/v2\/users\/1"}],"replies":[{"embeddable":true,"href":"http:\/\/cordobadirecto.com\/index.php\/wp-json\/wp\/v2\/comments?post=161970"}],"version-history":[{"count":0,"href":"http:\/\/cordobadirecto.com\/index.php\/wp-json\/wp\/v2\/posts\/161970\/revisions"}],"wp:featuredmedia":[{"embeddable":true,"href":"http:\/\/cordobadirecto.com\/index.php\/wp-json\/wp\/v2\/media\/161971"}],"wp:attachment":[{"href":"http:\/\/cordobadirecto.com\/index.php\/wp-json\/wp\/v2\/media?parent=161970"}],"wp:term":[{"taxonomy":"category","embeddable":true,"href":"http:\/\/cordobadirecto.com\/index.php\/wp-json\/wp\/v2\/categories?post=161970"},{"taxonomy":"post_tag","embeddable":true,"href":"http:\/\/cordobadirecto.com\/index.php\/wp-json\/wp\/v2\/tags?post=161970"}],"curies":[{"name":"wp","href":"https:\/\/api.w.org\/{rel}","templated":true}]}}