{"id":161981,"date":"2025-02-10T19:13:19","date_gmt":"2025-02-10T19:13:19","guid":{"rendered":"https:\/\/puntoapunto.com.ar\/?p=369948"},"modified":"2025-02-10T19:13:19","modified_gmt":"2025-02-10T19:13:19","slug":"milei-descarto-atraso-cambiario-y-afirma-que-al-acuerdo-con-el-fmi-solo-le-falta-el-mono","status":"publish","type":"post","link":"http:\/\/cordobadirecto.com\/index.php\/2025\/02\/10\/milei-descarto-atraso-cambiario-y-afirma-que-al-acuerdo-con-el-fmi-solo-le-falta-el-mono\/","title":{"rendered":"Milei descart\u00f3 atraso cambiario y afirma que al acuerdo con el FMI \u00absolo le falta el mo\u00f1o\u00bb"},"content":{"rendered":"<p data-pm-slice=\"1 1 []\">El presidente Javier Milei asegur\u00f3 que<strong> \u00abde ninguna manera el d\u00f3lar est\u00e1 atrasado\u00bb y destac\u00f3 que su gesti\u00f3n mantiene \u00absuper\u00e1vit fiscal y financiero\u00bb.<\/strong> El mandatario afirm\u00f3 que el valor de la moneda estadounidense \u00abest\u00e1 en un nivel razonable teniendo en cuenta las condiciones de la Argentina\u00bb y desestim\u00f3 los pedidos de devaluaci\u00f3n que provienen de distintos sectores econ\u00f3micos y pol\u00edticos.<!-- \u00a1O bien no hay banners, estan desactivados o no estan programados para esta ubicaci\u00f3n! -->\n<\/p>\n<p>En una entrevista con A24, Milei subray\u00f3 que su gobierno logr\u00f3 bajar la deuda en m\u00e1s de 30.000 millones de d\u00f3lares y afirm\u00f3 que es \u00abla primera vez en la historia argentina que tenemos super\u00e1vit financiero\u00bb. En ese sentido, destac\u00f3 que el Ejecutivo ya ha adquirido<strong> \u00ab20.000 millones de d\u00f3lares\u00bb.<\/strong>\n<\/p>\n<p>El presidente tambi\u00e9n critic\u00f3 a economistas y empresarios que sostienen que existe un atraso cambiario y los calific\u00f3 como<strong> \u00abbastante brutos, por decirlo de una manera educada\u00bb.<\/strong> Adem\u00e1s, cuestion\u00f3 con dureza al exministro de Econom\u00eda<a href=\"https:\/\/puntoapunto.com.ar\/estabilidad-en-la-mira-cavallo-analiza-la-inflacion-y-el-desafio-cambiario-en-2025\/\"> Domingo Cavallo<\/a>, a quien calific\u00f3 de<strong> \u00abimpresentable\u00bb<\/strong>, y lo acus\u00f3 de defender el tipo de cambio de la convertibilidad mientras se opon\u00eda a la devaluaci\u00f3n.\n<\/p>\n<p>Respecto a la inflaci\u00f3n, el jefe de Estado reafirm\u00f3 su teor\u00eda de que \u00abes siempre y en todo lugar un fen\u00f3meno monetario\u00bb y defendi\u00f3 su pol\u00edtica de reducci\u00f3n de la base monetaria. \u00ab<strong>\u00bfC\u00f3mo va a subir el d\u00f3lar si yo le estoy sacando todos los pesos que andan dando vueltas? El d\u00f3lar se tiene que caer como un piano<\/strong>\u00ab, enfatiz\u00f3.\n<\/p>\n<p>Por otro lado, <strong><a href=\"https:\/\/puntoapunto.com.ar\/encuestas-milei-lidera-pero-la-oposicion-busca-reconfigurarse-de-cara-a-las-elecciones\/\">Milei<\/a> adelant\u00f3 que el acuerdo con el Fondo Monetario Internacional (FMI) \u201csolo le falta el mo\u00f1o\u201d<\/strong> y revel\u00f3 que incluir\u00e1 \u00abfondos frescos, sin incrementar la deuda\u00bb, ya que estos se utilizar\u00e1n para cancelar compromisos con el Banco Central. \u00abEse dinero va a cancelar deuda con el Banco Central, la deuda no var\u00eda y fortalece el balance del BCRA\u00bb, explic\u00f3. Adem\u00e1s, afirm\u00f3 que este ser\u00e1 el argumento del Gobierno para evitar que el acuerdo pase por el Congreso.<!-- \u00a1O bien no hay banners, estan desactivados o no estan programados para esta ubicaci\u00f3n! -->\n<\/p>\n<p>Finalmente, el mandatario asegur\u00f3 que <strong>la econom\u00eda argentina est\u00e1 \u00abmostrando un proceso de expansi\u00f3n fuert\u00edsimo\u00bb y argument\u00f3 que \u00abel peso se est\u00e1 fortaleciendo porque ahora, con la tasa de inflaci\u00f3n a la baja, hay incentivos a tener pesos en la mano\u00bb<\/strong>.<\/p>\n<div class=\"g g-38\">\n<div class=\"g-dyn a-12 c-1\"><a class=\"gofollow\" data-track=\"MTIsMzgsMSw2MA==\" href=\"https:\/\/hospitalprivado.com.ar\/blog\/institucional\/somos-la-primera-institucion-del-interior-del-pais-en-acreditar-joint-commission-international.html\" target=\"_blank\" rel=\"noopener\"><img src=\"http:\/\/cordobadirecto.com\/wp-content\/uploads\/2025\/02\/milei-descarto-atraso-cambiario-y-afirma-que-al-acuerdo-con-el-fmi-solo-le-falta-el-mono.gif\" loading=\"lazy\"><\/a><\/div>\n<\/div>\n","protected":false},"excerpt":{"rendered":"<p>El presidente Javier Milei asegur\u00f3 que \u00abde ninguna manera el d\u00f3lar est\u00e1 atrasado\u00bb y destac\u00f3 que su gesti\u00f3n mantiene \u00absuper\u00e1vit fiscal y financiero\u00bb. El mandatario afirm\u00f3 que el valor de la moneda estadounidense \u00abest\u00e1 en un nivel razonable teniendo en cuenta las condiciones de la Argentina\u00bb y desestim\u00f3 los pedidos de devaluaci\u00f3n que provienen de [&hellip;]<\/p>\n","protected":false},"author":1,"featured_media":161982,"comment_status":"closed","ping_status":"closed","sticky":false,"template":"","format":"standard","meta":[],"categories":[25],"tags":[],"_links":{"self":[{"href":"http:\/\/cordobadirecto.com\/index.php\/wp-json\/wp\/v2\/posts\/161981"}],"collection":[{"href":"http:\/\/cordobadirecto.com\/index.php\/wp-json\/wp\/v2\/posts"}],"about":[{"href":"http:\/\/cordobadirecto.com\/index.php\/wp-json\/wp\/v2\/types\/post"}],"author":[{"embeddable":true,"href":"http:\/\/cordobadirecto.com\/index.php\/wp-json\/wp\/v2\/users\/1"}],"replies":[{"embeddable":true,"href":"http:\/\/cordobadirecto.com\/index.php\/wp-json\/wp\/v2\/comments?post=161981"}],"version-history":[{"count":0,"href":"http:\/\/cordobadirecto.com\/index.php\/wp-json\/wp\/v2\/posts\/161981\/revisions"}],"wp:featuredmedia":[{"embeddable":true,"href":"http:\/\/cordobadirecto.com\/index.php\/wp-json\/wp\/v2\/media\/161982"}],"wp:attachment":[{"href":"http:\/\/cordobadirecto.com\/index.php\/wp-json\/wp\/v2\/media?parent=161981"}],"wp:term":[{"taxonomy":"category","embeddable":true,"href":"http:\/\/cordobadirecto.com\/index.php\/wp-json\/wp\/v2\/categories?post=161981"},{"taxonomy":"post_tag","embeddable":true,"href":"http:\/\/cordobadirecto.com\/index.php\/wp-json\/wp\/v2\/tags?post=161981"}],"curies":[{"name":"wp","href":"https:\/\/api.w.org\/{rel}","templated":true}]}}