{"id":162031,"date":"2025-02-11T22:46:44","date_gmt":"2025-02-11T22:46:44","guid":{"rendered":"https:\/\/cordoba.gob.ar\/?p=73843"},"modified":"2025-02-11T22:46:44","modified_gmt":"2025-02-11T22:46:44","slug":"mas-de-350-personas-pasaron-por-el-stand-de-capem-en-el-encuentro-de-colectividades","status":"publish","type":"post","link":"http:\/\/cordobadirecto.com\/index.php\/2025\/02\/11\/mas-de-350-personas-pasaron-por-el-stand-de-capem-en-el-encuentro-de-colectividades\/","title":{"rendered":"M\u00e1s de 350 personas pasaron por el stand de CAPeM en el Encuentro de Colectividades"},"content":{"rendered":"<div><img src=\"http:\/\/cordobadirecto.com\/wp-content\/uploads\/2025\/02\/mas-de-350-personas-pasaron-por-el-stand-de-capem-en-el-encuentro-de-colectividades.jpg\" class=\"ff-og-image-inserted\"><\/div>\n<ul>\n<li><strong>El evento, que se llev\u00f3 a cabo en Alta Gracia, reuni\u00f3 a diversas colectividades que mostraron sus costumbres y gastronom\u00eda a los miles de visitantes.<\/strong><\/li>\n<li><strong><strong>El centro, brind\u00f3 asesoramiento a quienes se acercaron hasta la Carpa Cultural que se encontraba sobre La Costanera.<\/strong><\/strong><br \/>\n<hr>\n<\/li>\n<\/ul>\n<p>El Centro de Atenci\u00f3n a Personas Migrantes y Refugiadas de la Municipalidad de C\u00f3rdoba (CAPeM) particip\u00f3 por primera vez en el XXXVI del Encuentro Anual de Colectividades de Alta Gracia.<\/p>\n<p>En la carpa Cultural, ubicada a la margen del r\u00edo, el centro cont\u00f3 un stand en donde un equipo dependiente de la Secretar\u00eda de Integraci\u00f3n Regional y Vinculaci\u00f3n Institucional brind\u00f3 asesoramiento y orientaci\u00f3n migratoria, laboral y legal, a quienes visitaron el lugar.<\/p>\n<p>All\u00ed recibieron a m\u00e1s de 350 vecinos y vecinas que se acercaron para conocer las actividades que CAPeM realiza, adem\u00e1s de solicitar informaci\u00f3n sobre diversos tr\u00e1mites.<\/p>\n<p>El secretario de Integraci\u00f3n Regional y Vinculaci\u00f3n Institucional, Alberto Ambrosio, expres\u00f3:<em> \u201cLa presencia de la Secretar\u00eda y el CAPeM en este encuentro resalta el compromiso del intendente Passerini y de todo el gobierno de la ciudad de C\u00f3rdoba de trabajar en una sociedad integrada, reconociendo y respetando la cultura, la diversidad, los or\u00edgenes y el derecho de cada vecino; rechazando enf\u00e1ticamente cualquier tipo de discriminaci\u00f3n \u00e9tnica o ideol\u00f3gica\u201d<\/em>.<\/p>\n<p>Este encuentro, que tiene como objetivo principal reunir a personas de diferentes or\u00edgenes culturales y \u00e9tnicos para celebrar la multiculturalidad, resulta el escenario perfecto para que personas provenientes de otros pa\u00edses y que han elegido a la ciudad de C\u00f3rdoba como su lugar de residencia, puedan acceder a toda la informaci\u00f3n necesaria para obtener los beneficios que ayuden a mejorar su calidad de vida.<\/p>\n<p>Adem\u00e1s, las distintas colectividades participantes tienen la oportunidad de mostrar sus tradiciones, comida, m\u00fasica y danzas t\u00edpicas.<\/p>\n<p>La sede de CAPeM, que se encuentra en la calle Caseros 356, en la ciudad de C\u00f3rdoba y su horario de atenci\u00f3n es de lunes a viernes, de 08 a 14 horas, vio incrementada la visita de personas, que, habiendo conocido el lugar en el Encuentro de Colectividades, se acercaron para una asesor\u00eda m\u00e1s detallada.<\/p>\n<p>Desde la Municipalidad de C\u00f3rdoba a trav\u00e9s de la Secretar\u00eda de Integraci\u00f3n Regional y Vinculaci\u00f3n Institucional y especialmente desde CAPeM, inspirados en la visi\u00f3n del Intendente Daniel Passerini, se promueve la interculturalidad con una perspectiva integral de promoci\u00f3n y acceso a los derechos: un elemento distintivo de C\u00f3rdoba Capital, considerada hist\u00f3ricamente como ciudad receptora de migrantes provenientes de diferentes lugares del mundo.<\/p>\n<p>Para quienes deseen hacer consultas, pueden llegarse hasta la sede o bien a trav\u00e9s de las redes sociales, en donde es posible encontrarlos en Instagram y X como @\u200ccapemcba y por mail: <a href=\"mailto:capemcordoba@gmail.com\">capemcordoba@gmail.com<\/a>.<\/p>\n","protected":false},"excerpt":{"rendered":"<p>El evento, que se llev\u00f3 a cabo en Alta Gracia, reuni\u00f3 a diversas colectividades que mostraron sus costumbres y gastronom\u00eda a los miles de visitantes. El centro, brind\u00f3 asesoramiento a quienes se acercaron hasta la Carpa Cultural que se encontraba sobre La Costanera. El Centro de Atenci\u00f3n a Personas Migrantes y Refugiadas de la Municipalidad [&hellip;]<\/p>\n","protected":false},"author":1,"featured_media":162032,"comment_status":"closed","ping_status":"closed","sticky":false,"template":"","format":"standard","meta":[],"categories":[44],"tags":[],"_links":{"self":[{"href":"http:\/\/cordobadirecto.com\/index.php\/wp-json\/wp\/v2\/posts\/162031"}],"collection":[{"href":"http:\/\/cordobadirecto.com\/index.php\/wp-json\/wp\/v2\/posts"}],"about":[{"href":"http:\/\/cordobadirecto.com\/index.php\/wp-json\/wp\/v2\/types\/post"}],"author":[{"embeddable":true,"href":"http:\/\/cordobadirecto.com\/index.php\/wp-json\/wp\/v2\/users\/1"}],"replies":[{"embeddable":true,"href":"http:\/\/cordobadirecto.com\/index.php\/wp-json\/wp\/v2\/comments?post=162031"}],"version-history":[{"count":0,"href":"http:\/\/cordobadirecto.com\/index.php\/wp-json\/wp\/v2\/posts\/162031\/revisions"}],"wp:featuredmedia":[{"embeddable":true,"href":"http:\/\/cordobadirecto.com\/index.php\/wp-json\/wp\/v2\/media\/162032"}],"wp:attachment":[{"href":"http:\/\/cordobadirecto.com\/index.php\/wp-json\/wp\/v2\/media?parent=162031"}],"wp:term":[{"taxonomy":"category","embeddable":true,"href":"http:\/\/cordobadirecto.com\/index.php\/wp-json\/wp\/v2\/categories?post=162031"},{"taxonomy":"post_tag","embeddable":true,"href":"http:\/\/cordobadirecto.com\/index.php\/wp-json\/wp\/v2\/tags?post=162031"}],"curies":[{"name":"wp","href":"https:\/\/api.w.org\/{rel}","templated":true}]}}