{"id":162033,"date":"2025-02-11T20:25:44","date_gmt":"2025-02-11T20:25:44","guid":{"rendered":"https:\/\/cordoba.gob.ar\/?p=72438"},"modified":"2025-02-11T20:25:44","modified_gmt":"2025-02-11T20:25:44","slug":"la-municipalidad-de-cordoba-sumo-a-la-fundacion-moviendo-montanas-del-padre-oberlin-a-la-red-de-servicios-y-cuidados-en-salud-mental-y-adicciones-de-la-ciudad","status":"publish","type":"post","link":"http:\/\/cordobadirecto.com\/index.php\/2025\/02\/11\/la-municipalidad-de-cordoba-sumo-a-la-fundacion-moviendo-montanas-del-padre-oberlin-a-la-red-de-servicios-y-cuidados-en-salud-mental-y-adicciones-de-la-ciudad\/","title":{"rendered":"La Municipalidad de C\u00f3rdoba sum\u00f3 a la Fundaci\u00f3n Moviendo Monta\u00f1as del padre Oberl\u00edn a la red de servicios y cuidados en salud mental y adicciones de la ciudad"},"content":{"rendered":"<div><img src=\"http:\/\/cordobadirecto.com\/wp-content\/uploads\/2025\/02\/la-municipalidad-de-cordoba-sumo-a-la-fundacion-moviendo-montanas-del-padre-oberlin-a-la-red-de-servicios-y-cuidados-en-salud-mental-y-adicciones-de-la-ciudad.jpg\" class=\"ff-og-image-inserted\"><\/div>\n<ul class=\"ak-ul\">\n<li><strong>El intendente Daniel Passerini firm\u00f3 un convenio marco de cooperaci\u00f3n que incorpora al Centro de Acompa\u00f1amiento Comunitario \u201cH\u00e9ctor Oberlin\u201d, un espacio de referencia territorial para los vecinos de barrio Maldonado y alrededores.<\/strong><\/li>\n<\/ul>\n<hr>\n<p>La Municipalidad de C\u00f3rdoba contin\u00faa promoviendo un abordaje integral y comunitario de las problem\u00e1ticas asociadas a la salud mental y a los consumos problem\u00e1ticos. El enfoque busca conectar, integrar y humanizar a las instituciones de la sociedad en su trabajo junto al Estado.<\/p>\n<p>Como parte de las pol\u00edticas p\u00fablicas en la materia, el intendente Passerini y representantes de la Fundaci\u00f3n Moviendo Monta\u00f1as, firmaron un convenio de cooperaci\u00f3n, fortaleciendo el trabajo que desarrolla la organizaci\u00f3n sobre estas problem\u00e1ticas en barrio Maldonado y zonas aleda\u00f1as.<\/p>\n<p>El Centro de Acompa\u00f1amiento Comunitario \u201cH\u00e9ctor Guillermo Oberlin\u201dse sum\u00f3 para seguir integrando y expandiendo este entramado de espacios comunitarios, especializados en la orientaci\u00f3n y acompa\u00f1amiento de la Salud Mental y los Consumos Problem\u00e1ticos.<\/p>\n<p>\u201c<em>Es una alegr\u00eda poder firmar este acuerdo de colaboraci\u00f3n mutua con la Municipalidad de C\u00f3rdoba, con quien venimos trabajando hace varios a\u00f1os, compartiendo la misma mirada. Esto incluye la puesta en valor del edificio para poder brindar una mejor atenci\u00f3n, lo que nos pone muy felices<\/em>\u201d, expres\u00f3 el padre Mariano Oberl\u00edn.<\/p>\n<p>Por su parte, el subsecretario &nbsp;de Salud Mental y Adicciones, Lucas Torrice, manifesto: \u201c<em>Cuando el Estado se al\u00eda con estos dispositivos, recibe mucho m\u00e1s en t\u00e9rminos de asistencia, cobertura y por la capacidad de acompa\u00f1amiento comunitario que las organizaciones territoriales tienen en est\u00e1s problem\u00e1ticas, en lugares de la ciudad donde el Estado solo no alcanza<\/em>\u201d.<\/p>\n<p>Impulsado por el religioso, l\u00edder y referente de esta obra desde la Parroquia Crucifixi\u00f3n del Se\u00f1or, el Centro de Acompa\u00f1amiento Comunitario (CAC) tiene un largo camino recorrido acompa\u00f1ando a los j\u00f3venes y adolescentes inmersos en la problem\u00e1tica del consumo de sustancias.<\/p>\n<p>Este espacio es adem\u00e1s el lugar donde el intendente municipal ejerce cada s\u00e1bado y desde hace nueve a\u00f1os su rol de m\u00e9dico, prestando voluntariamente su servicio, atendiendo a aquellos vecinos que se encuentran atravesando momentos dif\u00edciles.<\/p>\n<p>El trabajo llevado a cabo por el padre Oberlin en este primer centro, fue el referente que inspir\u00f3 la realizaci\u00f3n de varios espacios municipales dedicados a la salud mental y a las adicciones.<\/p>\n<p><strong>Mayor alcance<\/strong><\/p>\n<p>A partir de la firma del convenio se podr\u00e1n estrechar lazos de cooperaci\u00f3n rec\u00edproca y v\u00ednculos de car\u00e1cter permanente, a los efectos de posibilitar el acceso a la salud de manera \u00edntegra, estableciendo un espacio que sea una referencia territorial de proximidad.<\/p>\n<p>De este modo, la fundaci\u00f3n se articula en una red conformada por todas las organizaciones de la sociedad civil, p\u00fablicas o privadas, las universidades, los distintos niveles del Estado (provincial, nacional y municipal) y que son parte del Consejo Municipal de Pol\u00edticas Integrales en Salud Mental y Consumos Problem\u00e1ticos (COPIPRED).<\/p>\n<p>Las mismas tienen una responsabilidad en el cuidado colectivo, tanto en la prevenci\u00f3n como en el abordaje de la salud mental y los consumos problem\u00e1ticos en diferentes sectores de la ciudad.<\/p>\n<p>A trav\u00e9s de un equipo interdisciplinario conformado por psic\u00f3logos, trabajadores sociales, psiquiatr\u00eda, psicopedagog\u00eda, nutrici\u00f3n y operadores terap\u00e9uticos, se brindar\u00e1 un espacio de orientaci\u00f3n y acompa\u00f1amiento a toda persona que se acerque atravesando una problem\u00e1tica asociada a la Salud Mental y\/o los Consumos Problem\u00e1ticos.<\/p>\n<p>En ese sitio los especialistas trabajar\u00e1n mediante abordajes individuales, familiares, grupales, de manera integral, interdisciplinaria y comunitaria. Tambi\u00e9n tendr\u00e1n la posibilidad de generar herramientas de prevenci\u00f3n, promoci\u00f3n y acompa\u00f1amiento de la Salud Integral de las personas, actuando con propuestas deportivas, art\u00edsticas, recreativas y de formaci\u00f3n en oficios, como as\u00ed tambi\u00e9n eventos sociales y acciones comunitarias, entre otras.<\/p>\n<p>La firma de este convenio, otorgar\u00e1 al centro no solo la incorporaci\u00f3n y la atenci\u00f3n de nuevos recursos humanos, sino tambi\u00e9n dar\u00e1 la posibilidad de implementar la Historia Cl\u00ednica \u00danica Digital. La herramienta facilitar\u00e1 el acceso a la informaci\u00f3n de cada paciente, como tambi\u00e9n el acceso a turnos, coloc\u00e1ndolo en un nivel de igualdad con el resto de los centros de atenci\u00f3n municipales.<\/p>\n<p>Durante el acto tambi\u00e9n se anunci\u00f3 el apoyo para la realizaci\u00f3n mejoras al actual edificio de la Fundaci\u00f3n.<\/p>\n<p><strong>Abordaje<\/strong><\/p>\n<p>El centro hace hincapi\u00e9 en la promoci\u00f3n humana, social y laboral, desde una perspectiva human\u00edstica y cristiana, de adolescentes y j\u00f3venes, especialmente de aquellos que se encuentren en situaciones de riesgo y vulnerabilidad social.<\/p>\n<p>La intervenci\u00f3n contempla distintas herramientas como el deporte, destac\u00e1ndose el futbol, la gimnasia y actividades art\u00edsticas como la orquesta sinf\u00f3nica, adem\u00e1s de talleres de oficios, herrer\u00eda, carpinter\u00eda, cocina y construcci\u00f3n, entre otros.<\/p>\n<p>Forma parte del proyecto de la Secretar\u00eda de Pol\u00edticas Integrales sobre Drogas de la Naci\u00f3n Argentina (SEDRONAR), adem\u00e1s de ser el primero en llevar el nombre de Centro de Acompa\u00f1amiento Comunitario. Bajo esa concepci\u00f3n une lo institucional y lo territorial comunitario, a trav\u00e9s de la contenci\u00f3n y otorgando herramientas necesarias para que los j\u00f3venes puedan desenvolverse dentro de la sociedad.<\/p>\n<p>De ese modo, dot\u00f3 de mayor alcance al trabajo preventivo y asistencial vinculado al cuidado de la salud mental y adicciones de la poblaci\u00f3n atendida.<\/p>\n","protected":false},"excerpt":{"rendered":"<p>El intendente Daniel Passerini firm\u00f3 un convenio marco de cooperaci\u00f3n que incorpora al Centro de Acompa\u00f1amiento Comunitario \u201cH\u00e9ctor Oberlin\u201d, un espacio de referencia territorial para los vecinos de barrio Maldonado y alrededores. La Municipalidad de C\u00f3rdoba contin\u00faa promoviendo un abordaje integral y comunitario de las problem\u00e1ticas asociadas a la salud mental y a los consumos [&hellip;]<\/p>\n","protected":false},"author":1,"featured_media":162034,"comment_status":"closed","ping_status":"closed","sticky":false,"template":"","format":"standard","meta":[],"categories":[44],"tags":[],"_links":{"self":[{"href":"http:\/\/cordobadirecto.com\/index.php\/wp-json\/wp\/v2\/posts\/162033"}],"collection":[{"href":"http:\/\/cordobadirecto.com\/index.php\/wp-json\/wp\/v2\/posts"}],"about":[{"href":"http:\/\/cordobadirecto.com\/index.php\/wp-json\/wp\/v2\/types\/post"}],"author":[{"embeddable":true,"href":"http:\/\/cordobadirecto.com\/index.php\/wp-json\/wp\/v2\/users\/1"}],"replies":[{"embeddable":true,"href":"http:\/\/cordobadirecto.com\/index.php\/wp-json\/wp\/v2\/comments?post=162033"}],"version-history":[{"count":0,"href":"http:\/\/cordobadirecto.com\/index.php\/wp-json\/wp\/v2\/posts\/162033\/revisions"}],"wp:featuredmedia":[{"embeddable":true,"href":"http:\/\/cordobadirecto.com\/index.php\/wp-json\/wp\/v2\/media\/162034"}],"wp:attachment":[{"href":"http:\/\/cordobadirecto.com\/index.php\/wp-json\/wp\/v2\/media?parent=162033"}],"wp:term":[{"taxonomy":"category","embeddable":true,"href":"http:\/\/cordobadirecto.com\/index.php\/wp-json\/wp\/v2\/categories?post=162033"},{"taxonomy":"post_tag","embeddable":true,"href":"http:\/\/cordobadirecto.com\/index.php\/wp-json\/wp\/v2\/tags?post=162033"}],"curies":[{"name":"wp","href":"https:\/\/api.w.org\/{rel}","templated":true}]}}