{"id":162057,"date":"2025-02-11T18:48:44","date_gmt":"2025-02-11T18:48:44","guid":{"rendered":"https:\/\/www.ole.com.ar\/autos\/test-formula-1-jerez-dela-fromntera-alpine-colapinto-banco_0_ZoK5K9TL2x.html"},"modified":"2025-02-11T18:48:44","modified_gmt":"2025-02-11T18:48:44","slug":"alpine-manda-al-banco-a-colapinto-en-los-tests-de-jerez-de-la-frontera","status":"publish","type":"post","link":"http:\/\/cordobadirecto.com\/index.php\/2025\/02\/11\/alpine-manda-al-banco-a-colapinto-en-los-tests-de-jerez-de-la-frontera\/","title":{"rendered":"Alpine manda al banco a Colapinto en los tests de Jerez de la Frontera"},"content":{"rendered":"<p><time class=\"createDate\" datetime=\"2025-02-11T15:48:44-03:00\">11\/02\/2025 15:48hs.<\/time><\/p>\n<div id=\"storyBody\">\n<div class=\"custom-text \" readability=\"35.466898954704\">\n<p>La <strong><a href=\"https:\/\/www.ole.com.ar\/tema\/formula-1.html\" title=\"F\u00f3rmula 1\" alt=\"F\u00f3rmula 1\" class=\"slug\">F\u00f3rmula 1<\/a><\/strong> est\u00e1 a menos de un mes de poner primera oficialmente en el circuito de Melbourne, Australia, el 16 de marzo, y por eso hace ratos los equipos se est\u00e1n preparando, ya directamente en la pista. Por eso<strong><a href=\"https:\/\/www.ole.com.ar\/tema\/franco-colapinto.html\" title=\"Franco Colapinto\" alt=\"Franco Colapinto\" class=\"slug\"> Franco Colapinto<\/a><\/strong> ya gir\u00f3 en <strong>Alpine<\/strong>, que volver\u00e1 a hacerlo en Espa\u00f1a.<\/p>\n<\/div>\n<div class=\"custom-text \" readability=\"42\">\n<p>La escuder\u00eda francesa llev\u00f3 a Barcelona su modelo del 2023, el A523, los cuales manejaron el argentino y el australiano <strong>Jack Doohan<\/strong>, de 22 a\u00f1os, uno m\u00e1s que el bonaerense. Seg\u00fan reportes de la prensa francesa, Fran result\u00f3 de 2 a 5 d\u00e9cimas m\u00e1s r\u00e1pido que el conductor titular de Alpine, quien ya desde la \u00faltima carrera del 2024 reemplaz\u00f3 a <strong>Esteban Ocon, hoy en Haas.<\/strong><\/p>\n<\/div>\n<div class=\"sc-e7b891c4-0 ifHnQL image-embed\"><img alt=\"Gasly, Briatore, asesor de Alpine, y Doohan, en el GP de Abu Dhabi 2024.\" loading=\"lazy\" width=\"720\" height=\"100\" decoding=\"async\" data-nimg=\"1\" src=\"http:\/\/cordobadirecto.com\/wp-content\/uploads\/2025\/02\/alpine-manda-al-banco-a-colapinto-en-los-tests-de-jerez-de-la-frontera.jpg\"><span class=\"epigraphe\">Gasly, Briatore, asesor de Alpine, y Doohan, en el GP de Abu Dhabi 2024.<\/span><\/div>\n<div class=\"custom-text \" readability=\"39\">\n<p>Doohan necesita demostrar velocidad para que Colapinto no lo pase y se quede con su butaca, pese a que el latino es piloto suplente de la escuder\u00eda. Por eso, quiz\u00e1, el hijo de Mick Doohan, multicampe\u00f3n de motociclismo, <strong>volver\u00e1 a subirse al monoplaza en estos d\u00edas<\/strong>.<\/p>\n<\/div>\n<p><h2>Las pruebas de Alpine en Jerez de la Frontera<\/h2>\n<\/p>\n<div class=\"custom-text \" readability=\"39\">\n<p>Ya el equipo se moviliz\u00f3 hacia el aut\u00f3dromo del este de Espa\u00f1a porque este mi\u00e9rcoles y jueves ser\u00e1 una de las tres escuder\u00edas que participar\u00e1n en las pruebas de los neum\u00e1ticos Pirelli, esta vez con el modelo del 2024, el A524. Y seg\u00fan lo que publica Motorsport, <strong>ir\u00e1n Doohan y el otro piloto titular, Pierre Gasly. O sea que Colapinto se queda en el banco<\/strong>&#8230; <\/p>\n<\/div>\n<div class=\"sc-e7b891c4-0 ifHnQL image-embed\"><img alt=\"Franco Colapinto prob\u00f3 por primera vez un auto de Alpine en Barcelona.\" loading=\"lazy\" width=\"720\" height=\"100\" decoding=\"async\" data-nimg=\"1\" src=\"http:\/\/cordobadirecto.com\/wp-content\/uploads\/2025\/02\/alpine-manda-al-banco-a-colapinto-en-los-tests-de-jerez-de-la-frontera-1.jpg\"><span class=\"epigraphe\">Franco Colapinto prob\u00f3 por primera vez un auto de Alpine en Barcelona.<\/span><\/div>\n<div class=\"custom-text \" readability=\"32\">\n<p>Alpine girar\u00e1 los dos d\u00edas mientras que McLaren y Williams lo har\u00e1n un d\u00eda cada uno.<\/p>\n<\/div>\n<div class=\"custom-text \" readability=\"39\">\n<p>El argentino tendr\u00eda una chance m\u00e1s para demostrar su velocidad y que <strong>en Alpine le pinten el 43 en lugar del 7 de Doohan al auto<\/strong>, el 2 y 3 de marzo en Bahrein, donde el equipo realizar\u00e1 las \u00faltimas pruebas, luego de los tests oficiales del 26 al 28 pr\u00f3ximos en el mismo trazado asi\u00e1tico, pero ya con todos los equipos.<\/p>\n<\/div>\n<div class=\"custom-text \" readability=\"37\">\n<p>Otra posibilidad de ver a Fran en sociedad es <strong>el pr\u00f3ximo martes 18 de febrero, durante el lanzamiento de la temporada 75a de la F\u00f3rmula 1<\/strong> en el estadio O2 Arena de Londres, donde las diez escuder\u00edas, pilotos y jefes de equipo se presentar\u00e1n en sociedad.<\/p>\n<\/div>\n<div class=\"sc-a7166897-0 eoLsBE\" readability=\"7\">\n<section readability=\"4\"><picture><img alt=\"El curioso v\u00ednculo con el f\u00fatbol de Flavio Briatore, el nuevo jefe de Franco Colapinto en Alpine\" loading=\"lazy\" width=\"290\" height=\"290\" decoding=\"async\" data-nimg=\"1\" src=\"http:\/\/cordobadirecto.com\/wp-content\/uploads\/2025\/02\/alpine-manda-al-banco-a-colapinto-en-los-tests-de-jerez-de-la-frontera-2.jpg\"><\/picture>\n<p><span>Mir\u00e1 tambi\u00e9n<\/span><\/p>\n<hr>\n<h3>El curioso v\u00ednculo con el f\u00fatbol de Flavio Briatore, el nuevo jefe de Franco Colapinto en Alpine<\/h3>\n<\/p>\n<\/section>\n<\/div>\n<div class=\"sc-a7166897-0 eoLsBE\" readability=\"6\">\n<section readability=\"2\"><picture><img alt=\"Colapinto ya le est\u00e1 sacando ventajas a Doohan en Alpine\" loading=\"lazy\" width=\"290\" height=\"290\" decoding=\"async\" data-nimg=\"1\" src=\"http:\/\/cordobadirecto.com\/wp-content\/uploads\/2025\/02\/alpine-manda-al-banco-a-colapinto-en-los-tests-de-jerez-de-la-frontera-3.jpg\"><\/picture>\n<p><span>Mir\u00e1 tambi\u00e9n<\/span><\/p>\n<hr>\n<h3>Colapinto ya le est\u00e1 sacando ventajas a Doohan en Alpine<\/h3>\n<\/p>\n<\/section>\n<\/div>\n<div class=\"sc-a7166897-0 eoLsBE\" readability=\"6.5\">\n<section readability=\"3\"><picture><img alt=\"No es Franco Colapinto: qui\u00e9n es el piloto sudamericano que es furor en el automovilismo de Estados Unidos\" loading=\"lazy\" width=\"290\" height=\"290\" decoding=\"async\" data-nimg=\"1\" src=\"http:\/\/cordobadirecto.com\/wp-content\/uploads\/2025\/02\/alpine-manda-al-banco-a-colapinto-en-los-tests-de-jerez-de-la-frontera-4.jpg\"><\/picture>\n<p><span>Mir\u00e1 tambi\u00e9n<\/span><\/p>\n<hr>\n<h3>No es Franco Colapinto: qui\u00e9n es el piloto sudamericano que es furor en el automovilismo de Estados Unidos<\/h3>\n<\/p>\n<\/section>\n<\/div>\n<\/div>\n","protected":false},"excerpt":{"rendered":"<p>11\/02\/2025 15:48hs. La F\u00f3rmula 1 est\u00e1 a menos de un mes de poner primera oficialmente en el circuito de Melbourne, Australia, el 16 de marzo, y por eso hace ratos los equipos se est\u00e1n preparando, ya directamente en la pista. Por eso Franco Colapinto ya gir\u00f3 en Alpine, que volver\u00e1 a hacerlo en Espa\u00f1a. La [&hellip;]<\/p>\n","protected":false},"author":1,"featured_media":162058,"comment_status":"closed","ping_status":"closed","sticky":false,"template":"","format":"standard","meta":[],"categories":[21],"tags":[],"_links":{"self":[{"href":"http:\/\/cordobadirecto.com\/index.php\/wp-json\/wp\/v2\/posts\/162057"}],"collection":[{"href":"http:\/\/cordobadirecto.com\/index.php\/wp-json\/wp\/v2\/posts"}],"about":[{"href":"http:\/\/cordobadirecto.com\/index.php\/wp-json\/wp\/v2\/types\/post"}],"author":[{"embeddable":true,"href":"http:\/\/cordobadirecto.com\/index.php\/wp-json\/wp\/v2\/users\/1"}],"replies":[{"embeddable":true,"href":"http:\/\/cordobadirecto.com\/index.php\/wp-json\/wp\/v2\/comments?post=162057"}],"version-history":[{"count":0,"href":"http:\/\/cordobadirecto.com\/index.php\/wp-json\/wp\/v2\/posts\/162057\/revisions"}],"wp:featuredmedia":[{"embeddable":true,"href":"http:\/\/cordobadirecto.com\/index.php\/wp-json\/wp\/v2\/media\/162058"}],"wp:attachment":[{"href":"http:\/\/cordobadirecto.com\/index.php\/wp-json\/wp\/v2\/media?parent=162057"}],"wp:term":[{"taxonomy":"category","embeddable":true,"href":"http:\/\/cordobadirecto.com\/index.php\/wp-json\/wp\/v2\/categories?post=162057"},{"taxonomy":"post_tag","embeddable":true,"href":"http:\/\/cordobadirecto.com\/index.php\/wp-json\/wp\/v2\/tags?post=162057"}],"curies":[{"name":"wp","href":"https:\/\/api.w.org\/{rel}","templated":true}]}}