{"id":162061,"date":"2025-02-12T08:10:57","date_gmt":"2025-02-12T08:10:57","guid":{"rendered":"https:\/\/www.ole.com.ar\/futbol-ascenso\/ascenso-primera-nacional-campeon-almagro_0_aKHfgB4ttq.html"},"modified":"2025-02-12T08:10:57","modified_gmt":"2025-02-12T08:10:57","slug":"el-jugador-con-experiencia-en-copa-libertadores-que-es-nuevo-refuerzo-de-almagro","status":"publish","type":"post","link":"http:\/\/cordobadirecto.com\/index.php\/2025\/02\/12\/el-jugador-con-experiencia-en-copa-libertadores-que-es-nuevo-refuerzo-de-almagro\/","title":{"rendered":"El jugador con experiencia en Copa Libertadores que es nuevo refuerzo de Almagro"},"content":{"rendered":"<p><time class=\"createDate\" datetime=\"2025-02-11T19:04:09-03:00\">11\/02\/2025 19:04hs.<\/time><\/p>\n<div id=\"storyBody\">\n<div class=\"custom-text \" readability=\"32.978102189781\">\n<p>La <a href=\"https:\/\/www.ole.com.ar\/tema\/primera-nacional.html\" title=\"Primera Nacional\" alt=\"Primera Nacional\" class=\"slug\">Primera Nacional<\/a> empieza a cerrar sus \u00faltimos movimientos en el mercado de pases. A pesar de que ya se disput\u00f3 la primera fecha, los equipos siguen delineando los planteles para afrontar el torneo. Y en este contexto,<strong> uno de los equipos que se movi\u00f3 fuerte es <a href=\"https:\/\/www.ole.com.ar\/tema\/almagro.html\" title=\"Almagro\" alt=\"Almagro\" class=\"slug\">Almagro<\/a><\/strong>.<\/p>\n<\/div>\n<div class=\"custom-text \" readability=\"34.822299651568\">\n<p>Claro, es que <strong>el Tricolor cerr\u00f3 la llegada de <a href=\"https:\/\/www.ole.com.ar\/tema\/angel-gonzalez.html\" title=\"Angel Gonz\u00e1lez\" alt=\"Angel Gonz\u00e1lez\" class=\"slug\">\u00c1ngel Gonz\u00e1lez<\/a><\/strong>, volante de 30 a\u00f1os con pasos importantes por Godoy Cruz, Estudiantes y Lan\u00fas. El \u00faltimo club en el que jug\u00f3 fue <a href=\"https:\/\/www.ole.com.ar\/tema\/penarol.html\" title=\"Pe\u00f1arol\" alt=\"Pe\u00f1arol\" class=\"slug\">Pe\u00f1arol<\/a>, pero llega libre tras desvincularse de Liga de Quito y puso la firma en hasta diciembre de 2025.<\/p>\n<\/div>\n<div class=\"custom-embedhtml\" readability=\"8.8563829787234\">\n<blockquote class=\"twitter-tweet\" readability=\"11.51329787234\">\n<p lang=\"es\" dir=\"ltr\">\u00a1Un Angel tricolor!<\/p>\n<p>\ud83e\udd1d\ud83c\udffc \u00c1ngel Gonz\u00e1lez puso la firma y es nuevo jugador del Club Almagro.<\/p>\n<p>\u270d\ud83c\udffc El extremo derecho de 30 a\u00f1os lleg\u00f3 libre y su ultimo club fue Pe\u00f1arol de Uruguay. Firma por un a\u00f1o.<\/p>\n<p>\u26bd\ufe0f Jug\u00f3 en Liga de Quito de Ecuador, Estudiantes de La Plata y Lanus, entre otros.\u2026 <a href=\"https:\/\/t.co\/NyQ9nT1T3W\">pic.twitter.com\/NyQ9nT1T3W<\/a><\/p>\n<p>\u2014 Club Almagro (@almagroficial) <a href=\"https:\/\/twitter.com\/almagroficial\/status\/1889104592627192209?ref_src=twsrc%5Etfw\">February 11, 2025<\/a><\/p><\/blockquote><\/div>\n<div class=\"custom-text \" readability=\"36\">\n<p>En el a\u00f1o que visti\u00f3 la camiseta del Manya, <strong>Gonz\u00e1lez apenas disput\u00f3 24 partidos y no convrirti\u00f3 goles<\/strong>. Tras finalizar su pr\u00e9stamo en Uruguay, no fue tenido en cuenta por el conjunto ecuatoriano y termin\u00f3 rescindiendo su v\u00ednculo en medio de un reclamo salarial.<\/p>\n<\/div>\n<p><h2><strong>La carrera de Gonz\u00e1lez<\/strong><\/h2>\n<\/p>\n<div class=\"custom-text \" readability=\"35.046583850932\">\n<p>Debut\u00f3 en el Tomba de la mano de Daniel Oldr\u00e1, donde tuvo su mejor nivel. <strong>Jug\u00f3 m\u00e1s de 100 partidos en el conjunto mendocino<\/strong> -incluyendo participaci\u00f3n en <a href=\"https:\/\/www.ole.com.ar\/tema\/copa-libertadores.html\" title=\"Copa Libertadores\" alt=\"Copa Libertadores\" class=\"slug\">Copa Libertadores<\/a>&#8211; y convirti\u00f3 16 goles. Su buen nivel llam\u00f3 la atenci\u00f3n de distintos clubes de Primera, pero fue Estudiantes el que se qued\u00f3 con sus servicios. <\/p>\n<\/div>\n<div class=\"sc-e7b891c4-0 ifHnQL image-embed\"><img alt=\"Gonz\u00e1lez tuvo un gran paso por el Tomba.\" loading=\"lazy\" width=\"720\" height=\"100\" decoding=\"async\" data-nimg=\"1\" src=\"http:\/\/cordobadirecto.com\/wp-content\/uploads\/2025\/02\/el-jugador-con-experiencia-en-copa-libertadores-que-es-nuevo-refuerzo-de-almagro.jpg\"><span class=\"epigraphe\">Gonz\u00e1lez tuvo un gran paso por el Tomba.<\/span><\/div>\n<div class=\"custom-text \" readability=\"36\">\n<p>En el Pincha, ostenta la particular marca de ser<strong> el primer jugador en convertir un gol en la vuelta al Estadio UNO<\/strong>: el 30 de noviembre de 2019, convirti\u00f3 el gol del conjunto platense en el empate ante Atl\u00e9tico Tucum\u00e1n.<\/p>\n<\/div>\n<div class=\"custom-text \" readability=\"39\">\n<p>En el f\u00fatbol argentino tambi\u00e9n<strong> pas\u00f3 por Lan\u00fas <\/strong>-45 partidos-, mientras que en el exterior, tal lo mencionado, <strong>visti\u00f3 las camisetas de Liga de Quito y Pe\u00f1arol<\/strong>. En el conjunto ecuatoriano jug\u00f3 parte de la Copa Sudamericana 2023, la cual gan\u00f3 aquel equipo de Luis Zubeld\u00eda -se hab\u00eda ido al Manya dos meses antes-.<\/p>\n<\/div>\n<div class=\"sc-e7b891c4-0 ifHnQL image-embed\"><img alt=\"Angel Gonz\u00e1lez en su paso por Liga.\" loading=\"lazy\" width=\"720\" height=\"100\" decoding=\"async\" data-nimg=\"1\" src=\"http:\/\/cordobadirecto.com\/wp-content\/uploads\/2025\/02\/el-jugador-con-experiencia-en-copa-libertadores-que-es-nuevo-refuerzo-de-almagro-1.jpg\"><span class=\"epigraphe\">Angel Gonz\u00e1lez en su paso por Liga.<\/span><\/div>\n<p><h2><strong>El mercado de pases de Almagro<\/strong><\/h2>\n<\/p>\n<div class=\"custom-text \" readability=\"50\">\n<p>Gonz\u00e1lez se convirti\u00f3 en el<strong> <\/strong>d\u00e9cimo octavo refuerzo del equipo de Lucas Sparapani. Los dem\u00e1s son<strong> Lucas Baldunciel, Leandro Figueredo, Thiago L\u00f3pez, Ramiro R\u00edos, Facundo Quiroga, Maximiliano Luayza, Marcos Pinto, Nazareno Diosquez, Carlo Lattanzio, Ariel Chaves, Ulises Yegros, Patricio Cucchi, Juli\u00e1n Vitale, Mart\u00edn Garc\u00eda, Aldo Rimbeliti, Axel Rodr\u00edguez y Tom\u00e1s Castro Ponce<\/strong>.<\/p>\n<\/div>\n<div class=\"custom-text \" readability=\"52\">\n<p>Por otra parte, <strong>Luis Leal, Laureano Troncoso, Nahuel Basualdo, Francisco Mattia, Alan Alegre, Denis Brizuela, Gonzalo Silva, Luca Falabella, Franco Vedoya, Joaqu\u00edn Ib\u00e1\u00f1ez, Laureano Rodr\u00edguez, Diego V\u00e1squez, Mateo Montenegro, Mat\u00edas Molina, Arian Giordano, Juan Mendoza, Tom\u00e1s Di Gregorio y Thiago Mascarell <\/strong>son los que dejaron el club.<\/p>\n<\/div>\n<div class=\"sc-a7166897-0 eoLsBE\" readability=\"7\">\n<section readability=\"4\"><picture><img alt=\"Con la presencia de Bochini, Atlanta se hizo fuerte de local y le gan\u00f3 a Deportivo Madryn\" loading=\"lazy\" width=\"290\" height=\"290\" decoding=\"async\" data-nimg=\"1\" src=\"http:\/\/cordobadirecto.com\/wp-content\/uploads\/2025\/02\/el-jugador-con-experiencia-en-copa-libertadores-que-es-nuevo-refuerzo-de-almagro-2.jpg\"><\/picture>\n<p><span>Mir\u00e1 tambi\u00e9n<\/span><\/p>\n<hr>\n<h3>Con la presencia de Bochini, Atlanta se hizo fuerte de local y le gan\u00f3 a Deportivo Madryn<\/h3>\n<\/p>\n<\/section>\n<\/div>\n<div class=\"sc-a7166897-0 eoLsBE\" readability=\"6\">\n<section readability=\"2\"><picture><img alt=\"Ferro busc\u00f3 por todos lados pero no pudo con G\u00fcemes \" loading=\"lazy\" width=\"290\" height=\"290\" decoding=\"async\" data-nimg=\"1\" src=\"http:\/\/cordobadirecto.com\/wp-content\/uploads\/2025\/02\/el-jugador-con-experiencia-en-copa-libertadores-que-es-nuevo-refuerzo-de-almagro-3.jpg\"><\/picture>\n<p><span>Mir\u00e1 tambi\u00e9n<\/span><\/p>\n<hr>\n<h3>Ferro busc\u00f3 por todos lados pero no pudo con G\u00fcemes <\/h3>\n<\/p>\n<\/section>\n<\/div>\n<\/div>\n","protected":false},"excerpt":{"rendered":"<p>11\/02\/2025 19:04hs. La Primera Nacional empieza a cerrar sus \u00faltimos movimientos en el mercado de pases. A pesar de que ya se disput\u00f3 la primera fecha, los equipos siguen delineando los planteles para afrontar el torneo. Y en este contexto, uno de los equipos que se movi\u00f3 fuerte es Almagro. Claro, es que el Tricolor [&hellip;]<\/p>\n","protected":false},"author":1,"featured_media":162062,"comment_status":"closed","ping_status":"closed","sticky":false,"template":"","format":"standard","meta":[],"categories":[21],"tags":[],"_links":{"self":[{"href":"http:\/\/cordobadirecto.com\/index.php\/wp-json\/wp\/v2\/posts\/162061"}],"collection":[{"href":"http:\/\/cordobadirecto.com\/index.php\/wp-json\/wp\/v2\/posts"}],"about":[{"href":"http:\/\/cordobadirecto.com\/index.php\/wp-json\/wp\/v2\/types\/post"}],"author":[{"embeddable":true,"href":"http:\/\/cordobadirecto.com\/index.php\/wp-json\/wp\/v2\/users\/1"}],"replies":[{"embeddable":true,"href":"http:\/\/cordobadirecto.com\/index.php\/wp-json\/wp\/v2\/comments?post=162061"}],"version-history":[{"count":0,"href":"http:\/\/cordobadirecto.com\/index.php\/wp-json\/wp\/v2\/posts\/162061\/revisions"}],"wp:featuredmedia":[{"embeddable":true,"href":"http:\/\/cordobadirecto.com\/index.php\/wp-json\/wp\/v2\/media\/162062"}],"wp:attachment":[{"href":"http:\/\/cordobadirecto.com\/index.php\/wp-json\/wp\/v2\/media?parent=162061"}],"wp:term":[{"taxonomy":"category","embeddable":true,"href":"http:\/\/cordobadirecto.com\/index.php\/wp-json\/wp\/v2\/categories?post=162061"},{"taxonomy":"post_tag","embeddable":true,"href":"http:\/\/cordobadirecto.com\/index.php\/wp-json\/wp\/v2\/tags?post=162061"}],"curies":[{"name":"wp","href":"https:\/\/api.w.org\/{rel}","templated":true}]}}