{"id":162067,"date":"2025-02-12T07:21:03","date_gmt":"2025-02-12T07:21:03","guid":{"rendered":"http:\/\/cordobadirecto.com\/index.php\/2025\/02\/12\/hartazgo-en-el-campo-por-la-presion-impositiva-de-las-provincias-en-cordoba-y-santa-fe\/"},"modified":"2025-02-12T07:21:03","modified_gmt":"2025-02-12T07:21:03","slug":"hartazgo-en-el-campo-por-la-presion-impositiva-de-las-provincias-en-cordoba-y-santa-fe","status":"publish","type":"post","link":"http:\/\/cordobadirecto.com\/index.php\/2025\/02\/12\/hartazgo-en-el-campo-por-la-presion-impositiva-de-las-provincias-en-cordoba-y-santa-fe\/","title":{"rendered":"Hartazgo en el campo por la presi\u00f3n impositiva de las provincias: en <b>C\u00f3rdoba<\/b> y Santa Fe &#8230;"},"content":{"rendered":"<p>En el documento, acusan al gobierno de falta de empat\u00eda con un sector golpeado por la sequ\u00eda y la crisis <b>econ\u00f3mica<\/b>, y cuestionan el manejo de los&nbsp;&#8230; <\/p>\n","protected":false},"excerpt":{"rendered":"<p>En el documento, acusan al gobierno de falta de empat\u00eda con un sector golpeado por la sequ\u00eda y la crisis econ\u00f3mica, y cuestionan el manejo de los&nbsp;&#8230;<\/p>\n","protected":false},"author":1,"featured_media":0,"comment_status":"closed","ping_status":"closed","sticky":false,"template":"","format":"standard","meta":[],"categories":[40],"tags":[],"_links":{"self":[{"href":"http:\/\/cordobadirecto.com\/index.php\/wp-json\/wp\/v2\/posts\/162067"}],"collection":[{"href":"http:\/\/cordobadirecto.com\/index.php\/wp-json\/wp\/v2\/posts"}],"about":[{"href":"http:\/\/cordobadirecto.com\/index.php\/wp-json\/wp\/v2\/types\/post"}],"author":[{"embeddable":true,"href":"http:\/\/cordobadirecto.com\/index.php\/wp-json\/wp\/v2\/users\/1"}],"replies":[{"embeddable":true,"href":"http:\/\/cordobadirecto.com\/index.php\/wp-json\/wp\/v2\/comments?post=162067"}],"version-history":[{"count":0,"href":"http:\/\/cordobadirecto.com\/index.php\/wp-json\/wp\/v2\/posts\/162067\/revisions"}],"wp:attachment":[{"href":"http:\/\/cordobadirecto.com\/index.php\/wp-json\/wp\/v2\/media?parent=162067"}],"wp:term":[{"taxonomy":"category","embeddable":true,"href":"http:\/\/cordobadirecto.com\/index.php\/wp-json\/wp\/v2\/categories?post=162067"},{"taxonomy":"post_tag","embeddable":true,"href":"http:\/\/cordobadirecto.com\/index.php\/wp-json\/wp\/v2\/tags?post=162067"}],"curies":[{"name":"wp","href":"https:\/\/api.w.org\/{rel}","templated":true}]}}