{"id":162068,"date":"2025-02-11T22:45:00","date_gmt":"2025-02-11T22:45:00","guid":{"rendered":"https:\/\/cordoba.gob.ar\/?p=73841"},"modified":"2025-02-11T22:45:00","modified_gmt":"2025-02-11T22:45:00","slug":"cinco-verdulerias-y-carnicerias-fueron-clausuradas-por-no-estar-inscriptas-como-grandes-generadores-de-residuos","status":"publish","type":"post","link":"http:\/\/cordobadirecto.com\/index.php\/2025\/02\/11\/cinco-verdulerias-y-carnicerias-fueron-clausuradas-por-no-estar-inscriptas-como-grandes-generadores-de-residuos\/","title":{"rendered":"Cinco verduler\u00edas y carnicer\u00edas fueron clausuradas por no estar inscriptas como Grandes Generadores de Residuos"},"content":{"rendered":"<div><img src=\"http:\/\/cordobadirecto.com\/wp-content\/uploads\/2025\/02\/cinco-verdulerias-y-carnicerias-fueron-clausuradas-por-no-estar-inscriptas-como-grandes-generadores-de-residuos.jpg\" class=\"ff-og-image-inserted\"><\/div>\n<ul class=\"ak-ul\">\n<li><strong>La habilitaci\u00f3n es necesaria para evitar la acumulaci\u00f3n de residuos en la v\u00eda p\u00fablica.<\/strong><\/li>\n<\/ul>\n<hr>\n<p>En un operativo realizado por el Instituto de Protecci\u00f3n Ambiental y Animal, la Municipalidad de C\u00f3rdoba clausur\u00f3 cinco verduler\u00edas y carnicer\u00edas ubicadas en diferentes puntos de la ciudad.<\/p>\n<p>Los negocios no estaban inscriptos en el Registro de Grandes Generadores de Residuos, requerimiento esencial para evitar la acumulaci\u00f3n de residuos en la v\u00eda p\u00fablica.<\/p>\n<p>Los Grandes Generadores de RSU son todos aquellos que generen o produzcan residuos s\u00f3lidos urbanos no residenciales, como consecuencia de su actividad econ\u00f3mica, comercial, asistencial, sanitaria, industrial o institucional.<\/p>\n<p>No pueden utilizar el servicio p\u00fablico de recolecci\u00f3n de residuos y deben contar con un plan propio de gesti\u00f3n de residuos.<\/p>\n<p>Las verduler\u00edas clausuradas fueron:<\/p>\n<ul class=\"ak-ul\">\n<li>Verduler\u00eda Amanita, Duarte Quir\u00f3s 967.<\/li>\n<li>Carnes Frutas y Verduras Lelo, Duarte Quir\u00f3s 1749.<\/li>\n<li>Carnicer\u00eda Los Noninos, Av. Fuerza A\u00e9rea 3809.<\/li>\n<li>Verduler\u00eda La Boutique, Av. Bulnes 2106.<\/li>\n<li>Verduler\u00eda Bulnes, Av. Bulnes esq. Av. Leandro N. Alem.<\/li>\n<\/ul>\n<p>Las irregularidades fueron detectadas a partir de denuncias presentadas por vecinos de la zona, quienes alertaron sobre la acumulaci\u00f3n de residuos en la v\u00eda p\u00fablica por parte de estos establecimientos.<\/p>\n<p>La implementaci\u00f3n de buenas pr\u00e1cticas por parte de los grandes generadores, sumada al control permanente del municipio, es clave para mantener una ciudad m\u00e1s limpia y sustentable.<\/p>\n","protected":false},"excerpt":{"rendered":"<p>La habilitaci\u00f3n es necesaria para evitar la acumulaci\u00f3n de residuos en la v\u00eda p\u00fablica. En un operativo realizado por el Instituto de Protecci\u00f3n Ambiental y Animal, la Municipalidad de C\u00f3rdoba clausur\u00f3 cinco verduler\u00edas y carnicer\u00edas ubicadas en diferentes puntos de la ciudad. Los negocios no estaban inscriptos en el Registro de Grandes Generadores de Residuos, [&hellip;]<\/p>\n","protected":false},"author":1,"featured_media":162069,"comment_status":"closed","ping_status":"closed","sticky":false,"template":"","format":"standard","meta":[],"categories":[44],"tags":[],"_links":{"self":[{"href":"http:\/\/cordobadirecto.com\/index.php\/wp-json\/wp\/v2\/posts\/162068"}],"collection":[{"href":"http:\/\/cordobadirecto.com\/index.php\/wp-json\/wp\/v2\/posts"}],"about":[{"href":"http:\/\/cordobadirecto.com\/index.php\/wp-json\/wp\/v2\/types\/post"}],"author":[{"embeddable":true,"href":"http:\/\/cordobadirecto.com\/index.php\/wp-json\/wp\/v2\/users\/1"}],"replies":[{"embeddable":true,"href":"http:\/\/cordobadirecto.com\/index.php\/wp-json\/wp\/v2\/comments?post=162068"}],"version-history":[{"count":0,"href":"http:\/\/cordobadirecto.com\/index.php\/wp-json\/wp\/v2\/posts\/162068\/revisions"}],"wp:featuredmedia":[{"embeddable":true,"href":"http:\/\/cordobadirecto.com\/index.php\/wp-json\/wp\/v2\/media\/162069"}],"wp:attachment":[{"href":"http:\/\/cordobadirecto.com\/index.php\/wp-json\/wp\/v2\/media?parent=162068"}],"wp:term":[{"taxonomy":"category","embeddable":true,"href":"http:\/\/cordobadirecto.com\/index.php\/wp-json\/wp\/v2\/categories?post=162068"},{"taxonomy":"post_tag","embeddable":true,"href":"http:\/\/cordobadirecto.com\/index.php\/wp-json\/wp\/v2\/tags?post=162068"}],"curies":[{"name":"wp","href":"https:\/\/api.w.org\/{rel}","templated":true}]}}